{"id":215610,"date":"2025-11-30T22:44:33","date_gmt":"2025-12-01T02:44:33","guid":{"rendered":"https:\/\/www.elsinodaldetamaulipas.com.mx\/?p=215610"},"modified":"2025-11-30T22:44:33","modified_gmt":"2025-12-01T02:44:33","slug":"convive-humberto-prieto-con-empleados-del-congreso","status":"publish","type":"post","link":"https:\/\/www.elsinodaldetamaulipas.com.mx\/?p=215610","title":{"rendered":"CONVIVE HUMBERTO PRIETO CON EMPLEADOS DEL CONGRESO"},"content":{"rendered":"<p><em>EL SINODAL DE TAMAULIPAS<\/em><\/p>\n<p><strong>Ciudad Victoria, Tam.<\/strong>&#8211; El Presidente de la Junta de Gobierno del Congreso Libre y Soberano de Tamaulipas, Humberto Prieto Herrera, encabez\u00f3 la s\u00e9ptima carrera 5k 2025, durante la ma\u00f1ana de este s\u00e1bado 29 de noviembre, promoviendo la convivencia familiar y el deporte entre los trabajadores.<\/p>\n<p><img loading=\"lazy\" decoding=\"async\" class=\"aligncenter wp-image-215612 size-full\" src=\"https:\/\/www.elsinodaldetamaulipas.com.mx\/wp-content\/uploads\/2025\/11\/PRIETO-2.jpg\" alt=\"\" width=\"894\" height=\"487\" srcset=\"https:\/\/www.elsinodaldetamaulipas.com.mx\/wp-content\/uploads\/2025\/11\/PRIETO-2.jpg 894w, https:\/\/www.elsinodaldetamaulipas.com.mx\/wp-content\/uploads\/2025\/11\/PRIETO-2-300x163.jpg 300w, https:\/\/www.elsinodaldetamaulipas.com.mx\/wp-content\/uploads\/2025\/11\/PRIETO-2-768x418.jpg 768w\" sizes=\"auto, (max-width: 894px) 100vw, 894px\" \/><\/p>\n<p>Como cada a\u00f1o, se dieron cita personal y diputados locales para celebrar el evento deportivo, que busca incentivar en los empleados del congreso y familias la activaci\u00f3n f\u00edsica y convivencia, corriendo o caminando los 5 kil\u00f3metros.<\/p>\n<p>&nbsp;<\/p>\n<p>Los participantes disfrutaron al t\u00e9rmino de la carrera de la entrega de medallas, premiaci\u00f3n y sorpresas.<\/p>\n<p>&nbsp;<\/p>\n<p>Premiaci\u00f3n por categor\u00edas:<\/p>\n<p>Infantil<\/p>\n<p>1er lugar Emiliano Rodr\u00edguez<\/p>\n<p>2o Manuel Banda<\/p>\n<p>3o Alan Coronado<\/p>\n<p>Femenil<\/p>\n<p>1er Ana Gonz\u00e1lez<\/p>\n<p>2o Madelaine Garc\u00eda<\/p>\n<p>3o Lucero Trevi\u00f1o<\/p>\n<p>Varonil<\/p>\n<p>1er Carlos Ni\u00f1o<\/p>\n<p>2o a Juan Salas<\/p>\n<p>3o Silvano Rodr\u00edguez.<\/p>\n<p><img loading=\"lazy\" decoding=\"async\" class=\"aligncenter wp-image-215613 size-full\" src=\"https:\/\/www.elsinodaldetamaulipas.com.mx\/wp-content\/uploads\/2025\/11\/PRIETO-3.jpg\" alt=\"\" width=\"894\" height=\"487\" srcset=\"https:\/\/www.elsinodaldetamaulipas.com.mx\/wp-content\/uploads\/2025\/11\/PRIETO-3.jpg 894w, https:\/\/www.elsinodaldetamaulipas.com.mx\/wp-content\/uploads\/2025\/11\/PRIETO-3-300x163.jpg 300w, https:\/\/www.elsinodaldetamaulipas.com.mx\/wp-content\/uploads\/2025\/11\/PRIETO-3-768x418.jpg 768w\" sizes=\"auto, (max-width: 894px) 100vw, 894px\" \/><\/p>\n<p>De esta manera y con el compromiso de impulsar la convivencia familiar, el Diputado Presidente Humberto Prieto Herrera reafirma su compromiso con las familias tamaulipecas.<\/p>\n","protected":false},"excerpt":{"rendered":"<p>EL SINODAL DE TAMAULIPAS Ciudad Victoria, Tam.&#8211; El Presidente de la Junta de Gobierno del Congreso Libre y Soberano de Tamaulipas, Humberto Prieto Herrera, encabez\u00f3 la s\u00e9ptima carrera 5k 2025, durante la ma\u00f1ana de este s\u00e1bado 29 de noviembre, promoviendo la convivencia familiar y el deporte entre los trabajadores. Como cada a\u00f1o, se dieron cita [&hellip;]<\/p>\n","protected":false},"author":1,"featured_media":215611,"comment_status":"closed","ping_status":"closed","sticky":false,"template":"","format":"standard","meta":{"footnotes":""},"categories":[1,3],"tags":[],"class_list":["post-215610","post","type-post","status-publish","format-standard","has-post-thumbnail","hentry","category-portada","category-tamaulipas"],"_links":{"self":[{"href":"https:\/\/www.elsinodaldetamaulipas.com.mx\/index.php?rest_route=\/wp\/v2\/posts\/215610","targetHints":{"allow":["GET"]}}],"collection":[{"href":"https:\/\/www.elsinodaldetamaulipas.com.mx\/index.php?rest_route=\/wp\/v2\/posts"}],"about":[{"href":"https:\/\/www.elsinodaldetamaulipas.com.mx\/index.php?rest_route=\/wp\/v2\/types\/post"}],"author":[{"embeddable":true,"href":"https:\/\/www.elsinodaldetamaulipas.com.mx\/index.php?rest_route=\/wp\/v2\/users\/1"}],"replies":[{"embeddable":true,"href":"https:\/\/www.elsinodaldetamaulipas.com.mx\/index.php?rest_route=%2Fwp%2Fv2%2Fcomments&post=215610"}],"version-history":[{"count":1,"href":"https:\/\/www.elsinodaldetamaulipas.com.mx\/index.php?rest_route=\/wp\/v2\/posts\/215610\/revisions"}],"predecessor-version":[{"id":215614,"href":"https:\/\/www.elsinodaldetamaulipas.com.mx\/index.php?rest_route=\/wp\/v2\/posts\/215610\/revisions\/215614"}],"wp:featuredmedia":[{"embeddable":true,"href":"https:\/\/www.elsinodaldetamaulipas.com.mx\/index.php?rest_route=\/wp\/v2\/media\/215611"}],"wp:attachment":[{"href":"https:\/\/www.elsinodaldetamaulipas.com.mx\/index.php?rest_route=%2Fwp%2Fv2%2Fmedia&parent=215610"}],"wp:term":[{"taxonomy":"category","embeddable":true,"href":"https:\/\/www.elsinodaldetamaulipas.com.mx\/index.php?rest_route=%2Fwp%2Fv2%2Fcategories&post=215610"},{"taxonomy":"post_tag","embeddable":true,"href":"https:\/\/www.elsinodaldetamaulipas.com.mx\/index.php?rest_route=%2Fwp%2Fv2%2Ftags&post=215610"}],"curies":[{"name":"wp","href":"https:\/\/api.w.org\/{rel}","templated":true}]}}