{"id":215619,"date":"2025-11-30T23:54:09","date_gmt":"2025-12-01T03:54:09","guid":{"rendered":"https:\/\/www.elsinodaldetamaulipas.com.mx\/?p=215619"},"modified":"2025-11-30T23:54:09","modified_gmt":"2025-12-01T03:54:09","slug":"amlo-lo-mejor-segun-el-mismo","status":"publish","type":"post","link":"https:\/\/www.elsinodaldetamaulipas.com.mx\/?p=215619","title":{"rendered":"AMLO, LO MEJOR SEG\u00daN \u00c9L MISMO"},"content":{"rendered":"<p>Por: Luis Enrique Arreola Vidal.<\/p>\n<p>Hay discursos que cierran un ciclo.<\/p>\n<p>Y luego est\u00e1 el de AMLO: un espect\u00e1culo de 500 a\u00f1os de antig\u00fcedad para no hablar de los \u00faltimos seis minutos de su sexenio.<\/p>\n<p>Sali\u00f3 de Palacio Nacional sin mencionar ni una sola de sus \u201cobritas\u201d, sin mentar a sus muertos, sin tocar sus esc\u00e1ndalos\u2026 pero eso s\u00ed, con la lengua bien afilada para echarle la culpa a Hern\u00e1n Cort\u00e9s.<\/p>\n<p>\u00a1Qu\u00e9 valiente! Enfrentarse a un espa\u00f1ol que lleva medio milenio bajo tierra es mucho m\u00e1s f\u00e1cil que enfrentar a las madres que buscan a sus hijos desaparecidos.<\/p>\n<p>Un expresidente obsesionado con el pasado\u2026 porque el presente huele a cad\u00e1ver y a gasolina robada.<\/p>\n<p>AMLO es como el conductor borracho que, despu\u00e9s del choque, baja del coche y empieza a gritarle al retrovisor: \u201c\u00a1Todo es culpa tuya, espejo maldito!\u201d.<\/p>\n<p>En su \u00faltimo mensaje hizo tres cosas (sus tres especialidades):<\/p>\n<pre class=\"wp-block-code\"><code>1.  Se puso el traje de v\u00edctima profesional.<\/code><\/pre>\n<p>Llorique\u00f3 por los saqueos del siglo XVI\u2026 y se le \u201colvid\u00f3\u201d mencionar los saqueos del siglo XXI firmados con su pu\u00f1o y letra.<\/p>\n<pre class=\"wp-block-code\"><code>2.  Sac\u00f3 la ret\u00f3rica de siempre, fresca del refrigerador: \u201cel pueblo bueno\u201d (ese que mantiene pobre para que vote por \u00e9l), \u201cla honestidad\u201d (la misma que usan sus hijos para comprarse casas en Houston) y \u201cla transformaci\u00f3n \u00e9tica\u201d (la que convirti\u00f3 al Poder Judicial en sucursal de Morena y a la Constituci\u00f3n en papel higi\u00e9nico).<\/code><\/pre>\n<p>Palabritas bonitas que suenan lindo\u2026 hasta que te das cuenta de que son puro eco de ma\u00f1anera.<\/p>\n<pre class=\"wp-block-code\"><code>3.  Huy\u00f3 de rendir cuentas como Dr\u00e1cula de un crucifijo.<\/code><\/pre>\n<p>Ni una palabra del Tren Maya inflado y ecocida, del AIFA que no es rentable \u2014ni lo ser\u00e1 jam\u00e1s\u2014, del huachicol militar, de la deuda ni de los cad\u00e1veres.<\/p>\n<p>Prefiri\u00f3 hablar de barcos espa\u00f1oles. Barcos. En serio.<\/p>\n<p>Dijo, con cara de ni\u00f1o rega\u00f1ado, que \u201cnos arrebataron el oro\u201d y que \u201cM\u00e9xico fue saqueado\u201d.<br \/>\nCorrecto, se\u00f1or. En 1521.<\/p>\n<p>Pero se le olvid\u00f3 el detalle chiquito:<br \/>\nel saqueo de su sexenio hace que el de Cort\u00e9s parezca un ratero de tianguis.<\/p>\n<p>Los espa\u00f1oles se llevaron oro.<\/p>\n<p>Sus hijos, amigos, compadres, hermanos, nueras y primos del cu\u00f1ado se llevaron todo: contratos, aduanas, medicinas, fideicomisos, puertos, aeropuertos, el presupuesto entero y hasta la verg\u00fcenza ajena.<\/p>\n<p>Los espa\u00f1oles vinieron en carabelas.<\/p>\n<p>La 4T us\u00f3 WhatsApp familiar, Sedena y programas sociales como cajero autom\u00e1tico.<\/p>\n<p>LOS MUERTOS QUE, OBVIAMENTE, NO LE TOCABA NOMBRAR.<\/p>\n<p>Llor\u00f3 por las injusticias de hace 500 a\u00f1os.<\/p>\n<p>Pero de las de ahora, ni mu:<\/p>\n<p>\u2013 M\u00e1s de 190,000 homicidios dolosos (r\u00e9cord mundial, \u00a1felicidades!).<\/p>\n<p>\u2013 Casi 50 mil desaparecidos (50 mil familias que no saben si abrazar una osamenta o seguir buscando).<\/p>\n<p>\u2013 Territorios enteros gobernados por el narco mientras \u00e9l repart\u00eda abrazos y embajadas a quienes se doblaban ante su r\u00e9gimen.<\/p>\n<p>AMLO presume \u201cabrazos, no balazos\u201d\u2026 y nos deja 190,000 muertos y 50 mil familias abrazando la nada.<\/p>\n<p>\u00a1Qu\u00e9 \u00e9xito tan abrazable!<\/p>\n<p>EL SAQUEO MILITAR QUE, CLARO, TAMPOCO MENCION\u00d3.<\/p>\n<p>Se quej\u00f3 del oro espa\u00f1ol\u2026<br \/>\npero se le trab\u00f3 la lengua al hablar del huachicol VIP de los sobrinos del general Crescencio Sandoval: la red m\u00e1s elegante y lucrativa de robo de combustible en la historia.<\/p>\n<p>Si Cort\u00e9s se llev\u00f3 lingotes,<br \/>\nlos generales de AMLO se llevaron ductos, aduanas, bancos, constructoras y hasta el changarro de los tamales del aeropuerto.<\/p>\n<p>AUSTERIDAD REPUBLICANA (SOLO EN EL DISCURSO).<\/p>\n<p>Se autoproclam\u00f3 \u201caustero\u201d con la misma cara con la que sus hijos compran mansiones en Texas, cuadros en Jap\u00f3n e invierten en propiedades inmobiliarias por el mundo.<\/p>\n<p>Lo \u00fanico austero fue el sueldo de los m\u00e9dicos y las medicinas para los ni\u00f1os con c\u00e1ncer.<\/p>\n<p>En su c\u00edrculo cercano sobraba el caviar.<\/p>\n<p>LA DEUDA M\u00c1S GRANDE EN LA HISTORIA DE M\u00c9XICO.<\/p>\n<p>Culpa a los \u201cneoliberales\u201d de endeudar al pa\u00eds.<\/p>\n<p>Y su gobierno deja la deuda m\u00e1s alta en dos siglos, el ritmo m\u00e1s r\u00e1pido de endeudamiento desde Porfirio D\u00edaz y tres elefantes blancos que costaron m\u00e1s que todo el oro de Cort\u00e9s junto.<\/p>\n<p>Si los espa\u00f1oles nos hubieran dejado esta deuda\u2026 todav\u00eda les estar\u00edamos mandando cartas de reclamo a Madrid.<\/p>\n<p>AMLO quiso despedirse como libertador anticolonial.<\/p>\n<p>Se va como lo que fue:<br \/>\nel presidente m\u00e1s violento, m\u00e1s opaco, m\u00e1s endeudador, m\u00e1s militarizado y \u2014iron\u00eda m\u00e1xima\u2014 m\u00e1s corrupto de la historia moderna.<\/p>\n<p>Mientras hablaba del saqueo de la Conquista, consum\u00f3 el saqueo m\u00e1s descarado de los \u00faltimos 200 a\u00f1os.<\/p>\n<p>Se despidi\u00f3 mirando un espejo del siglo XVI.<\/p>\n<p>Porque si se atreve a mirar el espejo del 2024\u2026 se encuentra con un pa\u00eds destrozado, dividido y harto de su show.<\/p>\n<p>M\u00e9xico aprendi\u00f3 la lecci\u00f3n:<br \/>\nla historia no siempre se repite\u2026<br \/>\npero las mentiras de L\u00f3pez Obrador, esas s\u00ed, todos los d\u00edas a las 7 de la ma\u00f1ana<\/p>\n","protected":false},"excerpt":{"rendered":"<p>Por: Luis Enrique Arreola Vidal. Hay discursos que cierran un ciclo. Y luego est\u00e1 el de AMLO: un espect\u00e1culo de 500 a\u00f1os de antig\u00fcedad para no hablar de los \u00faltimos seis minutos de su sexenio. Sali\u00f3 de Palacio Nacional sin mencionar ni una sola de sus \u201cobritas\u201d, sin mentar a sus muertos, sin tocar sus [&hellip;]<\/p>\n","protected":false},"author":1,"featured_media":215172,"comment_status":"closed","ping_status":"closed","sticky":false,"template":"","format":"standard","meta":{"footnotes":""},"categories":[16],"tags":[],"class_list":["post-215619","post","type-post","status-publish","format-standard","has-post-thumbnail","hentry","category-opinion"],"_links":{"self":[{"href":"https:\/\/www.elsinodaldetamaulipas.com.mx\/index.php?rest_route=\/wp\/v2\/posts\/215619","targetHints":{"allow":["GET"]}}],"collection":[{"href":"https:\/\/www.elsinodaldetamaulipas.com.mx\/index.php?rest_route=\/wp\/v2\/posts"}],"about":[{"href":"https:\/\/www.elsinodaldetamaulipas.com.mx\/index.php?rest_route=\/wp\/v2\/types\/post"}],"author":[{"embeddable":true,"href":"https:\/\/www.elsinodaldetamaulipas.com.mx\/index.php?rest_route=\/wp\/v2\/users\/1"}],"replies":[{"embeddable":true,"href":"https:\/\/www.elsinodaldetamaulipas.com.mx\/index.php?rest_route=%2Fwp%2Fv2%2Fcomments&post=215619"}],"version-history":[{"count":1,"href":"https:\/\/www.elsinodaldetamaulipas.com.mx\/index.php?rest_route=\/wp\/v2\/posts\/215619\/revisions"}],"predecessor-version":[{"id":215620,"href":"https:\/\/www.elsinodaldetamaulipas.com.mx\/index.php?rest_route=\/wp\/v2\/posts\/215619\/revisions\/215620"}],"wp:featuredmedia":[{"embeddable":true,"href":"https:\/\/www.elsinodaldetamaulipas.com.mx\/index.php?rest_route=\/wp\/v2\/media\/215172"}],"wp:attachment":[{"href":"https:\/\/www.elsinodaldetamaulipas.com.mx\/index.php?rest_route=%2Fwp%2Fv2%2Fmedia&parent=215619"}],"wp:term":[{"taxonomy":"category","embeddable":true,"href":"https:\/\/www.elsinodaldetamaulipas.com.mx\/index.php?rest_route=%2Fwp%2Fv2%2Fcategories&post=215619"},{"taxonomy":"post_tag","embeddable":true,"href":"https:\/\/www.elsinodaldetamaulipas.com.mx\/index.php?rest_route=%2Fwp%2Fv2%2Ftags&post=215619"}],"curies":[{"name":"wp","href":"https:\/\/api.w.org\/{rel}","templated":true}]}}