{"id":215634,"date":"2025-12-01T00:19:46","date_gmt":"2025-12-01T04:19:46","guid":{"rendered":"https:\/\/www.elsinodaldetamaulipas.com.mx\/?p=215634"},"modified":"2025-12-01T00:19:46","modified_gmt":"2025-12-01T04:19:46","slug":"ava-sigue-entregando-su-navidad-a-los-ninos","status":"publish","type":"post","link":"https:\/\/www.elsinodaldetamaulipas.com.mx\/?p=215634","title":{"rendered":"AVA SIGUE ENTREGANDO SU NAVIDAD A LOS NI\u00d1OS"},"content":{"rendered":"<div class=\"post-content\">\n*.\u2014OLGA SOSA: AM\u00c9RICO Y SU\u00a0 PUEBLO DE TAMAULIPAS, RESPALDAMOS CON TODO A NUESTRA PRESIDENTA DE LA REP\u00daBLICA.<\/p>\n<p>Primero lo hizo \u00a0en palacio de gobierno, durante la visita de un grupo de escolares, pertenecientes a una escuela primaria del sector rural. A ellos les regal\u00f3 tabletas. \u00a0Hoy lo acaba de hacer con las ni\u00f1as y ni\u00f1os de la escuela \u201cFrancisco Villa\u201d, del ejido Fundadores, en el municipio de San Nicolas, mismos que recibieron en total 112 bicicletas<\/p>\n<p>Y como dicen que todos llevamos \u00a0en el alma, un poco de nuestra ni\u00f1ez, \u00a0Am\u00e9rico se puso a pedalear junto a un pelot\u00f3n de peque\u00f1os ciclistas. Ver al doctor AVA como uno m\u00e1s de \u00a0aquella rodada infantil, \u00a0en uno de los rincones \u00a0m\u00e1s apartados de \u00a0la geograf\u00eda tamaulipeca, \u00a0son hechos que env\u00edan un mensaje de sensibilidad y humanismo.<\/p>\n<p>Fue una jornada donde los pueblos m\u00e1s modestos de nuestro estado, fueron objeto de apapachos. En este caso, los beneficios no se limitaron a obsequiar bicicletas, sino que se entregaron escrituras a los habitantes de estos pueblos fundacionales, \u00a0 con lo cual se fortalece de manera definitiva, su patrimonio familiar.<\/p>\n<p>\u2014\u2013OLGA SOSA PRESIDE ASAMBLEA INFORMATIVA EN LA MAINERO\u2014<\/p>\n<p>\u2013Tu recuerdo no se va, no se vaaa, no se vaaa..Quedate otra vez, qu\u00e9date toda la nocheee.<\/p>\n<p>Mientras que las notas de una popular canci\u00f3n, ponen el acento de la alegr\u00eda, en uno de los barrios hist\u00f3ricos m\u00e1s emblem\u00e1ticos de la capital, una Olga Sosa notoriamente esbelta, y ataviada con una blusa guinda, bordada con dibujos artesanales, lleg\u00f3 a su encuentro con el pueblo.<\/p>\n<p>Las cosas se dieron de la siguiente manera:<\/p>\n<p>Hacia las seis de la tarde, \u00a0el veh\u00edculo donde viajaba la senadora de la rep\u00fablica, Olga Sosa Ruiz, se detuvo frente a la peque\u00f1a plaza de la colonia Mainero, en el \u00a0seis y siete Mutualismo de la colonia Mainero. Sin dispositivos de seguridad, solo ella y su chofer. En situaciones como est\u00e1, se palpa la honestidad de la senadora morenista, porque, como dice el refr\u00e1n: \u00abel que nada debe, nada teme\u00bb.<\/p>\n<p>Ca\u00edan las primeras sombras del anochecer en aquella explanada de la escuela primaria \u201cHimno Nacional\u201d, donde un numeroso grupo de vecinas y vecinos, esperaban sentados frente a una pantalla de proyecci\u00f3n port\u00e1til, en la cual se dar\u00edan a conocer las reformas m\u00e1s importantes de la 4T. Y de manera especial, los avances logrados por la Presidenta Claudia Sheinbaum, respaldada por el trabajo del gobernador Am\u00e9rico Villarreal Anaya.<\/p>\n<p>Minutos antes, durante una entrevista, Olga \u00a0Sosa hab\u00eda definido de manera puntual, la esencia de aquel v\u00ednculo profundo e inamovible, entre MORENA y la ciudadan\u00eda.<\/p>\n<p>\u2014Estamos aqu\u00ed en la Mainero, en ciudad Victoria. Como lo ha pedido la Presidenta de nuestro partido que es Luisa Mar\u00eda Alcalde. Y como ha sido el ejemplo de nuestra Presidenta\u00a0 de la rep\u00fablica, Claudia Sheinbaum, llega el viernes y nos vamos a territorio. Porque esa es la fortaleza de nuestro movimiento: informar lo que hacemos en el senado de la rep\u00fablica. Y sobre todo la cercan\u00eda con la gente, que no la tiene ning\u00fan otro partido. Ning\u00fan otro movimiento, la tiene solamente la cuarta transformaci\u00f3n.<\/p>\n<p>\u00bfCu\u00e1l es uno de los prop\u00f3sitos centrales de esta nueva cultura militante?. Olga Sosa lo explic\u00f3 \u00a0de manera breve, pero precisa:<\/p>\n<p>\u2014Saber es poder, y por eso debemos empoderar a toda esta gente de nuestro pueblo, d\u00e1ndoles informaci\u00f3n.<\/p>\n<p>\u2013\u00bfLos principales temas?<\/p>\n<p>\u2014\u2014Hablamos de las reformas, de lo que hemos votado en el senado de la rep\u00fablica. Especialmente de muchos beneficios sociales que ahora son derechos de los ciudadanos. Para que el pueblo sepa los derechos que tiene, y los pueda exigir. Adem\u00e1s hablamos de los nuevos programas que implement\u00f3 la Presidenta de la rep\u00fablica. Por si alguien no los conoce, que sepa que est\u00e1n a su disposici\u00f3n, y que en la 4T, los programas son universales, o sea para todas y todos. Ahora si que es ver y \u00a0dar sin mirar a quien. Entre ellos, las becas, los apoyos a los adultos mayores.<\/p>\n<p>\u00bfCu\u00e1l es la respuesta ante los ataques que la Presidenta Sheinbaum, est\u00e1 recibiendo por parte de los sectores de la ultraderecha?<\/p>\n<p>\u2014\u2013Por supuesto, y quiero aprovechar, para recordarles que este seis de diciembre, vamos a estar en una concentraci\u00f3n masiva, con nuestra Presidenta de la rep\u00fablica. Primero celebrando siete a\u00f1os precisamente de todo lo que el pueblo\u00a0 ha recibido. La revoluci\u00f3n de las conciencias, como la gente ya no se jeda llevar por todos los ataques de la ultraderecha en contra de nuestra Presidenta y nuestro movimiento.<\/p>\n<p>La senadora Sosa Ruiz, expres\u00f3 de manera tajante, lo siguiente:<\/p>\n<p>\u2014El respaldo por parte nuestra es incondicional para la Presidenta Claudia Sheinbaum Pardo, que ha demostrado ser incansable, ser valiente, ser una gran l\u00edder de nuestro pa\u00eds, ante las presiones del pa\u00eds vecino.<\/p>\n<p>\u2014Tamaulipas respalda plenamente a la Presidenta Sheinbaum?<\/p>\n<p>\u2014Por supuesto, desde el gobernador Am\u00e9rico Villarreal Anaya, ha dicho incansablemente , junto con todo su pueblo, que somos los tamaulipecos y las tamaulipecas, que respaldamos desde Tamaulipas a la Presidenta de la rep\u00fablica.<\/p>\n<\/div>\n","protected":false},"excerpt":{"rendered":"<p>*.\u2014OLGA SOSA: AM\u00c9RICO Y SU\u00a0 PUEBLO DE TAMAULIPAS, RESPALDAMOS CON TODO A NUESTRA PRESIDENTA DE LA REP\u00daBLICA. Primero lo hizo \u00a0en palacio de gobierno, durante la visita de un grupo de escolares, pertenecientes a una escuela primaria del sector rural. A ellos les regal\u00f3 tabletas. \u00a0Hoy lo acaba de hacer con las ni\u00f1as y ni\u00f1os [&hellip;]<\/p>\n","protected":false},"author":1,"featured_media":214899,"comment_status":"closed","ping_status":"closed","sticky":false,"template":"","format":"standard","meta":{"footnotes":""},"categories":[16],"tags":[],"class_list":["post-215634","post","type-post","status-publish","format-standard","has-post-thumbnail","hentry","category-opinion"],"_links":{"self":[{"href":"https:\/\/www.elsinodaldetamaulipas.com.mx\/index.php?rest_route=\/wp\/v2\/posts\/215634","targetHints":{"allow":["GET"]}}],"collection":[{"href":"https:\/\/www.elsinodaldetamaulipas.com.mx\/index.php?rest_route=\/wp\/v2\/posts"}],"about":[{"href":"https:\/\/www.elsinodaldetamaulipas.com.mx\/index.php?rest_route=\/wp\/v2\/types\/post"}],"author":[{"embeddable":true,"href":"https:\/\/www.elsinodaldetamaulipas.com.mx\/index.php?rest_route=\/wp\/v2\/users\/1"}],"replies":[{"embeddable":true,"href":"https:\/\/www.elsinodaldetamaulipas.com.mx\/index.php?rest_route=%2Fwp%2Fv2%2Fcomments&post=215634"}],"version-history":[{"count":1,"href":"https:\/\/www.elsinodaldetamaulipas.com.mx\/index.php?rest_route=\/wp\/v2\/posts\/215634\/revisions"}],"predecessor-version":[{"id":215635,"href":"https:\/\/www.elsinodaldetamaulipas.com.mx\/index.php?rest_route=\/wp\/v2\/posts\/215634\/revisions\/215635"}],"wp:featuredmedia":[{"embeddable":true,"href":"https:\/\/www.elsinodaldetamaulipas.com.mx\/index.php?rest_route=\/wp\/v2\/media\/214899"}],"wp:attachment":[{"href":"https:\/\/www.elsinodaldetamaulipas.com.mx\/index.php?rest_route=%2Fwp%2Fv2%2Fmedia&parent=215634"}],"wp:term":[{"taxonomy":"category","embeddable":true,"href":"https:\/\/www.elsinodaldetamaulipas.com.mx\/index.php?rest_route=%2Fwp%2Fv2%2Fcategories&post=215634"},{"taxonomy":"post_tag","embeddable":true,"href":"https:\/\/www.elsinodaldetamaulipas.com.mx\/index.php?rest_route=%2Fwp%2Fv2%2Ftags&post=215634"}],"curies":[{"name":"wp","href":"https:\/\/api.w.org\/{rel}","templated":true}]}}