{"id":215639,"date":"2025-12-01T01:27:50","date_gmt":"2025-12-01T05:27:50","guid":{"rendered":"https:\/\/www.elsinodaldetamaulipas.com.mx\/?p=215639"},"modified":"2025-12-01T01:27:50","modified_gmt":"2025-12-01T05:27:50","slug":"felicita-embajador-de-eu-a-gabinete-de-seguridad","status":"publish","type":"post","link":"https:\/\/www.elsinodaldetamaulipas.com.mx\/?p=215639","title":{"rendered":"FELICITA EMBAJADOR DE EU A GABINETE DE SEGURIDAD"},"content":{"rendered":"<blockquote>\n<h4 style=\"text-align: center;\">El delincuente era buscado en Estados Unidos por diversos delitos y se le vinculaba con la organizaci\u00f3n de \u201cEl Chapo Isidro\u201d<\/h4>\n<p>&nbsp;<\/p>\n<p><em>EL SINODAL DE TAMAULIPAS<\/em><\/p><\/blockquote>\n<p><strong>Ciudad de Mexico.<\/strong>&#8211; El embajador de los Estados Unidos en M\u00e9xico, Ronald Johnson, felicit\u00f3 mediante un mensaje publicado en la red social X al Gabinete de Seguridad de M\u00e9xico, debido a la operaci\u00f3n que deriv\u00f3 en la neutralizaci\u00f3n de Pedro \u201cN\u201d, alias \u201cEl Pich\u00f3n, quien fue descrito como un l\u00edder de segundo nivel en la organizaci\u00f3n de \u201dEl Chapo Isidro\u00bb, tambi\u00e9n conocidos como \u201cEl C\u00e1rtel de los Beltr\u00e1n Leyva\u201d o \u201cEl C\u00e1rtel de Guasave\u201d.<\/p>\n<p>\u201cFelicidades al Gabinete de Seguridad por su exitosa operaci\u00f3n en Michoac\u00e1n contra el C\u00e1rtel de Sinaloa. Pedro \u201cN\u201d (Pich\u00f3n) fue abatido y otros dos integrantes del c\u00e1rtel fueron detenidos en una operaci\u00f3n de gran escala encabezada por la Secretar\u00eda de Marina\u00bb, escribi\u00f3 el embajador.<\/p>\n<p>Sin embargo, la informaci\u00f3n se\u00f1alada por Johnson no es precisa, debido a que las autoridades mexicanas informaron que la zona de los operativos fue en el municipio de Choix, Sinaloa, y no en Michoac\u00e1n como \u00e9l detalla.<\/p>\n<p>En el mensaje, el mandatario tambi\u00e9n se\u00f1al\u00f3 que estos resultados reflejan lo que Estados Unidos y M\u00e9xico pueden lograr cuando trabajan juntos contra quienes representan una amenaza para los ciudadanos.<\/p>\n<p>Por \u00faltimo, afirm\u00f3 que \u201cLa justicia prevalecer\u00e1\u201d.<\/p>\n<p>&nbsp;<\/p>\n<p>Coronel, conocido como \u201cEl Pich\u00f3n\u201d, era un operador delictivo vinculado al C\u00e1rtel de los Beltr\u00e1n Leyva o el C\u00e1rtel de Guasave.<\/p>\n<p>&nbsp;<\/p>\n<p>Autoridades lo consideraron cercano a Fausto Isidro Meza Flores, alias \u201cEl Chapo Isidro\u201d, l\u00edder de la organizaci\u00f3n.<\/p>\n<p>&nbsp;<\/p>\n<p>El reciente informe tras su muerte revel\u00f3 que presuntamente fue un operador de segundo nivel en la organizaci\u00f3n.<\/p>\n<p>&nbsp;<\/p>\n<p>\u201cEl Pich\u00f3n\u201d era hijo de Pedro Inzunza Noriega, alias \u201cSagitario\u201d, se\u00f1alado por EEUU como uno de los tres eslabones que mantienen vivo al C\u00e1rtel de los Beltr\u00e1n.<\/p>\n<p>&nbsp;<\/p>\n<p>Ambos fueron se\u00f1alados en mayo de 2025 por el Departamento de Justicia de Estados Unidos por cargos de narcoterrorismo y tr\u00e1fico de fentanilo, coca\u00edna, metanfetaminas y hero\u00edna.<\/p>\n<p>&nbsp;<\/p>\n<p>Padre e hijo fueron relacionados con uno de los mayores decomisos de fentanilo a nivel mundial, realizado en diciembre de 2024 en Sinaloa, donde se aseguraron mil 500 kilos de esta droga sint\u00e9tica.<\/p>\n<p>&nbsp;<\/p>\n<p>El C\u00e1rtel de los Beltr\u00e1n Leyva, o tambi\u00e9n conocido como el C\u00e1rtel de Guasave, es una organizaci\u00f3n criminal originaria de Sinaloa.<\/p>\n<p>&nbsp;<\/p>\n<p>Se asocia principalmente con Fausto Isidro Meza Flores, alias \u201cEl Chapo Isidro\u201d, quien se consolid\u00f3 como su l\u00edder tras la fragmentaci\u00f3n de los Beltr\u00e1n Leyva, sin embargo, reportes de autoridades se\u00f1alan la existencia de otros dos lideres dentro de la organizaci\u00f3n, Oscar Manuel Gastelum, alias el \u201cM\u00fasico\u201d, y Pedro Inzunza, conocido como \u201cSagitario\u201d.<\/p>\n<p>&nbsp;<\/p>\n<p>La agrupaci\u00f3n se caracteriza por su estructura regional y su capacidad de operar de manera independiente, aunque tambi\u00e9n mantiene alianzas temporales con otras c\u00e9lulas criminales.<\/p>\n<p>&nbsp;<\/p>\n<p>Expertos se\u00f1alan que despu\u00e9s de la ca\u00edda de los principales jefes de los Beltr\u00e1n Leyva, \u201cEl Chapo Isidro\u201d asumi\u00f3 el control del C\u00e1rtel de Guasave.<\/p>\n<p>&nbsp;<\/p>\n<p>Bajo su mando, el grupo ampli\u00f3 su influencia en Sinaloa y extendi\u00f3 operaciones a entidades vecinas como Sonora y Nayarit.<\/p>\n<p>&nbsp;<\/p>\n<p>La organizaci\u00f3n presuntamente basa su actividad en el trasiego de drogas, el tr\u00e1fico de armas, el secuestro y la extorsi\u00f3n.<\/p>\n","protected":false},"excerpt":{"rendered":"<p>El delincuente era buscado en Estados Unidos por diversos delitos y se le vinculaba con la organizaci\u00f3n de \u201cEl Chapo Isidro\u201d &nbsp; EL SINODAL DE TAMAULIPAS Ciudad de Mexico.&#8211; El embajador de los Estados Unidos en M\u00e9xico, Ronald Johnson, felicit\u00f3 mediante un mensaje publicado en la red social X al Gabinete de Seguridad de M\u00e9xico, [&hellip;]<\/p>\n","protected":false},"author":1,"featured_media":215641,"comment_status":"closed","ping_status":"closed","sticky":false,"template":"","format":"standard","meta":{"footnotes":""},"categories":[25,4],"tags":[],"class_list":["post-215639","post","type-post","status-publish","format-standard","has-post-thumbnail","hentry","category-leyyorden","category-nacional"],"_links":{"self":[{"href":"https:\/\/www.elsinodaldetamaulipas.com.mx\/index.php?rest_route=\/wp\/v2\/posts\/215639","targetHints":{"allow":["GET"]}}],"collection":[{"href":"https:\/\/www.elsinodaldetamaulipas.com.mx\/index.php?rest_route=\/wp\/v2\/posts"}],"about":[{"href":"https:\/\/www.elsinodaldetamaulipas.com.mx\/index.php?rest_route=\/wp\/v2\/types\/post"}],"author":[{"embeddable":true,"href":"https:\/\/www.elsinodaldetamaulipas.com.mx\/index.php?rest_route=\/wp\/v2\/users\/1"}],"replies":[{"embeddable":true,"href":"https:\/\/www.elsinodaldetamaulipas.com.mx\/index.php?rest_route=%2Fwp%2Fv2%2Fcomments&post=215639"}],"version-history":[{"count":1,"href":"https:\/\/www.elsinodaldetamaulipas.com.mx\/index.php?rest_route=\/wp\/v2\/posts\/215639\/revisions"}],"predecessor-version":[{"id":215642,"href":"https:\/\/www.elsinodaldetamaulipas.com.mx\/index.php?rest_route=\/wp\/v2\/posts\/215639\/revisions\/215642"}],"wp:featuredmedia":[{"embeddable":true,"href":"https:\/\/www.elsinodaldetamaulipas.com.mx\/index.php?rest_route=\/wp\/v2\/media\/215641"}],"wp:attachment":[{"href":"https:\/\/www.elsinodaldetamaulipas.com.mx\/index.php?rest_route=%2Fwp%2Fv2%2Fmedia&parent=215639"}],"wp:term":[{"taxonomy":"category","embeddable":true,"href":"https:\/\/www.elsinodaldetamaulipas.com.mx\/index.php?rest_route=%2Fwp%2Fv2%2Fcategories&post=215639"},{"taxonomy":"post_tag","embeddable":true,"href":"https:\/\/www.elsinodaldetamaulipas.com.mx\/index.php?rest_route=%2Fwp%2Fv2%2Ftags&post=215639"}],"curies":[{"name":"wp","href":"https:\/\/api.w.org\/{rel}","templated":true}]}}