{"id":215643,"date":"2025-12-01T11:49:02","date_gmt":"2025-12-01T15:49:02","guid":{"rendered":"https:\/\/www.elsinodaldetamaulipas.com.mx\/?p=215643"},"modified":"2025-12-01T11:49:02","modified_gmt":"2025-12-01T15:49:02","slug":"el-jueves-mejoraran-condiciones-climatologicas","status":"publish","type":"post","link":"https:\/\/www.elsinodaldetamaulipas.com.mx\/?p=215643","title":{"rendered":"EL JUEVES MEJORAR\u00c1N CONDICIONES CLIMATOLOGICAS"},"content":{"rendered":"<p>Ent\u00f3 frente fr\u00edo 17 a Tamaulipas; prev\u00e9n lluvias intensas y descenso de temperatura<\/p>\n<h5><strong><em>Por Julio Manuel Loya Guzm\u00e1n\/EL SINODAL DE TAMAULIPAS<\/em><\/strong><\/h5>\n<h4><em>\u00a0<\/em>Cd. Victoria, Tamaulipas.\u2013 El frente fr\u00edo n\u00famero 17 avanza este domingo sobre el norte y noreste del pa\u00eds, generando condiciones de inestabilidad atmosf\u00e9rica que dejar\u00e1n lluvias puntuales muy fuertes en Tamaulipas y un marcado descenso de temperatura en gran parte del norte del territorio nacional.<\/h4>\n<p>&nbsp;<\/p>\n<p>De acuerdo con el Servicio Meteorol\u00f3gico Nacional (SMN), el sistema frontal permanecer\u00e1 estacionario desde la noche de este domingo 30 de noviembre hasta el pr\u00f3ximo jueves 4 de diciembre. Las lluvias fuertes y el descenso de temperatura se resentir\u00e1n principalmente en la zona norte, centro y altiplano tamaulipeco.<\/p>\n<p>&nbsp;<\/p>\n<p>En la zona norte de Tamaulipas se estiman temperaturas m\u00ednimas de entre 9 y 13 grados cent\u00edgrados, mientras que en la regi\u00f3n centro y el altiplano los valores oscilar\u00e1n entre 11 y 13 grados durante los pr\u00f3ximos cuatro d\u00edas.<\/p>\n<p><img loading=\"lazy\" decoding=\"async\" class=\"aligncenter wp-image-215645 size-full\" src=\"https:\/\/www.elsinodaldetamaulipas.com.mx\/wp-content\/uploads\/2025\/12\/foto-2.jpeg\" alt=\"\" width=\"1137\" height=\"973\" srcset=\"https:\/\/www.elsinodaldetamaulipas.com.mx\/wp-content\/uploads\/2025\/12\/foto-2.jpeg 1137w, https:\/\/www.elsinodaldetamaulipas.com.mx\/wp-content\/uploads\/2025\/12\/foto-2-300x257.jpeg 300w, https:\/\/www.elsinodaldetamaulipas.com.mx\/wp-content\/uploads\/2025\/12\/foto-2-1024x876.jpeg 1024w, https:\/\/www.elsinodaldetamaulipas.com.mx\/wp-content\/uploads\/2025\/12\/foto-2-768x657.jpeg 768w\" sizes=\"auto, (max-width: 1137px) 100vw, 1137px\" \/><\/p>\n<p>La masa de aire polar que impulsa al frente ocasionar\u00e1 este nuevo descenso t\u00e9rmico en la Mesa del Norte, as\u00ed como vientos del norte de 20 a 30 km\/h, con rachas de 40 a 60 km\/h en la costa de Tamaulipas, por lo que autoridades estatales y municipales exhortaron a la poblaci\u00f3n a extremar precauciones.<\/p>\n<p>&nbsp;<\/p>\n<p>En el noroeste del pa\u00eds, una vaguada en niveles medios y altos, en interacci\u00f3n con las corrientes en chorro polar y subtropical, generar\u00e1 un ambiente m\u00e1s fr\u00edo, lluvias aisladas y rachas de viento que podr\u00edan alcanzar los 60 km\/h en Baja California Sur, Sonora, Chihuahua, Durango y Sinaloa.<\/p>\n<p>&nbsp;<\/p>\n<p>El SMN a\u00f1adi\u00f3 que el ingreso de humedad proveniente del oc\u00e9ano Pac\u00edfico, Golfo de M\u00e9xico y mar Caribe mantendr\u00e1 condiciones para lluvias y chubascos en el norte, occidente, centro, sur y sureste del pa\u00eds, incluida la pen\u00ednsula de Yucat\u00e1n.<\/p>\n<p><img loading=\"lazy\" decoding=\"async\" class=\"aligncenter wp-image-215646 size-full\" src=\"https:\/\/www.elsinodaldetamaulipas.com.mx\/wp-content\/uploads\/2025\/12\/foto-3.jpeg\" alt=\"\" width=\"1137\" height=\"973\" srcset=\"https:\/\/www.elsinodaldetamaulipas.com.mx\/wp-content\/uploads\/2025\/12\/foto-3.jpeg 1137w, https:\/\/www.elsinodaldetamaulipas.com.mx\/wp-content\/uploads\/2025\/12\/foto-3-300x257.jpeg 300w, https:\/\/www.elsinodaldetamaulipas.com.mx\/wp-content\/uploads\/2025\/12\/foto-3-1024x876.jpeg 1024w, https:\/\/www.elsinodaldetamaulipas.com.mx\/wp-content\/uploads\/2025\/12\/foto-3-768x657.jpeg 768w\" sizes=\"auto, (max-width: 1137px) 100vw, 1137px\" \/><\/p>\n<p>Pron\u00f3stico de lluvias para hoy, 30 de noviembre de 2025:<\/p>\n<p>&nbsp;<\/p>\n<p>Lluvias puntuales muy fuertes (50 a 75 mm): zona costera de Tamaulipas.<\/p>\n<p>Lluvias fuertes (25 a 50 mm): Veracruz, regi\u00f3n Huasteca Alta.<\/p>\n<p>&nbsp;<\/p>\n<p>Intervalos de chubascos (5 a 25 mm): Coahuila, Nuevo Le\u00f3n, San Luis Potos\u00ed, Quer\u00e9taro, Hidalgo, Puebla, Veracruz (Totonaca, Los Tuxtlas, Olmeca y Huasteca Baja), Guerrero, Estado de M\u00e9xico, Oaxaca, Chiapas y Quintana Roo.<\/p>\n<p><img loading=\"lazy\" decoding=\"async\" class=\"aligncenter wp-image-215647 size-full\" src=\"https:\/\/www.elsinodaldetamaulipas.com.mx\/wp-content\/uploads\/2025\/12\/foto-4.jpeg\" alt=\"\" width=\"1137\" height=\"973\" srcset=\"https:\/\/www.elsinodaldetamaulipas.com.mx\/wp-content\/uploads\/2025\/12\/foto-4.jpeg 1137w, https:\/\/www.elsinodaldetamaulipas.com.mx\/wp-content\/uploads\/2025\/12\/foto-4-300x257.jpeg 300w, https:\/\/www.elsinodaldetamaulipas.com.mx\/wp-content\/uploads\/2025\/12\/foto-4-1024x876.jpeg 1024w, https:\/\/www.elsinodaldetamaulipas.com.mx\/wp-content\/uploads\/2025\/12\/foto-4-768x657.jpeg 768w\" sizes=\"auto, (max-width: 1137px) 100vw, 1137px\" \/><\/p>\n<p>Lluvias aisladas (0.1 a 5 mm): Baja California Sur, Sonora, Chihuahua, Durango, Sinaloa, Jalisco, Michoac\u00e1n, Guanajuato, Ciudad de M\u00e9xico, Veracruz (capital, Las Monta\u00f1as y Papaloapan), Tabasco, Campeche y Yucat\u00e1n.<\/p>\n<p>El organismo alert\u00f3 que las lluvias fuertes a muy fuertes pueden ocasionar encharcamientos, deslaves e inundaciones; mientras que el descenso t\u00e9rmico podr\u00eda generar congelamiento en tramos carreteros. Adem\u00e1s, las rachas de viento aumentar\u00edan el riesgo de ca\u00edda de \u00e1rboles, ramas y anuncios publicitarios en zonas urbanas y carreteras.<\/p>\n<p>&nbsp;<\/p>\n<p>Este domingo 30 de noviembre marca tambi\u00e9n el fin de la temporada de ciclones tropicales; sin embargo, el SMN record\u00f3 que la vigilancia atmosf\u00e9rica continuar\u00e1 debido a la presencia de frentes fr\u00edos y sistemas invernales que seguir\u00e1n afectando al pa\u00eds en las pr\u00f3ximas semanas<\/p>\n","protected":false},"excerpt":{"rendered":"<p>Ent\u00f3 frente fr\u00edo 17 a Tamaulipas; prev\u00e9n lluvias intensas y descenso de temperatura Por Julio Manuel Loya Guzm\u00e1n\/EL SINODAL DE TAMAULIPAS \u00a0Cd. Victoria, Tamaulipas.\u2013 El frente fr\u00edo n\u00famero 17 avanza este domingo sobre el norte y noreste del pa\u00eds, generando condiciones de inestabilidad atmosf\u00e9rica que dejar\u00e1n lluvias puntuales muy fuertes en Tamaulipas y un marcado [&hellip;]<\/p>\n","protected":false},"author":1,"featured_media":215644,"comment_status":"closed","ping_status":"closed","sticky":false,"template":"","format":"standard","meta":{"footnotes":""},"categories":[1,3],"tags":[],"class_list":["post-215643","post","type-post","status-publish","format-standard","has-post-thumbnail","hentry","category-portada","category-tamaulipas"],"_links":{"self":[{"href":"https:\/\/www.elsinodaldetamaulipas.com.mx\/index.php?rest_route=\/wp\/v2\/posts\/215643","targetHints":{"allow":["GET"]}}],"collection":[{"href":"https:\/\/www.elsinodaldetamaulipas.com.mx\/index.php?rest_route=\/wp\/v2\/posts"}],"about":[{"href":"https:\/\/www.elsinodaldetamaulipas.com.mx\/index.php?rest_route=\/wp\/v2\/types\/post"}],"author":[{"embeddable":true,"href":"https:\/\/www.elsinodaldetamaulipas.com.mx\/index.php?rest_route=\/wp\/v2\/users\/1"}],"replies":[{"embeddable":true,"href":"https:\/\/www.elsinodaldetamaulipas.com.mx\/index.php?rest_route=%2Fwp%2Fv2%2Fcomments&post=215643"}],"version-history":[{"count":1,"href":"https:\/\/www.elsinodaldetamaulipas.com.mx\/index.php?rest_route=\/wp\/v2\/posts\/215643\/revisions"}],"predecessor-version":[{"id":215648,"href":"https:\/\/www.elsinodaldetamaulipas.com.mx\/index.php?rest_route=\/wp\/v2\/posts\/215643\/revisions\/215648"}],"wp:featuredmedia":[{"embeddable":true,"href":"https:\/\/www.elsinodaldetamaulipas.com.mx\/index.php?rest_route=\/wp\/v2\/media\/215644"}],"wp:attachment":[{"href":"https:\/\/www.elsinodaldetamaulipas.com.mx\/index.php?rest_route=%2Fwp%2Fv2%2Fmedia&parent=215643"}],"wp:term":[{"taxonomy":"category","embeddable":true,"href":"https:\/\/www.elsinodaldetamaulipas.com.mx\/index.php?rest_route=%2Fwp%2Fv2%2Fcategories&post=215643"},{"taxonomy":"post_tag","embeddable":true,"href":"https:\/\/www.elsinodaldetamaulipas.com.mx\/index.php?rest_route=%2Fwp%2Fv2%2Ftags&post=215643"}],"curies":[{"name":"wp","href":"https:\/\/api.w.org\/{rel}","templated":true}]}}