{"id":215649,"date":"2025-12-01T17:34:11","date_gmt":"2025-12-01T21:34:11","guid":{"rendered":"https:\/\/www.elsinodaldetamaulipas.com.mx\/?p=215649"},"modified":"2025-12-01T17:34:11","modified_gmt":"2025-12-01T21:34:11","slug":"americo-y-carmen-lilia-enfocados-al-saneamiento","status":"publish","type":"post","link":"https:\/\/www.elsinodaldetamaulipas.com.mx\/?p=215649","title":{"rendered":"AM\u00c9RICO Y CARMEN LILIA, ENFOCADOS AL SANEAMIENTO"},"content":{"rendered":"<p>T E C L A Z O S<br \/>\nPor Guadalupe E. Gonz\u00e1lez<\/p>\n<p>X.-Son obras de claro apoyo para los sectores0 ambiental e industrial, destac\u00f3 el mandatario estatal.<br \/>\nEL desarrollo de obras de la Plata PITAR\u201d en el municipio fronterizo Neolaredense, es la prueba irrefutable del progreso y desarrollo que, \u201cen materia de saneamiento de aguas\u201d llevan a cabo la Federaci\u00f3n, el Estado y el Gobierno Municipal de Nuevo Laredo, motivo por el cual el<br \/>\npasado fin de semana, el gobernador Am\u00e9rico Villarreal Anaya y la alcaldesa Carmen Lilia Cant\u00farosas, \u201csupervisaron los avances de estos trabajos de modernizaci\u00f3n y ampliaci\u00f3n que, ser\u00e1n de tangible apoyo para el desarrollo ambiental e industrial.<br \/>\nHAY que se\u00f1alar que, durante el recorrido, el gobernador de Tamaulipas, Am\u00e9rico Villarreal Anaya, destac\u00f3 el impacto que tendr\u00e1 esta obra en el saneamiento y la sustentabilidad de la regi\u00f3n fronteriza, as\u00ed como la coordinaci\u00f3n binacional que dijo: \u201cha permitido el notable avance, cuya tarea, se desarrolla gracias al claro respaldo de la presidenta de M\u00e9xico Claudia Sheinbaum Pardo\u201d.<br \/>\nEN otra de sus exposiciones, Am\u00e9rico Villarreal, puntualiz\u00f3 que, \u201cla modernizaci\u00f3n de esta planta, representa un paso fundamental para el desarrollo industrial y la protecci\u00f3n del medio ambiente\u201d. Aludiendo que, \u201csu operaci\u00f3n permitir\u00e1 regresar agua tratada con calidad al R\u00edo<br \/>\nBravo y atender de manera sostenible la demanda futura\u201d.<br \/>\nPOR ELLO, reiter\u00f3 reconocer el trabajo coordinado entre los tres niveles de gobierno y los organismos binacionales que, hacen posible el avance de esta obra\u201d<br \/>\nLA alcaldesa de Nuevo Laredo, Carmen Lilia Cant\u00farosas Villarreal, por su parte, \u201chizo patente a la importancia estrat\u00e9gica que tendr\u00e1 la modernizaci\u00f3n de la planta para el desarrollo urbano, industrial y ambiental de la ciudad\u201d. Apuntando que, por este motivo, \u201ces muy satisfactorio constatar los avances de esta planta internacional, una obra con visi\u00f3n de futuro que permitir\u00e1 abastecer a una industria creciente mediante l\u00edneas moradas y, al mismo tiempo, generar un gran<br \/>\nbeneficio ambiental\u201d.<br \/>\nALUDIENDO que, \u201cel agua tratada podr\u00e1 reutilizarse o regresar al R\u00edo Bravo con calidad adecuada\u201d. Esto, gracias al esfuerzo conjunto de los tres niveles de gobierno y del NADBank, detalle por el cual<br \/>\n\u201ctendremos la capacidad de tratar 1,600 litros por segundo\u201d, afirm\u00f3 enf\u00e1tica Cant\u00farosas Villareal.<br \/>\nEXPLIC\u00d3 la alcaldesa Neolaredense que, \u201cla PITAR es una planta de tratamiento de aguas residuales de la ciudad\u201d, cuya rehabilitaci\u00f3n y ampliaci\u00f3n forma parte de un programa de modernizaci\u00f3n del sistema de agua y saneamiento a cargo de la Comisi\u00f3n Municipal de Agua Potable y Alcantarillado de Nuevo Laredo, el Gobierno del Estado, la Federaci\u00f3n y con financiamiento del Banco de Desarrollo de Am\u00e9rica del Norte.<br \/>\nCARMEN Lilia Cant\u00farosas Villarreal, tambi\u00e9n \u201cdestac\u00f3 la importancia estrat\u00e9gica que tendr\u00e1 la modernizaci\u00f3n de la planta para el desarrollo urbano, industrial y ambiental de la ciudad\u201d.<br \/>\nMANIFESTANDO que, \u201cel agua tratada podr\u00e1 reutilizarse o regresar al R\u00edo Bravo con calidad adecuada\u201d. Gracias al esfuerzo conjunto de los tres niveles de gobierno y del NADBank y, por ello, tendremos la capacidad de tratar 1,600 litros por segundo\u201d, se\u00f1al\u00f3 Cant\u00farosas Villareal.<br \/>\nLUEGO enfatiz\u00f3 que, \u201cLa PITAR es la planta de tratamiento de aguas residuales de la ciudad, cuya rehabilitaci\u00f3n y ampliaci\u00f3n forma parte de un programa de modernizaci\u00f3n del sistema de agua y saneamiento a cargo de la Comisi\u00f3n Municipal de Agua Potable y Alcantarillado de Nuevo Laredo, el Gobierno del Estado, la Federaci\u00f3n y con financiamiento del Banco de Desarrollo de Am\u00e9rica del Norte.<br \/>\nINFORM\u00d3 que, la inversi\u00f3n para todo el proyecto supera los 81 millones de d\u00f3lares y, \u201ccon la ampliaci\u00f3n, la capacidad de tratamiento de la planta pasar\u00e1 de unos 600 litros por segundo a entre 1,350 y 1,360 litros por segundo\u201d.<br \/>\nSE\u00d1ALANDO que, una vez concluida, la modernizaci\u00f3n permitir\u00e1 eliminar el vertido de aguas negras sin tratar al r\u00edo Bravo, reduciendo de forma importante la contaminaci\u00f3n internacional de este importante cauce.<\/p>\n<p>INDICANDO que, \u201cla ampliaci\u00f3n tambi\u00e9n implica la sustituci\u00f3n de colectores y subcolectores pluviales y sanitarios, expansi\u00f3n del sistema de recolecci\u00f3n de aguas residuales y cobertura casi total de servicios de agua y saneamiento para la poblaci\u00f3n\u201d.<br \/>\nPARA concluir, \u201cel gobernador y la alcaldesa, estuvieron acompa\u00f1ados por el secretario de Recursos Hidr\u00e1ulicos para el Desarrollo Social, Ra\u00fal Quiroga \u00c1lvarez; la secretaria de Econom\u00eda, Ninfa Cant\u00fa<br \/>\nDe\u00e1ndar y la gerente general de COMAPA, Silvia Fern\u00e1ndez Gallardo Boone\u201d.<br \/>\nPor hoy es todo y hasta ma\u00f1ana.<br \/>\nPara sugerencias y puntos de vista en general al email: lupeernesto@yahoo.com.mx<\/p>\n","protected":false},"excerpt":{"rendered":"<p>T E C L A Z O S Por Guadalupe E. Gonz\u00e1lez X.-Son obras de claro apoyo para los sectores0 ambiental e industrial, destac\u00f3 el mandatario estatal. EL desarrollo de obras de la Plata PITAR\u201d en el municipio fronterizo Neolaredense, es la prueba irrefutable del progreso y desarrollo que, \u201cen materia de saneamiento de aguas\u201d [&hellip;]<\/p>\n","protected":false},"author":1,"featured_media":213859,"comment_status":"closed","ping_status":"closed","sticky":false,"template":"","format":"standard","meta":{"footnotes":""},"categories":[16],"tags":[],"class_list":["post-215649","post","type-post","status-publish","format-standard","has-post-thumbnail","hentry","category-opinion"],"_links":{"self":[{"href":"https:\/\/www.elsinodaldetamaulipas.com.mx\/index.php?rest_route=\/wp\/v2\/posts\/215649","targetHints":{"allow":["GET"]}}],"collection":[{"href":"https:\/\/www.elsinodaldetamaulipas.com.mx\/index.php?rest_route=\/wp\/v2\/posts"}],"about":[{"href":"https:\/\/www.elsinodaldetamaulipas.com.mx\/index.php?rest_route=\/wp\/v2\/types\/post"}],"author":[{"embeddable":true,"href":"https:\/\/www.elsinodaldetamaulipas.com.mx\/index.php?rest_route=\/wp\/v2\/users\/1"}],"replies":[{"embeddable":true,"href":"https:\/\/www.elsinodaldetamaulipas.com.mx\/index.php?rest_route=%2Fwp%2Fv2%2Fcomments&post=215649"}],"version-history":[{"count":1,"href":"https:\/\/www.elsinodaldetamaulipas.com.mx\/index.php?rest_route=\/wp\/v2\/posts\/215649\/revisions"}],"predecessor-version":[{"id":215650,"href":"https:\/\/www.elsinodaldetamaulipas.com.mx\/index.php?rest_route=\/wp\/v2\/posts\/215649\/revisions\/215650"}],"wp:featuredmedia":[{"embeddable":true,"href":"https:\/\/www.elsinodaldetamaulipas.com.mx\/index.php?rest_route=\/wp\/v2\/media\/213859"}],"wp:attachment":[{"href":"https:\/\/www.elsinodaldetamaulipas.com.mx\/index.php?rest_route=%2Fwp%2Fv2%2Fmedia&parent=215649"}],"wp:term":[{"taxonomy":"category","embeddable":true,"href":"https:\/\/www.elsinodaldetamaulipas.com.mx\/index.php?rest_route=%2Fwp%2Fv2%2Fcategories&post=215649"},{"taxonomy":"post_tag","embeddable":true,"href":"https:\/\/www.elsinodaldetamaulipas.com.mx\/index.php?rest_route=%2Fwp%2Fv2%2Ftags&post=215649"}],"curies":[{"name":"wp","href":"https:\/\/api.w.org\/{rel}","templated":true}]}}