{"id":215651,"date":"2025-12-01T17:37:21","date_gmt":"2025-12-01T21:37:21","guid":{"rendered":"https:\/\/www.elsinodaldetamaulipas.com.mx\/?p=215651"},"modified":"2025-12-01T17:37:21","modified_gmt":"2025-12-01T21:37:21","slug":"liderazgo-para-principiantes","status":"publish","type":"post","link":"https:\/\/www.elsinodaldetamaulipas.com.mx\/?p=215651","title":{"rendered":"LIDERAZGO PARA PRINCIPIANTES"},"content":{"rendered":"<div class=\"post-content\">\n<p>LOS HECHOS<br \/>\nPOR Jos\u00e9 In\u00e9s Figueroa Vitela<\/p>\n<p>Hay quienes todav\u00eda no entienden ni identifican el concepto y la figura de \u201cliderazgo\u201d.<br \/>\nAfortunadamente, para los tamaulipecos, sobran los dedos de la mano para contarlos, y en el<br \/>\nostracismo seguir\u00e1n perdidos, viendo pasar el tiempo\u2026 de lejos y desde fuera.<br \/>\nHace unos d\u00edas, la Presidenta de la Rep\u00fablica CLAUDIA SHEINBAUM PARDO se reuni\u00f3,<br \/>\ncomo tantas reuniones ha habido, con los gobernadores de las entidades federativas,<br \/>\nespecialmente, con los emanados de su movimiento, el de la Regeneraci\u00f3n Nacional.<br \/>\nLuego de aquel encuentro, en el que abundaron las convocatorias a hacer y decir lo que, desde<br \/>\nel origen se dice y se hace en Tamaulipas, obviamente ligado a las m\u00edsticas y praxis en la<br \/>\nConstrucci\u00f3n del Segundo Piso de la Cuarta Transformaci\u00f3n, la Presidenta SHEINBAUM se<br \/>\nreuni\u00f3 en privado, en Palacio Nacional, con el gobernante tamaulipeco.<br \/>\nLa Primera Mandataria del pa\u00eds se ha visto y encontrado en p\u00fablico, por supuesto, con todos<br \/>\nlos Ejecutivos de los Estados, pero en la sede del Poder Nacional, en privado, solo se sabe de<br \/>\nesta reuni\u00f3n celebrada con el doctor AM\u00c9RICO VILLARREAL ANAYA.<br \/>\nEl contenido expreso del di\u00e1logo, qued\u00f3 en las cuatro paredes del sal\u00f3n presidencial.<br \/>\nEl lenguaje no verbal, de llegada y salida, por la referencia de testigos directos de tales<br \/>\nmomentos, fue en el sentido de aprecio, de reconocimiento, de alegr\u00eda, de coordinaci\u00f3n, de<br \/>\nempat\u00eda, de deferencia.<br \/>\nNo har\u00eda falta decirlo con aquellas evidencias, pero otros trascendidos hablan de que la<br \/>\nPresidenta, con todas las potestades que le dan no solo ser cabeza y gu\u00eda de las instituciones<br \/>\ndel pa\u00eds, sino adem\u00e1s, por el liderazgo que le extiende la muy amplia ascendencia entre el<br \/>\ngrueso de los mexicanos, reivindic\u00f3 las primicias de ese mismo rol, que para los efectos de<br \/>\nTamaulipas y los tamaulipecos, ejerce el galeno gobernante.<br \/>\nCon palitos y manzanitas, para quienes no les alcanza el cacumen, AM\u00c9RICO es el \u00fanico<br \/>\ndecidor, actor, interlocutor, conducto, ejecutor de todas las definiciones y acciones para con el<br \/>\ncentro pol\u00edtico y ejecutivo del pa\u00eds respecto de Tamaulipas, de hecho, pero adem\u00e1s, con el aval<br \/>\ny decisi\u00f3n del m\u00e1ximo liderazgo pol\u00edtico del pa\u00eds.<br \/>\nO lo que es lo mismo: llegados los tiempos, ser\u00e1 el Gobernador AM\u00c9RICO VILLARREAL<br \/>\nANAYA el fiel de la balanza, en las definiciones de las candidaturas de MORENA y sus aliados<br \/>\ndel 2027 y el mismo 2028, a la hora de la sucesi\u00f3n estatal propia.<br \/>\nNo se trata de una concesi\u00f3n ciega, gratuita, espont\u00e1nea.<br \/>\nEs m\u00e1s bien la consecuencia de las coincidencias, afinidades, reconocimientos, que<br \/>\ntrascienden al cari\u00f1o que se profesen y se imponen por la conciencia y aprecio del talento, la<br \/>\nserenidad, la sensibilidad y el buen juicio que s\u00ed, nacen en perfiles y convicciones.<br \/>\nEsos son los valores que le abrieron al doctor AM\u00c9RICO las puertas de Palacio Nacional para<br \/>\nreunirse con la Presidenta de la Rep\u00fablica hace unos d\u00edas y dibujar, en corto, el horizonte<br \/>\nmediato de Tamaulipas sobre los mejores escenarios posibles.<br \/>\nParece una verdad de Perogrullo, pero dados los pretendidos desplantes de algunos<br \/>\npersonajes que juegan a ganarle tiempo al tiempo, resulta puntual poner los puntos sobre las<br \/>\n\u00edes, para que luego no haya sorprendidos.<\/p>\n<p>AM\u00c9RICO lleva la voz cantante y en el aqu\u00ed y ahora, su decir es de que, a\u00fan no son los<br \/>\ntiempos.<br \/>\nLlegado el momento se evaluar\u00e1n los perfiles de los presuntos aspirantes, para tomar la mejor<br \/>\ndecisi\u00f3n, de cara a los intereses y aspiraciones del pueblo, considerando el amplio abanico de<br \/>\nnecesidades, con todos los vectores incidentes.<br \/>\nHoy solo cuenta la resta de puntos, para aquellos que desconociendo los signos de los<br \/>\ntiempos, piensan que pueden torcer el curso del destino a su favor, a partir de grillas,<br \/>\npresiones, terceras personas de aqu\u00ed, all\u00e1 y acull\u00e1, comprando conciencias o vendiendo<br \/>\ndignidades.<br \/>\nPara cada caso, ll\u00e1mese alcald\u00edas, regidur\u00edas, sindicaturas, diputaciones locales y federales,<br \/>\nas\u00ed como la gubernatura misma, ser\u00e1n candidatos quienes tengan qu\u00e9 ser, porque as\u00ed conviene<br \/>\nal conglomerado, en la valoraci\u00f3n personal\u00edsima del liderazgo pol\u00edtico actuante.<br \/>\nBien vendr\u00eda, a los aspirantes a actores pol\u00edticos, empezar por un curso para que entiendan<br \/>\nbien el concepto de liderazgo y a partir de ello, puedan identificarlos correctamente.<br \/>\nEl resultado de la ecuaci\u00f3n, en el pa\u00eds, tiene nombre y apellido: se llama CLAUDIA<br \/>\nSHEINBAUM PARDO\u2026 y en el estado AM\u00c9RICO VILLARREAL ANAYA.<br \/>\nEso resulta f\u00e1cil de aprender. Entender c\u00f3mo pasa la \u201cx\u201d y la \u201cy\u201d de un extremo al otro de la<br \/>\necuaci\u00f3n, sumando, multiplicando y en el momento justo, restando y dividiendo, es la cuesti\u00f3n<br \/>\nmayor.<br \/>\nEso ya resulta prohibitivo para principiantes\u2026 corresponde solo a los avezados.<\/p>\n<\/div>\n","protected":false},"excerpt":{"rendered":"<p>LOS HECHOS POR Jos\u00e9 In\u00e9s Figueroa Vitela Hay quienes todav\u00eda no entienden ni identifican el concepto y la figura de \u201cliderazgo\u201d. Afortunadamente, para los tamaulipecos, sobran los dedos de la mano para contarlos, y en el ostracismo seguir\u00e1n perdidos, viendo pasar el tiempo\u2026 de lejos y desde fuera. Hace unos d\u00edas, la Presidenta de la [&hellip;]<\/p>\n","protected":false},"author":1,"featured_media":213853,"comment_status":"closed","ping_status":"closed","sticky":false,"template":"","format":"standard","meta":{"footnotes":""},"categories":[16],"tags":[],"class_list":["post-215651","post","type-post","status-publish","format-standard","has-post-thumbnail","hentry","category-opinion"],"_links":{"self":[{"href":"https:\/\/www.elsinodaldetamaulipas.com.mx\/index.php?rest_route=\/wp\/v2\/posts\/215651","targetHints":{"allow":["GET"]}}],"collection":[{"href":"https:\/\/www.elsinodaldetamaulipas.com.mx\/index.php?rest_route=\/wp\/v2\/posts"}],"about":[{"href":"https:\/\/www.elsinodaldetamaulipas.com.mx\/index.php?rest_route=\/wp\/v2\/types\/post"}],"author":[{"embeddable":true,"href":"https:\/\/www.elsinodaldetamaulipas.com.mx\/index.php?rest_route=\/wp\/v2\/users\/1"}],"replies":[{"embeddable":true,"href":"https:\/\/www.elsinodaldetamaulipas.com.mx\/index.php?rest_route=%2Fwp%2Fv2%2Fcomments&post=215651"}],"version-history":[{"count":1,"href":"https:\/\/www.elsinodaldetamaulipas.com.mx\/index.php?rest_route=\/wp\/v2\/posts\/215651\/revisions"}],"predecessor-version":[{"id":215652,"href":"https:\/\/www.elsinodaldetamaulipas.com.mx\/index.php?rest_route=\/wp\/v2\/posts\/215651\/revisions\/215652"}],"wp:featuredmedia":[{"embeddable":true,"href":"https:\/\/www.elsinodaldetamaulipas.com.mx\/index.php?rest_route=\/wp\/v2\/media\/213853"}],"wp:attachment":[{"href":"https:\/\/www.elsinodaldetamaulipas.com.mx\/index.php?rest_route=%2Fwp%2Fv2%2Fmedia&parent=215651"}],"wp:term":[{"taxonomy":"category","embeddable":true,"href":"https:\/\/www.elsinodaldetamaulipas.com.mx\/index.php?rest_route=%2Fwp%2Fv2%2Fcategories&post=215651"},{"taxonomy":"post_tag","embeddable":true,"href":"https:\/\/www.elsinodaldetamaulipas.com.mx\/index.php?rest_route=%2Fwp%2Fv2%2Ftags&post=215651"}],"curies":[{"name":"wp","href":"https:\/\/api.w.org\/{rel}","templated":true}]}}