{"id":215653,"date":"2025-12-01T17:47:57","date_gmt":"2025-12-01T21:47:57","guid":{"rendered":"https:\/\/www.elsinodaldetamaulipas.com.mx\/?p=215653"},"modified":"2025-12-01T17:47:57","modified_gmt":"2025-12-01T21:47:57","slug":"la-reaparicion-de-amlo","status":"publish","type":"post","link":"https:\/\/www.elsinodaldetamaulipas.com.mx\/?p=215653","title":{"rendered":"LA REAPARICI\u00d3N DE AMLO"},"content":{"rendered":"<div class=\"post-content\">\n<p>LA COMUNA<\/p>\n<p>&nbsp;<\/p>\n<p>Jos\u00e9 \u00c1ngel Solorio Mart\u00ednez<\/p>\n<p>El regreso de Andr\u00e9s Manuel L\u00f3pez Obrador, desde su finca en Palenque, tras la portada de su libro Grandeza, despert\u00f3 m\u00faltiples y variadas interpretaciones. Sus detractores, fueron los que mayor histeria trasudaron; sus aliados y simpatizantes, lo vitorearon con una singular alegr\u00eda signo inequ\u00edvoco de la vigencia de su movimiento.<br \/>\nLa presentaci\u00f3n de su nueva obra pas\u00f3 a segundo plano.<br \/>\nY c\u00f3mo no: el escenario no est\u00e1 para bollos.<br \/>\nLa derecha, -est\u00e1 comprobado- no se detiene en su esfuerzo de regresar al poder; y en ese camino, est\u00e1 dispuesta a transitar por cualquier sendero incluso el de la violencia.<br \/>\n\u00bfYa se olvid\u00f3 a Carlos Salinas?<br \/>\nLuis Donaldo Colosio y Mario Ruiz Massieu -cuando el PRI se derechiz\u00f3- fueron sacrificados y la inhumana guerra contra el narco desatada por Felipe Calder\u00f3n para legitimarse, tras ganar por medio de uno de los fraudes electorales m\u00e1s infames que se recuerde.<br \/>\nNo es met\u00e1fora: el poder neoliberal, se levant\u00f3 con los cimientos de miles de esqueletos y el uso fatal de un mar de sangre.<br \/>\nAMLO conoce la historia.<br \/>\nDe ella abreva su sapiencia pol\u00edtica.<br \/>\nSabe que los conservadores, para retomar sus privilegios, utilizan cualquier justificaci\u00f3n. Incluso, hasta la intervenci\u00f3n extranjera para demoler al gobierno que lesiona sus intereses.<br \/>\nJusto eso pas\u00f3 en Chile.<br \/>\nLas \u00e9lites abrieron las puertas a los norteamericanos y al fascismo para recuperar el enclave minero nacional. Sobra decirlo: muchos patriotas, dieron sus vidas en defensa de su presidente Salvador Allende.<br \/>\nEl movimiento conservador est\u00e1 debilitado. La Reforma Judicial, quit\u00f3 una de las armas en manos de la oligarqu\u00eda. La Ley de Aguas, otro cambio en la legislaci\u00f3n que retirar\u00e1 el negocio de los bienes h\u00eddricos nacionales, a los caciques, ser\u00e1 otro golpe doloroso para los potentados agrarios.<br \/>\nA mayor profundidad de las reformas, mayor rencor de las \u00e9lites.<br \/>\nPor eso AMLO manda el mensaje: si atentan contra la democracia, saldr\u00e9 a las calles.<br \/>\nIgual si siguen hostigando a Claudia.<br \/>\nEsto, seguramente se escuch\u00f3 en USA.<br \/>\nA falta de Sheinbaum, entrar\u00eda el pa\u00eds en paisajes trepidantes e incendiarios. A nadie conviene; ni a los empresarios, ni a los norteamericanos, ni a la derecha moderada. Por una simple y llana raz\u00f3n: abrir\u00edan el paso a la V Transformaci\u00f3n.<br \/>\nGrave.<br \/>\nSe cancelar\u00eda la opci\u00f3n del voto ciudadano, como herramienta transformadora.<br \/>\nLa derecha, ni conoce ni le interesa la historia.<br \/>\n\u00bfRecuerdan qu\u00e9 pas\u00f3 con Francisco I. Madero en 1913?<br \/>\nLa moderaci\u00f3n, fue reemplazada por la revoluci\u00f3n.<br \/>\nEso dijo AMLO -entre l\u00edneas- en su discurso de Palenque.<\/p>\n<\/div>\n","protected":false},"excerpt":{"rendered":"<p>LA COMUNA &nbsp; Jos\u00e9 \u00c1ngel Solorio Mart\u00ednez El regreso de Andr\u00e9s Manuel L\u00f3pez Obrador, desde su finca en Palenque, tras la portada de su libro Grandeza, despert\u00f3 m\u00faltiples y variadas interpretaciones. Sus detractores, fueron los que mayor histeria trasudaron; sus aliados y simpatizantes, lo vitorearon con una singular alegr\u00eda signo inequ\u00edvoco de la vigencia de [&hellip;]<\/p>\n","protected":false},"author":1,"featured_media":214788,"comment_status":"closed","ping_status":"closed","sticky":false,"template":"","format":"standard","meta":{"footnotes":""},"categories":[16],"tags":[],"class_list":["post-215653","post","type-post","status-publish","format-standard","has-post-thumbnail","hentry","category-opinion"],"_links":{"self":[{"href":"https:\/\/www.elsinodaldetamaulipas.com.mx\/index.php?rest_route=\/wp\/v2\/posts\/215653","targetHints":{"allow":["GET"]}}],"collection":[{"href":"https:\/\/www.elsinodaldetamaulipas.com.mx\/index.php?rest_route=\/wp\/v2\/posts"}],"about":[{"href":"https:\/\/www.elsinodaldetamaulipas.com.mx\/index.php?rest_route=\/wp\/v2\/types\/post"}],"author":[{"embeddable":true,"href":"https:\/\/www.elsinodaldetamaulipas.com.mx\/index.php?rest_route=\/wp\/v2\/users\/1"}],"replies":[{"embeddable":true,"href":"https:\/\/www.elsinodaldetamaulipas.com.mx\/index.php?rest_route=%2Fwp%2Fv2%2Fcomments&post=215653"}],"version-history":[{"count":1,"href":"https:\/\/www.elsinodaldetamaulipas.com.mx\/index.php?rest_route=\/wp\/v2\/posts\/215653\/revisions"}],"predecessor-version":[{"id":215654,"href":"https:\/\/www.elsinodaldetamaulipas.com.mx\/index.php?rest_route=\/wp\/v2\/posts\/215653\/revisions\/215654"}],"wp:featuredmedia":[{"embeddable":true,"href":"https:\/\/www.elsinodaldetamaulipas.com.mx\/index.php?rest_route=\/wp\/v2\/media\/214788"}],"wp:attachment":[{"href":"https:\/\/www.elsinodaldetamaulipas.com.mx\/index.php?rest_route=%2Fwp%2Fv2%2Fmedia&parent=215653"}],"wp:term":[{"taxonomy":"category","embeddable":true,"href":"https:\/\/www.elsinodaldetamaulipas.com.mx\/index.php?rest_route=%2Fwp%2Fv2%2Fcategories&post=215653"},{"taxonomy":"post_tag","embeddable":true,"href":"https:\/\/www.elsinodaldetamaulipas.com.mx\/index.php?rest_route=%2Fwp%2Fv2%2Ftags&post=215653"}],"curies":[{"name":"wp","href":"https:\/\/api.w.org\/{rel}","templated":true}]}}