{"id":215663,"date":"2025-12-01T19:55:15","date_gmt":"2025-12-01T23:55:15","guid":{"rendered":"https:\/\/www.elsinodaldetamaulipas.com.mx\/?p=215663"},"modified":"2025-12-01T19:55:15","modified_gmt":"2025-12-01T23:55:15","slug":"quinientas-voces-una-sola-tarea","status":"publish","type":"post","link":"https:\/\/www.elsinodaldetamaulipas.com.mx\/?p=215663","title":{"rendered":"QUINIENTAS VOCES; UNA SOLA TAREA"},"content":{"rendered":"<p>Por: Lic. Jes\u00fas El\u00edas R\u00edos Reyna LSP<\/p>\n<p>&nbsp;<\/p>\n<p>\u00a1Evangelizar a los Laicos para Evangelizar con los Laicos! El pasado s\u00e1bado 29 de noviembre, tuvo verificativo la asamblea electiva de los Laicos Servidores de la Palabra en el Centro Misionero Monterrey.<\/p>\n<p>&nbsp;<\/p>\n<p>En el habitual ambiente de oraci\u00f3n, reflexi\u00f3n y fraternidad se eligi\u00f3 la coordinaci\u00f3n regional de la zona norte. Cabe hacer menci\u00f3n de que este Centro Misionero Monterrey, tiene la mayor cobertura territorial.<\/p>\n<p>&nbsp;<\/p>\n<p>Actualmente tenemos presencia verificada en las 4 Diocesis del estado de Tamaulipas, Arquidi\u00f3cesis de Monterrey, Diocesis de Saltillo y Diocesis de G\u00f3mez Palacio Durango. Aproximadamente quinientas voces activas, y en formaci\u00f3n permanente. \u00bfQu\u00e9 necesitamos? Llegar a por lo menos una decena de Diocesis m\u00e1s, \u00bfpara qu\u00e9? Para llevar el mensaje de la Palabra, no desde la sola lectura de un texto B\u00edblico; sino con el testimonio.<\/p>\n<p>&nbsp;<\/p>\n<p>Los Laicos Servidores de la Palabra (LSP) somos hombres y mujeres comunes, cada uno con una historia enriquecida por la Palabra de Dios. Matrimonios, universitarios, j\u00f3venes; todos comprometidos por gratitud.<\/p>\n<p>&nbsp;<\/p>\n<p>Somos parte de la familia misionera Servidores de la Palabra, compartimos bimestralmente la revista Inquietud Nueva. \u00bfQu\u00e9 ofrecemos? Un estudio met\u00f3dico de la Biblia, y escucha sin juicios.<\/p>\n<p>&nbsp;<\/p>\n<p>La realidad actual nos invita a ser emp\u00e1ticos y lo somos: Guanajuato, Yucat\u00e1n y Nuevo Le\u00f3n. Tres estados bendecidos, cada uno con una casa de oraci\u00f3n silencio y paz. Terapia intensiva de 2 d\u00edas, solo Jes\u00fas y Tu.<\/p>\n<p>&nbsp;<\/p>\n<p>No somos una secta, ni pretendemos arrebatar personas. Nuestra tarea es Evangelizar, as\u00ed las personas o familias pueden adherirse a las parroquias para sumar fuerza de trabajo y testimonio de vida plena.<\/p>\n<p>&nbsp;<\/p>\n<p>En la fotograf\u00eda oficial de la nueva coordinaci\u00f3n regional 2025 \u2013 2028, aparecen 10 rostros. Aunque detr\u00e1s estamos mas de 400, solo por convicci\u00f3n, y claro; por la paz interior que nos da seguir al Maestro.<\/p>\n<p>&nbsp;<\/p>\n<p>Tenemos todo para avanzar, con Cristo Misionero y la Virgen del Magn\u00edficat. Hemos sido transformados por la Palabra, quinientas voces que no debemos callar. Por ti, por mi y por los que sin saber buscan paz.<\/p>\n","protected":false},"excerpt":{"rendered":"<p>Por: Lic. Jes\u00fas El\u00edas R\u00edos Reyna LSP &nbsp; \u00a1Evangelizar a los Laicos para Evangelizar con los Laicos! El pasado s\u00e1bado 29 de noviembre, tuvo verificativo la asamblea electiva de los Laicos Servidores de la Palabra en el Centro Misionero Monterrey. &nbsp; En el habitual ambiente de oraci\u00f3n, reflexi\u00f3n y fraternidad se eligi\u00f3 la coordinaci\u00f3n regional [&hellip;]<\/p>\n","protected":false},"author":1,"featured_media":215664,"comment_status":"closed","ping_status":"closed","sticky":false,"template":"","format":"standard","meta":{"footnotes":""},"categories":[16],"tags":[],"class_list":["post-215663","post","type-post","status-publish","format-standard","has-post-thumbnail","hentry","category-opinion"],"_links":{"self":[{"href":"https:\/\/www.elsinodaldetamaulipas.com.mx\/index.php?rest_route=\/wp\/v2\/posts\/215663","targetHints":{"allow":["GET"]}}],"collection":[{"href":"https:\/\/www.elsinodaldetamaulipas.com.mx\/index.php?rest_route=\/wp\/v2\/posts"}],"about":[{"href":"https:\/\/www.elsinodaldetamaulipas.com.mx\/index.php?rest_route=\/wp\/v2\/types\/post"}],"author":[{"embeddable":true,"href":"https:\/\/www.elsinodaldetamaulipas.com.mx\/index.php?rest_route=\/wp\/v2\/users\/1"}],"replies":[{"embeddable":true,"href":"https:\/\/www.elsinodaldetamaulipas.com.mx\/index.php?rest_route=%2Fwp%2Fv2%2Fcomments&post=215663"}],"version-history":[{"count":1,"href":"https:\/\/www.elsinodaldetamaulipas.com.mx\/index.php?rest_route=\/wp\/v2\/posts\/215663\/revisions"}],"predecessor-version":[{"id":215665,"href":"https:\/\/www.elsinodaldetamaulipas.com.mx\/index.php?rest_route=\/wp\/v2\/posts\/215663\/revisions\/215665"}],"wp:featuredmedia":[{"embeddable":true,"href":"https:\/\/www.elsinodaldetamaulipas.com.mx\/index.php?rest_route=\/wp\/v2\/media\/215664"}],"wp:attachment":[{"href":"https:\/\/www.elsinodaldetamaulipas.com.mx\/index.php?rest_route=%2Fwp%2Fv2%2Fmedia&parent=215663"}],"wp:term":[{"taxonomy":"category","embeddable":true,"href":"https:\/\/www.elsinodaldetamaulipas.com.mx\/index.php?rest_route=%2Fwp%2Fv2%2Fcategories&post=215663"},{"taxonomy":"post_tag","embeddable":true,"href":"https:\/\/www.elsinodaldetamaulipas.com.mx\/index.php?rest_route=%2Fwp%2Fv2%2Ftags&post=215663"}],"curies":[{"name":"wp","href":"https:\/\/api.w.org\/{rel}","templated":true}]}}