{"id":215667,"date":"2025-12-01T19:57:29","date_gmt":"2025-12-01T23:57:29","guid":{"rendered":"https:\/\/www.elsinodaldetamaulipas.com.mx\/?p=215667"},"modified":"2025-12-01T19:57:29","modified_gmt":"2025-12-01T23:57:29","slug":"el-reto-del-fiscal-es-generar-confianza","status":"publish","type":"post","link":"https:\/\/www.elsinodaldetamaulipas.com.mx\/?p=215667","title":{"rendered":"EL RETO DEL FISCAL ES GENERAR CONFIANZA"},"content":{"rendered":"<div class=\"post-content\">\n<p>\u00bfQui\u00e9n cree en la Fiscal\u00eda de Tamaulipas?, una encuesta ser\u00eda tendr\u00eda preocupado al nuevo Fiscal General del Estado, Eduardo Govea Orozco, porque realmente est\u00e1 instituci\u00f3n est\u00e1 por los suelos en ese aspecto y peor se pone la situaci\u00f3n cuando se dan a conocer los datos duros, es decir, los resultados de su tarea, por darle un n\u00famero, menos del uno por ciento de los delitos se resuelven.<\/p>\n<p>Vaya, dir\u00e1n que m\u00e1s del 84 por ciento de los casos que presentan en los tribunales les resultan favorables a sus expectativas, pero la verdad es que se dedican a atosigar a delincuentes menores, a hacerles la vida de cuadritos a quienes no tienen dinero o cometieron un error, a poner a jalar a los juzgados con temas a veces irrelevantes, impugnando decisiones sin el menor criterio, es decir, sin evaluar si los presuntos delincuentes son un peligro real o no para la sociedad o pasando por algo los mismos, como es la posibilidad de que vuelvan a delinquir o no.<\/p>\n<p>Hay cosas peores, a sus funcionarios y polic\u00edas les falta capacitaci\u00f3n, inteligencia real a la hora de investigar, capacidad para hacerlo por las herramientas inexistentes y, si existen, alguien las est\u00e1 mal utilizando, le insisto, los datos duros son contundentes, se han puesto a fingir resultados, atrapando y buscando que se aplique todo el peso de la ley a quienes cometen un error, a quienes delinquen por situaciones de peso pero no lo volver\u00edan a hacer, pero no contra los verdaderos delincuentes.<\/p>\n<p>La Fiscal\u00eda de verdad requiere una remodelaci\u00f3n de pies a cabeza, en algunos casos necesita incluso derrumbar lo que existe para comenzar de cero y no se lo digo porque sea un experto en temas de seguridad y justicia, no, solo es sentido com\u00fan ante la percepci\u00f3n ciudadana y los datos duros que se arrojan sobre el actuar de la misma.<\/p>\n<p>Govea Orozco, como se dice coloquialmente, se ha sacado la rifa del tigre, ha llegado a una instituci\u00f3n en la que nadie cree, que tiene mala fama, no solo eso, sino que tampoco la respaldan resultados por m\u00e1s n\u00fameros bonitos que el Fiscal que ya se va hace presumir en redes y cada que tiene oportunidad en entrevistas a la prensa.<\/p>\n<p>Es bajo esa tesitura cuando queda claro que ahora el reto de la Fiscal\u00eda es generar confianza y eso solo se logra con resultados claros, no y\u00e9ndose como perros rabiosos contra delincuentes de ocasi\u00f3n como ha ocurrido tradicionalmente y hasta hoy, sino contra los que verdaderamente hacen su modus vivendi del delito e incluso contra estructuras u organizaciones que protegen y fomentan el mismo.<\/p>\n<p>La tarea no es imposible si se comienza por lo principal, capacitar a los polic\u00edas y mandos, dotarlos de herramientas para su trabajo, cuidar a los mismos bajo ciertas acciones que todos ellos conocen y trabajar bajo una estrategia adecuada.<\/p>\n<p>Es claro que el nuevo Fiscal, Eduardo Govea Orozco, conoce la situaci\u00f3n, se ha movido toda su vida en ese ambiente, veremos a quienes invita a su equipo porque es obvio que tiene que cambiar mandos, porque ser\u00e1 importante el nuevo equipo que le acompa\u00f1e.<\/p>\n<p>Porque el Fiscal se va a enterar de otra situaci\u00f3n, que a partir de la fecha que tome protesta y se ponga a trabajar en las tareas que a \u00e9l corresponden ya no tendr\u00e1 el manto protector de quien lo ha impulsado ni el respaldo de los 27 votos morenos obtenidos en el Congreso del Estado, lo que sigue ser\u00e1 por su cuenta y responsabilidad, con un agregado, se ha puesto la diana en la frente para los ataques medi\u00e1ticos en su contra, al Fiscal ser\u00e1 el principal objetivo del cabecismo a partir de ahora, pero tambi\u00e9n de la sociedad inconforme con la transformaci\u00f3n, que tal vez sean pocos, pero nadie duda que son muy ruidosos.<\/p>\n<p>Ah\u00ed nace la duda sobre la capacidad de Govea para revertir la percepci\u00f3n que tiene la sociedad sobre esa instituci\u00f3n, es un trabajo que no ser\u00e1 nada sencillo, menos cuando se tendr\u00e1 que ir pisando callos y dejando heridos en el trayecto.<\/p>\n<p>Por Tamaulipas esperemos que las cosas cambien, que esa instituci\u00f3n se ponga a jalar con una visi\u00f3n diferente, que realmente busque participar para que regrese la paz y no como la actual que ataca con todo a los delincuentes ocasionales o sin dinero, pero no da un solo golpe contra quienes en realidad merecen estar tras de los barrotes, por eso le insisto, el reto de generar confianza es dif\u00edcil cuando se va cuesta arriba o contra corriente de muchos intereses que se han enquistado en esa instituci\u00f3n, por eso la pregunta, \u00bfpodr\u00e1 Govea?, esperemos que s\u00ed\u2026<\/p>\n<p>EVAL\u00daA GOBERNADOR REACTIVACI\u00d3N DE LA MINER\u00cdA EN SAN NICOL\u00c1S\u2026 -Am\u00e9rico Villarreal impulsa nuevas posibilidades de desarrollo para una regi\u00f3n antes minera y rica, tambi\u00e9n en tradiciones donde incluso ya se apoya a productores de mezcal<\/p>\n<p>En un acto desarrollado en San Nicol\u00e1s, Tamaulipas, como parte de su gira de trabajo por el municipio, el gobernador Am\u00e9rico Villarreal Anaya realiz\u00f3 una visita a la mina San Jos\u00e9, en el ejido Las V\u00edrgenes, en donde dialog\u00f3 con los pobladores de esta comunidad para evaluar la posibilidad de reactivar la extracci\u00f3n de minerales.<\/p>\n<p>Acompa\u00f1ado por la presidenta del DIF Tamaulipas, Mar\u00eda de Villarreal, y junto a la presidenta municipal, Analy Becerra Res\u00e9ndez, el gobernador escuch\u00f3 a don Manuel Castellanos, quien durante muchos a\u00f1os trabaj\u00f3 en la mina cuya concesi\u00f3n era operada por la Compa\u00f1\u00eda Minera Moctezuma y Anexas, as\u00ed como al comisariado ejidal, Antonio Aguirre, quienes le explicaron las condiciones en que se encuentra este centro minero, inactivo desde hace varios a\u00f1os.<\/p>\n<p>El gobernador instruy\u00f3 al secretario de Desarrollo Energ\u00e9tico, Walter \u00c1ngel Jim\u00e9nez, a realizar los estudios necesarios para conocer la situaci\u00f3n de la mina y su factibilidad para emprender alg\u00fan proyecto que brinde nuevas posibilidades de desarrollo a esta regi\u00f3n.<\/p>\n<p>Luego de atender algunas peticiones de los pobladores del ejido Las V\u00edrgenes, quienes le recordaron una visita a inicios de los a\u00f1os 90\u2019s del entonces gobernador Am\u00e9rico Villarreal Guerra, el mandatario tamaulipeco explic\u00f3 que en este municipio tambi\u00e9n se apoya a productores de mezcal y se eval\u00faan acciones para impulsar la producci\u00f3n de ganado caprino.<\/p>\n<p>El gobernador recibi\u00f3 un relieve del mapa de Tamaulipas elaborado en piedra laja por Juan Antonio Res\u00e9ndez, originario de este ejido.<\/p>\n<p>PRESENTA LA UAT LIBRO SOBRE LOS NUEVOS DESAF\u00cdOS DE LA EDUCACI\u00d3N\u2026 Como parte de los esfuerzos por generar y divulgar conocimiento en torno a la evoluci\u00f3n del sistema educativo y sus nuevos retos, la Universidad Aut\u00f3noma de Tamaulipas (UAT) public\u00f3 el libro \u201cIntervenci\u00f3n, gesti\u00f3n e innovaci\u00f3n educativa: Desaf\u00edos te\u00f3ricos y metodol\u00f3gicos\u201d, cuya obra aborda temas que impactan en el proceso de ense\u00f1anza-aprendizaje de los distintos niveles de la educaci\u00f3n en M\u00e9xico.<\/p>\n<p>Esta publicaci\u00f3n es resultado del trabajo acad\u00e9mico en materia de posgrado realizado por la Facultad de Ciencias de la Educaci\u00f3n y Humanidades (FCEH) de la UAT, como una estrategia institucional orientada a construir una cultura de investigaci\u00f3n inclusiva, reflexiva y transformadora.<\/p>\n<p>Al respecto, la directora de la FCEH, Elsa Fernanda Gonz\u00e1lez Quintero, explic\u00f3 que la publicaci\u00f3n re\u00fane las investigaciones en materia pedag\u00f3gica de estudiantes del Doctorado en Gesti\u00f3n e Innovaci\u00f3n Educativa que fueron presentadas en el seminario de este posgrado.<\/p>\n<p>Destac\u00f3 que el libro contiene temas centrados en educaci\u00f3n b\u00e1sica, media superior y superior, en un proyecto coordinado por las catedr\u00e1ticas Rosa Delia Cervantes Castro, X\u00f3chitl G\u00f3mez Cordero y Evelia Res\u00e9ndiz Balderas, as\u00ed como el profesor Tom\u00e1s Alfredo Moreno de Le\u00f3n.<\/p>\n<p>Esta obra tiene como prop\u00f3sito fortalecer la investigaci\u00f3n en materia pedag\u00f3gica y hacer m\u00e1s completas las trayectorias formativas de los estudiantes de maestr\u00eda y doctorado mediante su participaci\u00f3n en procesos reales de gesti\u00f3n, producci\u00f3n y divulgaci\u00f3n cient\u00edfica.<\/p>\n<p>El libro est\u00e1 conformado de once cap\u00edtulos, derivados de las presentaciones realizadas durante el primer a\u00f1o y medio del seminario, entre los que destacan los temas: La educaci\u00f3n familiar en el rendimiento acad\u00e9mico de estudiantes de educaci\u00f3n media superior; Innovaci\u00f3n de metodolog\u00edas de investigaci\u00f3n en estudios de comprensi\u00f3n de textos; Gamificaci\u00f3n y divulgaci\u00f3n cient\u00edfica como estrategias innovadoras para la ense\u00f1anza de las ciencias; y La narrativa como eje transformador en la educaci\u00f3n: creatividad, empat\u00eda y aprendizaje multimodal.<\/p>\n<p>INSTALAN MESA DE BIENESTAR EN VICTORIA\u2026 En la primera sesi\u00f3n de la Mesa de Bienestar Municipal, presidida por el alcalde de Victoria, Eduardo Gatt\u00e1s B\u00e1ez se acord\u00f3 fortalecer la coordinaci\u00f3n entre las instituciones de los tres \u00f3rdenes de gobierno para alinear esfuerzos y atender con precisi\u00f3n las necesidades comunitarias.<\/p>\n<p>Los temas centrales de la agenda tem\u00e1tica fueron expuestos por la Directora del Instituto de las Mujeres en Tamaulipas Marcia Benavides Villafranca y los representantes LICONSA, Alimentaci\u00f3n para el Bienestar, Becas para el Bienestar y por el municipio el Sistema DIF Victoria y Bienestar Social.<\/p>\n<p>El alcalde de Victoria reiter\u00f3 la necesidad de fortalecer el trabajo en equipo para seguir reduciendo brechas de desigualdad y otros factores que afectan a la sociedad; \u201ccuenten con el Gobierno de Eduardo Gatt\u00e1s B\u00e1ez para cambiar los n\u00fameros en Victoria\u201d, fue su propuesta.<\/p>\n<p>Reunidos en la sala de Cabildo en la Mesa de Bienestar se expusieron los programas asistenciales y las pol\u00edticas p\u00fablicas que influyen en temas de salud, educaci\u00f3n, seguridad, alimentaci\u00f3n y desarrollo comunitario, integr\u00e1ndose a la agenda el INSABI, la SADER, Secretar\u00eda de Gobernaci\u00f3n y la Secretar\u00eda de Desarrollo Rural Estatal.<\/p>\n<p>Coloque en el buscador de facebok @CENADeNegros1 y le agradecer\u00e9 que me regale un Me Gusta, adem\u00e1s nos puede seguir en la cuenta de X @gatovaliente y, como siempre, le dejo el correo electr\u00f3nico a sus \u00f3rdenes para lo que guste y mande\u2026\u00a0<a href=\"mailto:marcovazquez20001@hotmail.com\" target=\"_blank\" rel=\"noreferrer noopener\">marcovazquez20001@hotmail.com<\/a><\/p>\n<\/div>\n","protected":false},"excerpt":{"rendered":"<p>\u00bfQui\u00e9n cree en la Fiscal\u00eda de Tamaulipas?, una encuesta ser\u00eda tendr\u00eda preocupado al nuevo Fiscal General del Estado, Eduardo Govea Orozco, porque realmente est\u00e1 instituci\u00f3n est\u00e1 por los suelos en ese aspecto y peor se pone la situaci\u00f3n cuando se dan a conocer los datos duros, es decir, los resultados de su tarea, por darle [&hellip;]<\/p>\n","protected":false},"author":1,"featured_media":214941,"comment_status":"closed","ping_status":"closed","sticky":false,"template":"","format":"standard","meta":{"footnotes":""},"categories":[16],"tags":[],"class_list":["post-215667","post","type-post","status-publish","format-standard","has-post-thumbnail","hentry","category-opinion"],"_links":{"self":[{"href":"https:\/\/www.elsinodaldetamaulipas.com.mx\/index.php?rest_route=\/wp\/v2\/posts\/215667","targetHints":{"allow":["GET"]}}],"collection":[{"href":"https:\/\/www.elsinodaldetamaulipas.com.mx\/index.php?rest_route=\/wp\/v2\/posts"}],"about":[{"href":"https:\/\/www.elsinodaldetamaulipas.com.mx\/index.php?rest_route=\/wp\/v2\/types\/post"}],"author":[{"embeddable":true,"href":"https:\/\/www.elsinodaldetamaulipas.com.mx\/index.php?rest_route=\/wp\/v2\/users\/1"}],"replies":[{"embeddable":true,"href":"https:\/\/www.elsinodaldetamaulipas.com.mx\/index.php?rest_route=%2Fwp%2Fv2%2Fcomments&post=215667"}],"version-history":[{"count":1,"href":"https:\/\/www.elsinodaldetamaulipas.com.mx\/index.php?rest_route=\/wp\/v2\/posts\/215667\/revisions"}],"predecessor-version":[{"id":215668,"href":"https:\/\/www.elsinodaldetamaulipas.com.mx\/index.php?rest_route=\/wp\/v2\/posts\/215667\/revisions\/215668"}],"wp:featuredmedia":[{"embeddable":true,"href":"https:\/\/www.elsinodaldetamaulipas.com.mx\/index.php?rest_route=\/wp\/v2\/media\/214941"}],"wp:attachment":[{"href":"https:\/\/www.elsinodaldetamaulipas.com.mx\/index.php?rest_route=%2Fwp%2Fv2%2Fmedia&parent=215667"}],"wp:term":[{"taxonomy":"category","embeddable":true,"href":"https:\/\/www.elsinodaldetamaulipas.com.mx\/index.php?rest_route=%2Fwp%2Fv2%2Fcategories&post=215667"},{"taxonomy":"post_tag","embeddable":true,"href":"https:\/\/www.elsinodaldetamaulipas.com.mx\/index.php?rest_route=%2Fwp%2Fv2%2Ftags&post=215667"}],"curies":[{"name":"wp","href":"https:\/\/api.w.org\/{rel}","templated":true}]}}