{"id":215670,"date":"2025-12-01T20:00:53","date_gmt":"2025-12-02T00:00:53","guid":{"rendered":"https:\/\/www.elsinodaldetamaulipas.com.mx\/?p=215670"},"modified":"2025-12-01T20:00:53","modified_gmt":"2025-12-02T00:00:53","slug":"morena-ya-tiene-favorita-se-llama-olga-sosa","status":"publish","type":"post","link":"https:\/\/www.elsinodaldetamaulipas.com.mx\/?p=215670","title":{"rendered":"MORENA YA TIENE FAVORITA, SE LLAMA OLGA SOSA"},"content":{"rendered":"<div class=\"post-content\">\n<p>SIN CENSURA<\/p>\n<p>Por: Carlos Carre\u00f1o Ortiz<\/p>\n<p>&nbsp;<\/p>\n<p>En el ajedrez pol\u00edtico de Tamaulipas, las piezas comienzan a acomodarse con una claridad sorprendente.<\/p>\n<p>Y es que aunque la sucesi\u00f3n gubernamental a\u00fan parece lejana, la senadora OLGA SOSA RUIZ aparece como la figura que MORENA estar\u00eda perfilando para buscar la continuidad en 2028. No es casualidad ni capricho. Es el resultado de una estrategia constante, visible y, sobre todo, efectiva.<\/p>\n<p>A diferencia de otros nombres que suenan en la conversaci\u00f3n interna del partido, SOSA RUIZ ha construido algo que suele pesar m\u00e1s que cualquier discurso: presencia real.<\/p>\n<p>Su operaci\u00f3n pol\u00edtica no se limita a una regi\u00f3n ni se reduce a eventos espor\u00e1dicos.<\/p>\n<p>La senadora mantiene un ritmo permanente de trabajo en los 43 municipios tamaulipecos, una presencia que la coloca en el radar ciudadano y le permite cultivar simpat\u00edas en pr\u00e1cticamente todo el territorio.<\/p>\n<p>Mientras tanto, otras aspirantes dentro del movimiento guinda enfrentan una limitante evidente: su influencia es local, insuficiente para competir por una candidatura estatal que exige alcance, estructura y reconocimiento m\u00e1s all\u00e1 de sus zonas de confort.<\/p>\n<p>En pol\u00edtica, la percepci\u00f3n lo es casi todo, y hoy la percepci\u00f3n es que la balanza se inclina hacia quien ha sabido mostrarse, escuchar y permanecer.<\/p>\n<p>Desde que asumi\u00f3 su encomienda en el Senado, OLGA SOSA ha hecho del acercamiento territorial una marca personal, lo que la mantiene con un paso adelante frente a las dem\u00e1s. Y en un partido donde el term\u00f3metro social es un insumo clave, ese contacto continuo vale m\u00e1s que cualquier acto aislado o fotograf\u00eda ocasional.<\/p>\n<p>En contraste, tambi\u00e9n aparece en la contienda el \u00bfex panista? JOS\u00c9 RAM\u00d3N G\u00d3MEZ LEAL, quien aspira a convertirse en candidato. Sin embargo, su pasado partidista y ciertos v\u00ednculos familiares podr\u00edan convertirse en un obst\u00e1culo dif\u00edcil de sortear dentro de un movimiento que, aunque plural, es escrupuloso con la congruencia narrativa de quienes pretenden abanderarlo.<\/p>\n<p>Cierto, a\u00fan falta para 2028, pero en pol\u00edtica los tiempos nunca son tan largos como parecen.<\/p>\n<p>Y hoy, si algo se puede afirmar, es que OLGA SOSA ha logrado colocarse en la conversaci\u00f3n con la antelaci\u00f3n y la fuerza necesarias para que su nombre deje de sonar como posibilidad remota y empiece a escucharse como la carta m\u00e1s cercana a convertirse en realidad.<\/p>\n<p>En otros temas, el Marat\u00f3n de Matamoros 2025 dej\u00f3 claro que esta ciudad est\u00e1 en una nueva etapa.<\/p>\n<p>Y es que dicho evento no se trat\u00f3 \u00fanicamente de un encuentro atl\u00e9tico, sino de una muestra contundente de que Matamoros sabe organizarse, coordinarse y proyectarse, lo que confirma que en esta esquina tamaulipeca hay rumbo y conducci\u00f3n.<\/p>\n<p>El saldo blanco y la log\u00edstica precisa no se explican sin el liderazgo del alcalde BETO GRANADOS, ni sin el respaldo constante del gobernador AM\u00c9RICO VILLARREAL ANAYA, quien ha sido pieza clave para que Matamoros pueda recibir eventos de tal magnitud.<\/p>\n<p>Este marat\u00f3n dej\u00f3 cifras que hablan por s\u00ed solas: el doble de inscripciones respecto al a\u00f1o pasado, una mayor presencia de corredores nacionales e internacionales y una derrama econ\u00f3mica notable. Matamoros no s\u00f3lo creci\u00f3; subi\u00f3 de nivel.<\/p>\n<p>Y aunque no faltar\u00e1 quien busque desvirtuar lo logrado o lanzar versiones distorsionadas, lo cierto es que la ciudad respondi\u00f3, vibr\u00f3 y funcion\u00f3. Los hechos pesan m\u00e1s que cualquier intento de ruido pol\u00edtico.<\/p>\n<p>Lo que Matamoros vivi\u00f3 no fue s\u00f3lo una carrera: fue una declaraci\u00f3n de capacidad, disciplina y transformaci\u00f3n.<\/p>\n<p>Y en el centro de ese logro estuvo la gu\u00eda del alcalde BETO GRANADOS, cuya administraci\u00f3n vuelve a demostrar que esta ciudad sabe c\u00f3mo hacer bien las cosas.<\/p>\n<p>Hasta la pr\u00f3xima<\/p>\n<p><a href=\"mailto:carrenoortiz2005@yahoo.com.mx\" target=\"_blank\" rel=\"noreferrer noopener\">carrenoortiz2005@yahoo.com.mx<\/a><\/p>\n<\/div>\n","protected":false},"excerpt":{"rendered":"<p>SIN CENSURA Por: Carlos Carre\u00f1o Ortiz &nbsp; En el ajedrez pol\u00edtico de Tamaulipas, las piezas comienzan a acomodarse con una claridad sorprendente. Y es que aunque la sucesi\u00f3n gubernamental a\u00fan parece lejana, la senadora OLGA SOSA RUIZ aparece como la figura que MORENA estar\u00eda perfilando para buscar la continuidad en 2028. No es casualidad ni [&hellip;]<\/p>\n","protected":false},"author":1,"featured_media":215671,"comment_status":"closed","ping_status":"closed","sticky":false,"template":"","format":"standard","meta":{"footnotes":""},"categories":[16],"tags":[],"class_list":["post-215670","post","type-post","status-publish","format-standard","has-post-thumbnail","hentry","category-opinion"],"_links":{"self":[{"href":"https:\/\/www.elsinodaldetamaulipas.com.mx\/index.php?rest_route=\/wp\/v2\/posts\/215670","targetHints":{"allow":["GET"]}}],"collection":[{"href":"https:\/\/www.elsinodaldetamaulipas.com.mx\/index.php?rest_route=\/wp\/v2\/posts"}],"about":[{"href":"https:\/\/www.elsinodaldetamaulipas.com.mx\/index.php?rest_route=\/wp\/v2\/types\/post"}],"author":[{"embeddable":true,"href":"https:\/\/www.elsinodaldetamaulipas.com.mx\/index.php?rest_route=\/wp\/v2\/users\/1"}],"replies":[{"embeddable":true,"href":"https:\/\/www.elsinodaldetamaulipas.com.mx\/index.php?rest_route=%2Fwp%2Fv2%2Fcomments&post=215670"}],"version-history":[{"count":1,"href":"https:\/\/www.elsinodaldetamaulipas.com.mx\/index.php?rest_route=\/wp\/v2\/posts\/215670\/revisions"}],"predecessor-version":[{"id":215672,"href":"https:\/\/www.elsinodaldetamaulipas.com.mx\/index.php?rest_route=\/wp\/v2\/posts\/215670\/revisions\/215672"}],"wp:featuredmedia":[{"embeddable":true,"href":"https:\/\/www.elsinodaldetamaulipas.com.mx\/index.php?rest_route=\/wp\/v2\/media\/215671"}],"wp:attachment":[{"href":"https:\/\/www.elsinodaldetamaulipas.com.mx\/index.php?rest_route=%2Fwp%2Fv2%2Fmedia&parent=215670"}],"wp:term":[{"taxonomy":"category","embeddable":true,"href":"https:\/\/www.elsinodaldetamaulipas.com.mx\/index.php?rest_route=%2Fwp%2Fv2%2Fcategories&post=215670"},{"taxonomy":"post_tag","embeddable":true,"href":"https:\/\/www.elsinodaldetamaulipas.com.mx\/index.php?rest_route=%2Fwp%2Fv2%2Ftags&post=215670"}],"curies":[{"name":"wp","href":"https:\/\/api.w.org\/{rel}","templated":true}]}}