{"id":215674,"date":"2025-12-01T20:08:42","date_gmt":"2025-12-02T00:08:42","guid":{"rendered":"https:\/\/www.elsinodaldetamaulipas.com.mx\/?p=215674"},"modified":"2025-12-01T20:08:42","modified_gmt":"2025-12-02T00:08:42","slug":"versiones-discordantes","status":"publish","type":"post","link":"https:\/\/www.elsinodaldetamaulipas.com.mx\/?p=215674","title":{"rendered":"VERSIONES DISCORDANTES"},"content":{"rendered":"<p><strong>D\u00edcese que la \u201cembajada amiga\u201d la exigi\u00f3 Alejandro Gertz Manero<\/strong><\/p>\n<p><strong>-Ser\u00eda el pago para mantener en reserva informaci\u00f3n delicada de la 4T<\/strong><\/p>\n<p><strong>-Gobierno federal y tamaulipeco controlan los tres Poderes y la Fiscal\u00eda<\/strong><\/p>\n<p>H. Matamoros, Tamaulipas.-D\u00edgase lo que se diga, la realidad es que el relevo del titular de la Fiscal\u00eda General de la Rep\u00fablica (FGR) ALEJANDRO GERTZ MANERO y el fiscal estatal de Tamaulipas, IRVING BARRIOS M\u00d3JICA, tiene su origen en causas que no necesariamente comulgan con la versi\u00f3n oficial.<\/p>\n<p>GERTZ MANERO perdi\u00f3 la \u201cbendici\u00f3n\u201d del ex presidente ANDR\u00c9S MANUEL L\u00d3PEZ OBRADOR y de ah\u00ed la separaci\u00f3n de su cargo, y no derivado de la \u201cinvitaci\u00f3n\u201d que supuestamente le hiciera la presidenta CLAUDIA SHEINBAUM PARDO para hacerse cargo de una \u201cembajada amiga\u201d.<\/p>\n<p>BARRIOS M\u00d3JICA se encontraba \u201cen la mira\u201d de la 4T en Tamaulipas que encabeza el gobernador AM\u00c9RICO VILLARREAL ANAYA por ser considerado como una \u201cherencia\u201d del ex mandatario panista FRANCISCO JAVIER GARC\u00cdA CABEZA DE VACA.<\/p>\n<p>En ambos casos, la mayor\u00eda guinda en el Senado de la Rep\u00fablica y en el Congreso tamaulipeco, respectivamente, se realiz\u00f3 el mero tr\u00e1mite para destituir a los ahora ex fiscales y nombrar a quienes re\u00fanen la confianza necesaria del creador del Movimiento de Regeneraci\u00f3n Nacional y del primer morenista en la esquina noreste del pa\u00eds.<\/p>\n<p>En efecto, la muy probable nueva titular de la Fiscal\u00eda General de la Rep\u00fablica, ERNESTINA GODOY RAMOS, y quien a partir del 16 diciembre tendr\u00e1 bajo su responsabilidad la Fiscal\u00eda General de Justicia del Estado de Tamaulipas, JES\u00daS EDUARDO GOVEA OROZCO, gozan de la plena confianza del tabasque\u00f1o y del tamaulipeco, respectivamente.<\/p>\n<p>La ausencia de un \u201cmotivo grave\u201d que justificara su separaci\u00f3n del cargo dos a\u00f1os antes de la caducidad del mismo no fue impedimento para que la aplastante mayor\u00eda guinda en el C\u00e1mara Alta del Congreso de la Uni\u00f3n aceptara \u201cla decisi\u00f3n\u201d de ALEJANDRO GERTZ MANERO sustentada en la supuesta o real invitaci\u00f3n presidencial a un cargo diplom\u00e1tico.<\/p>\n<p>La \u201cbuena voluntad\u201d del fiscal tamaulipeco hasta el 15 de diciembre, IRVING BARRIOS M\u00d3JICA, \u201cpara dar oportunidad a otro profesional del Derecho\u201d, permiti\u00f3 que ya no se registrara para competir por un nuevo per\u00edodo tal y como lo permit\u00eda la convocatoria emitida en tiempo y forma y en la cual se anotaron alrededor de 40 participantes.<\/p>\n<p>D\u00edcese que la filtraci\u00f3n de informaci\u00f3n de la FGR acerca de presuntos culpables muy ligados al gobierno de la Cuarta Transformaci\u00f3n da\u00f1ando, obviamente, a la 4T y al ex presidente L\u00d3PEZ OBRADOR, sustent\u00f3 el argumento del senador AD\u00c1N AUGUSTO L\u00d3PEZ HERN\u00c1NDEZ para \u201cconvencer\u201d a GERTZ MANERO sobre su separaci\u00f3n de la titularidad de esa dependencia te\u00f3ricamente aut\u00f3noma.<\/p>\n<p>En cambio, en el Congreso de Tamaulipas, con la votaci\u00f3n a favor de 27 legisladores, GOVEA OROZCO llevar\u00e1 la titularidad de la Fiscal\u00eda Estatal por un per\u00edodo de siete a\u00f1os a partir del 16 de diciembre y, por lo tanto, dejar\u00e1 ac\u00e9fala la Fiscal\u00eda Anticorrupci\u00f3n que todav\u00eda encabeza.<\/p>\n<p>Los otros dos integrantes de la terna que \u201canalizaron y evaluaron\u201d los diputados cuerudos, JES\u00daS GILBERTO ALARC\u00d3N BENAVIDES y MARISOL IVETTE BORJA LARA, no obtuvieron ni un solo voto, lo cual, por supuesto, permite suponer que solo se prestaron para la farsa legislativa.<\/p>\n<p>Cabe se\u00f1alar que el nuevo fiscal tamaulipeco asumir\u00e1 su nueva encomienda en medio de un sinf\u00edn de se\u00f1alamientos negativos por sus presuntas relaciones peligrosas que lo mantuvieron en cautiverio por siete meses en el penal de m\u00e1xima seguridad en Almoloya de Ju\u00e1rez, ubicado en el estado de M\u00e9xico.<\/p>\n<p>Respecto a la \u201cinvitaci\u00f3n presidencial\u201d que recibi\u00f3 ALEJANDRO GERTZ para separarse de la FGR, una corriente de opini\u00f3n sugiere que en realidad esa fue su exigencia para gozar de la necesaria seguridad e inmunidad diplom\u00e1tica en una \u201cembajada amiga\u201d a cambio de mantener en reserva la infinidad de informaci\u00f3n que involucra a alfiles importantes del gobierno de la Cuarta Transformaci\u00f3n.<\/p>\n<p>Con el control total de la Fiscal\u00eda General de la Rep\u00fablica a pesar de su supuesta autonom\u00eda, el Poder Judicial de la Federaci\u00f3n, el Poder Legislativo y obviamente del Poder Ejecutivo, la 4T est\u00e1 en condiciones de construir nuevos pisos de color guinda.<\/p>\n<p>En Tamaulipas, con los tres Poderes constitucionales y la Fiscal\u00eda Estatal bajo el mando de la oficina m\u00e1s importante del Palacio de Gobierno, el gobierno americanista se prepara para alargar el control pol\u00edtico y social a lo largo y ancho del territorio tamaulipeco.<\/p>\n<p>\u00bfC\u00f3mo la ve?<\/p>\n<p>DESDE EL BALC\u00d3N:<\/p>\n<p>I.-Un par de lecturas se desprenden de la designaci\u00f3n del nuevo titular de la Fiscal\u00eda General de Justicia del estado de Tamaulipas: una, se complica la situaci\u00f3n jur\u00eddica del ex gobernador panista FRANCISCO JAVIER GARC\u00cdA CABEZA DE VACA y, dos, el abogado \u201cexperto en juicios de amparo\u201d DANIEL ALBERTO VARGAS CORT\u00c9S se qued\u00f3 \u201ccomo el chinito, nom\u00e1s milando\u201d en su, eso s\u00ed, leg\u00edtima aspiraci\u00f3n de ser el fiscal tamaulipeco, aunque realmente se registr\u00f3 como mero recurso publicitario.<\/p>\n<p>Y hasta la pr\u00f3xima.<\/p>\n<p><a href=\"mailto:mariodiaz27@prodigy.net.mx\" target=\"_blank\" rel=\"noreferrer noopener\">mariodiaz27@prodigy.net.mx<\/a><\/p>\n","protected":false},"excerpt":{"rendered":"<p>D\u00edcese que la \u201cembajada amiga\u201d la exigi\u00f3 Alejandro Gertz Manero -Ser\u00eda el pago para mantener en reserva informaci\u00f3n delicada de la 4T -Gobierno federal y tamaulipeco controlan los tres Poderes y la Fiscal\u00eda H. Matamoros, Tamaulipas.-D\u00edgase lo que se diga, la realidad es que el relevo del titular de la Fiscal\u00eda General de la Rep\u00fablica [&hellip;]<\/p>\n","protected":false},"author":1,"featured_media":214819,"comment_status":"closed","ping_status":"closed","sticky":false,"template":"","format":"standard","meta":{"footnotes":""},"categories":[16],"tags":[],"class_list":["post-215674","post","type-post","status-publish","format-standard","has-post-thumbnail","hentry","category-opinion"],"_links":{"self":[{"href":"https:\/\/www.elsinodaldetamaulipas.com.mx\/index.php?rest_route=\/wp\/v2\/posts\/215674","targetHints":{"allow":["GET"]}}],"collection":[{"href":"https:\/\/www.elsinodaldetamaulipas.com.mx\/index.php?rest_route=\/wp\/v2\/posts"}],"about":[{"href":"https:\/\/www.elsinodaldetamaulipas.com.mx\/index.php?rest_route=\/wp\/v2\/types\/post"}],"author":[{"embeddable":true,"href":"https:\/\/www.elsinodaldetamaulipas.com.mx\/index.php?rest_route=\/wp\/v2\/users\/1"}],"replies":[{"embeddable":true,"href":"https:\/\/www.elsinodaldetamaulipas.com.mx\/index.php?rest_route=%2Fwp%2Fv2%2Fcomments&post=215674"}],"version-history":[{"count":1,"href":"https:\/\/www.elsinodaldetamaulipas.com.mx\/index.php?rest_route=\/wp\/v2\/posts\/215674\/revisions"}],"predecessor-version":[{"id":215675,"href":"https:\/\/www.elsinodaldetamaulipas.com.mx\/index.php?rest_route=\/wp\/v2\/posts\/215674\/revisions\/215675"}],"wp:featuredmedia":[{"embeddable":true,"href":"https:\/\/www.elsinodaldetamaulipas.com.mx\/index.php?rest_route=\/wp\/v2\/media\/214819"}],"wp:attachment":[{"href":"https:\/\/www.elsinodaldetamaulipas.com.mx\/index.php?rest_route=%2Fwp%2Fv2%2Fmedia&parent=215674"}],"wp:term":[{"taxonomy":"category","embeddable":true,"href":"https:\/\/www.elsinodaldetamaulipas.com.mx\/index.php?rest_route=%2Fwp%2Fv2%2Fcategories&post=215674"},{"taxonomy":"post_tag","embeddable":true,"href":"https:\/\/www.elsinodaldetamaulipas.com.mx\/index.php?rest_route=%2Fwp%2Fv2%2Ftags&post=215674"}],"curies":[{"name":"wp","href":"https:\/\/api.w.org\/{rel}","templated":true}]}}