{"id":215676,"date":"2025-12-01T20:13:52","date_gmt":"2025-12-02T00:13:52","guid":{"rendered":"https:\/\/www.elsinodaldetamaulipas.com.mx\/?p=215676"},"modified":"2025-12-01T20:13:52","modified_gmt":"2025-12-02T00:13:52","slug":"la-imparticion-de-justicia-una-verguenza-mundial","status":"publish","type":"post","link":"https:\/\/www.elsinodaldetamaulipas.com.mx\/?p=215676","title":{"rendered":"LA IMPARTICI\u00d3N DE JUSTICIA, UNA VERG\u00dcENZA MUNDIAL"},"content":{"rendered":"<div class=\"post-content\">\n<p>ORBE<\/p>\n<p>&nbsp;<\/p>\n<p>Ma. Teresa Medina Marroqu\u00edn.-<\/p>\n<p>-GOVEA Y LOS MINISTERIOS P\u00daBLICOS<\/p>\n<p>-PRESENTA LA UAT LIBRO SOBRE LOS NUEVOS DESAF\u00cdOS DE LA<br \/>\nEDUCACI\u00d3N<\/p>\n<p>-SET: EN TAMAULIPAS LAS INSCRIPCIONES DEFINITIVAS SON EN<br \/>\nFEBRERO<\/p>\n<p>-EN CIUDAD VICTORIA LALO Y LUCY INVITAN A LA FERIA NAVIDE\u00d1A<br \/>\n2025<\/p>\n<p>El complicad\u00edsimo tema de la justicia ya se ha vuelto un asunto tan<br \/>\nchoteado que en cualquier parte del mundo nadie le cree \u2013a las primeras de<br \/>\ncambio\u2013 al gobierno que presuma de no bloquear sus imparciales eficacias<br \/>\ny sobre todo sus justas determinaciones.<br \/>\nDe manera que la diosa romana Justitia atraviesa por uno de los peores<br \/>\nmomentos de su historia, pues los seres humanos, su inmensa mayor\u00eda,<br \/>\namanecen cada d\u00eda pensando en hacer el mal.<br \/>\nY ya no hablemos de quienes est\u00e1n en el poder y de los que manejan los<br \/>\npresupuestos p\u00fablicos, porque esos mucho m\u00e1s parecieran tener el diablo<br \/>\nadentro, pose\u00eddos por legiones de demonios que los obligan a suponer que<br \/>\nesos caudales son de su propiedad.<\/p>\n<p>Tanto que del cat\u00e1logo de delitos el saqueo a los erarios (uso indebido,<br \/>\ndesv\u00edo o apropiaci\u00f3n ilegal de los recursos que pertenecen al Estado) es<br \/>\nuno de los actos de corrupci\u00f3n que m\u00e1s da\u00f1o genera a la estabilidad de la<br \/>\nNaci\u00f3n.<br \/>\nEs una corrupci\u00f3n tan grave el saqueo a los erarios que M\u00e9xico, debiendo<br \/>\nser una potencia superior a Jap\u00f3n, Italia o Alemania, a\u00fan es un territorio<br \/>\ndonde el atraso, recesi\u00f3n, pobreza y estancamiento son una verg\u00fcenza<br \/>\nmundial.<\/p>\n<p>Y LA EXPECTATIVA ES QUE LA CORRUPCI\u00d3N SEA REALMENTE<br \/>\nPERSEGUIDA<\/p>\n<p>Por eso a ra\u00edz de que la Naci\u00f3n y Tamaulipas estrenan nuevos fiscales<br \/>\ngenerales (Ernestina Godoy Ramos y Jes\u00fas Eduardo Govea Orozco), la<br \/>\npregunta es si los graves y evidentes actos de corrupci\u00f3n ser\u00e1n perseguidos<br \/>\nsin que de por medio salgan a relucir los movimientos pol\u00edticos que desde<br \/>\nlas sombras del poder defiendan a los corruptos que suelen robar a manos<br \/>\nllenas o cargarse de plano todo el erario p\u00fablico.<br \/>\nAl fin y al cabo (se dice) nadie los va a denunciar formalmente ante las<br \/>\nfiscal\u00edas y mucho menos sus acciones ser\u00e1n condenadas por los jueces que<br \/>\nluego suelen recibir \u201cl\u00edneas\u201d para aplicar sentencias absolutorias.<br \/>\nY si llegasen a surgir denuncias \u201cformales\u201d estas son manejadas al principio<br \/>\ncomo si a los corruptos les fueran a dar cadenas perpetuas, aunque ya con<br \/>\nel tiempo y el enfriamiento medi\u00e1tico aparecen sin previo aviso los llamados<br \/>\ncarpetazos.<br \/>\nAl menos en Tamaulipas se dice que las cosas dar\u00e1n un giro radical, que el<br \/>\nnuevo Fiscal General llegar\u00e1 metiendo orden b\u00e1sicamente en las agencias<br \/>\ndel ministerio p\u00fablico.<\/p>\n<p>EXIGIR CUENTAS A LOS MINISTERIOS P\u00daBLICOS SOBRE LAS<br \/>\nCARPETAS DE INVESTIGACI\u00d3N<\/p>\n<p>De hecho ya hay quienes piden a Govea Orozco que NO remueva<br \/>\nministerios p\u00fablicos porque la justicia otra vez se empantanar\u00eda, sino que<br \/>\nles exija cuentas del porqu\u00e9 infinidad de carpetas de investigaci\u00f3n est\u00e1n<br \/>\ndetenidas y en el olvido, lo que es un bochornoso espect\u00e1culo cotidiano que<br \/>\nla ciudadan\u00eda observa en la mayor\u00eda de las agencias del ministerio p\u00fablico.<\/p>\n<p>No pocos abogados se\u00f1alan que se ha llegado a la \u201cnormalidad\u201d de que la<br \/>\nmayor\u00eda de los ministerios p\u00fablicos cobran mucho dinero por judicializar una<br \/>\ninvestigaci\u00f3n o por dictar los llamados sobreseimientos o archivos de las<br \/>\ncarpetas cuando no tienen suficientes elementos, as\u00ed como las<br \/>\nsuspensiones de los procesos.<br \/>\nQuiz\u00e1 esto \u00faltimo sea unos de los mayores desaf\u00edos del nuevo Fiscal<br \/>\nGeneral de Justicia de Tamaulipas.<br \/>\nAgregando que poco cuesta a estos servidores p\u00fablicos tomar un curso de<br \/>\nrelaciones humanas, donde se les recuerde que tratar cordialmente y con<br \/>\nempat\u00eda a las personas que demandan justicia, es una de las bases para<br \/>\nque la ciudadan\u00eda siga depositando su confianza en sus gobiernos.<\/p>\n<p>PRESENTA LA UAT LIBRO SOBRE LOS NUEVOS DESAF\u00cdOS DE LA<br \/>\nEDUCACI\u00d3N<\/p>\n<p>Como parte de los esfuerzos por generar y divulgar conocimiento en torno a<br \/>\nla evoluci\u00f3n del sistema educativo y sus nuevos retos, la Universidad<br \/>\nAut\u00f3noma de Tamaulipas (UAT) public\u00f3 el libro \u201cIntervenci\u00f3n, gesti\u00f3n e<br \/>\ninnovaci\u00f3n educativa: Desaf\u00edos te\u00f3ricos y metodol\u00f3gicos\u00bb, cuya obra aborda<br \/>\ntemas que impactan en el proceso de ense\u00f1anza-aprendizaje de los<br \/>\ndistintos niveles de la educaci\u00f3n en M\u00e9xico.<br \/>\n\u200bEsta publicaci\u00f3n es resultado del trabajo acad\u00e9mico en materia de posgrado<br \/>\nrealizado por la Facultad de Ciencias de la Educaci\u00f3n y Humanidades<br \/>\n(FCEH) de la UAT, como una estrategia institucional orientada a construir<br \/>\nuna cultura de investigaci\u00f3n inclusiva, reflexiva y transformadora.<br \/>\nAl respecto, la directora de la FCEH, Elsa Fernanda Gonz\u00e1lez Quintero,<br \/>\nexplic\u00f3 que la publicaci\u00f3n re\u00fane las investigaciones en materia pedag\u00f3gica<br \/>\nde estudiantes del Doctorado en Gesti\u00f3n e Innovaci\u00f3n Educativa que fueron<br \/>\npresentadas en el seminario de este posgrado.<br \/>\nDestac\u00f3 que el libro contiene temas centrados en educaci\u00f3n b\u00e1sica, media<br \/>\nsuperior y superior, en un proyecto coordinado por las catedr\u00e1ticas Rosa<br \/>\nDelia Cervantes Castro, X\u00f3chitl G\u00f3mez Cordero y Evelia Res\u00e9ndiz<br \/>\nBalderas, as\u00ed como el profesor Tom\u00e1s Alfredo Moreno de Le\u00f3n.<br \/>\nEsta obra tiene como prop\u00f3sito fortalecer la investigaci\u00f3n en materia<br \/>\npedag\u00f3gica y hacer m\u00e1s completas las trayectorias formativas de los<br \/>\nestudiantes de maestr\u00eda y doctorado mediante su participaci\u00f3n en procesos<br \/>\nreales de gesti\u00f3n, producci\u00f3n y divulgaci\u00f3n cient\u00edfica.<\/p>\n<p>El libro est\u00e1 conformado de once cap\u00edtulos, derivados de las presentaciones<br \/>\nrealizadas durante el primer a\u00f1o y medio del seminario, entre los que<br \/>\ndestacan los temas: La educaci\u00f3n familiar en el rendimiento acad\u00e9mico de<br \/>\nestudiantes de educaci\u00f3n media superior; Innovaci\u00f3n de metodolog\u00edas de<br \/>\ninvestigaci\u00f3n en estudios de comprensi\u00f3n de textos; Gamificaci\u00f3n y<br \/>\ndivulgaci\u00f3n cient\u00edfica como estrategias innovadoras para la ense\u00f1anza de<br \/>\nlas ciencias; y La narrativa como eje transformador en la educaci\u00f3n:<br \/>\ncreatividad, empat\u00eda y aprendizaje multimodal.<br \/>\n\u200b\u200b<br \/>\nSET: EN TAMAULIPAS LAS INSCRIPCIONES DEFINITIVAS SON EN<br \/>\nFEBRERO<\/p>\n<p>Asegura el futuro de tus hijas e hijos en la las escuelas p\u00fablicas de<br \/>\neducaci\u00f3n b\u00e1sica, del 3 al 13 de febrero, e inscr\u00edbeles en Preescolar,<br \/>\nPrimaria y Secundaria.<br \/>\nSi tu hija o hijo cumple 3, 4 \u00f3 5 a\u00f1os de edad al 31 de diciembre, Preescolar<br \/>\ndebe cursar.<br \/>\nSi tu hija o hijo cumple 6 a\u00f1os de edad al 31 de diciembre, a primer grado<br \/>\nde Primaria debe ingresar.<br \/>\nSi tu hija o hijo est\u00e1 por concluir la educaci\u00f3n primaria, inscr\u00edbelo a primer<br \/>\ngrado de Secundaria.<br \/>\nLa educaci\u00f3n b\u00e1sica es obligatoria. No dejes pasar las fechas.<\/p>\n<p>EN CIUDAD VICTORIA LALO Y LUCY INVITAN A LA FERIA NAVIDE\u00d1A<br \/>\n2025<\/p>\n<p>La Capital de Tamaulipas se prepara para vivir una navidad inolvidable, el<br \/>\nalcalde Eduardo Gatt\u00e1s B\u00e1ez y la presidenta del DIF Victoria Sra. Lucy de<br \/>\nGatt\u00e1s invitan a la ciudadan\u00eda a disfrutar en familia de la Feria Navide\u00f1a<br \/>\nVictoria 2025.<br \/>\nA partir del 28 de noviembre y hasta el 7 de diciembre ni\u00f1os y adultos<br \/>\npodr\u00e1n disfrutar de Juegos mec\u00e1nicos completamente gratis y adquirir<\/p>\n<p>art\u00edculos navide\u00f1os, consumir alimentos u otra degustaci\u00f3n que<br \/>\nemprendedores locales estar\u00e1n ofertando en esta actividad al aire libre.<br \/>\nComo lo hab\u00eda anunciado el alcalde Eduardo Gatt\u00e1s B\u00e1ez, la Feria<br \/>\nNavide\u00f1a Victoria 2025 se instalar\u00e1 en calle Hidalgo 17 y 18 a un costado<br \/>\nde la presidencia municipal en un horario de 18:00 a 21:00 horas; un acceso<br \/>\nf\u00e1cil para la ciudadan\u00eda, en un ambiente familiar y diversi\u00f3n completamente<br \/>\ngratis.<br \/>\nEsta actividad que coordinan el Gobierno Municipal y el Sistema DIF<br \/>\nVictoria marcar\u00e1 el inicio de las festividades decembrinas en la capital de<br \/>\nTamaulipas.<\/p>\n<p>\u00a1Dese\u00e1ndoles un d\u00eda maravilloso!<br \/>\ntessieprimera@hotmail.com, @columnaorbe, columnaorbe.wordpress.com<\/p>\n<\/div>\n","protected":false},"excerpt":{"rendered":"<p>ORBE &nbsp; Ma. Teresa Medina Marroqu\u00edn.- -GOVEA Y LOS MINISTERIOS P\u00daBLICOS -PRESENTA LA UAT LIBRO SOBRE LOS NUEVOS DESAF\u00cdOS DE LA EDUCACI\u00d3N -SET: EN TAMAULIPAS LAS INSCRIPCIONES DEFINITIVAS SON EN FEBRERO -EN CIUDAD VICTORIA LALO Y LUCY INVITAN A LA FERIA NAVIDE\u00d1A 2025 El complicad\u00edsimo tema de la justicia ya se ha vuelto un asunto [&hellip;]<\/p>\n","protected":false},"author":1,"featured_media":215030,"comment_status":"closed","ping_status":"closed","sticky":false,"template":"","format":"standard","meta":{"footnotes":""},"categories":[16],"tags":[],"class_list":["post-215676","post","type-post","status-publish","format-standard","has-post-thumbnail","hentry","category-opinion"],"_links":{"self":[{"href":"https:\/\/www.elsinodaldetamaulipas.com.mx\/index.php?rest_route=\/wp\/v2\/posts\/215676","targetHints":{"allow":["GET"]}}],"collection":[{"href":"https:\/\/www.elsinodaldetamaulipas.com.mx\/index.php?rest_route=\/wp\/v2\/posts"}],"about":[{"href":"https:\/\/www.elsinodaldetamaulipas.com.mx\/index.php?rest_route=\/wp\/v2\/types\/post"}],"author":[{"embeddable":true,"href":"https:\/\/www.elsinodaldetamaulipas.com.mx\/index.php?rest_route=\/wp\/v2\/users\/1"}],"replies":[{"embeddable":true,"href":"https:\/\/www.elsinodaldetamaulipas.com.mx\/index.php?rest_route=%2Fwp%2Fv2%2Fcomments&post=215676"}],"version-history":[{"count":1,"href":"https:\/\/www.elsinodaldetamaulipas.com.mx\/index.php?rest_route=\/wp\/v2\/posts\/215676\/revisions"}],"predecessor-version":[{"id":215677,"href":"https:\/\/www.elsinodaldetamaulipas.com.mx\/index.php?rest_route=\/wp\/v2\/posts\/215676\/revisions\/215677"}],"wp:featuredmedia":[{"embeddable":true,"href":"https:\/\/www.elsinodaldetamaulipas.com.mx\/index.php?rest_route=\/wp\/v2\/media\/215030"}],"wp:attachment":[{"href":"https:\/\/www.elsinodaldetamaulipas.com.mx\/index.php?rest_route=%2Fwp%2Fv2%2Fmedia&parent=215676"}],"wp:term":[{"taxonomy":"category","embeddable":true,"href":"https:\/\/www.elsinodaldetamaulipas.com.mx\/index.php?rest_route=%2Fwp%2Fv2%2Fcategories&post=215676"},{"taxonomy":"post_tag","embeddable":true,"href":"https:\/\/www.elsinodaldetamaulipas.com.mx\/index.php?rest_route=%2Fwp%2Fv2%2Ftags&post=215676"}],"curies":[{"name":"wp","href":"https:\/\/api.w.org\/{rel}","templated":true}]}}