{"id":215683,"date":"2025-12-01T21:31:47","date_gmt":"2025-12-02T01:31:47","guid":{"rendered":"https:\/\/www.elsinodaldetamaulipas.com.mx\/?p=215683"},"modified":"2025-12-01T21:31:47","modified_gmt":"2025-12-02T01:31:47","slug":"gattas-con-el-enemigo-dentro","status":"publish","type":"post","link":"https:\/\/www.elsinodaldetamaulipas.com.mx\/?p=215683","title":{"rendered":"GATT\u00c1S CON EL ENEMIGO DENTRO"},"content":{"rendered":"<p>LETRAS PROHIBIDAS<\/p>\n<p><strong><em>Gatt\u00e1s con el enemigo dentro<\/em><\/strong><\/p>\n<p>Clemente Zapata M.<\/p>\n<p>&nbsp;<\/p>\n<p><strong>++COSECHA LO SEMBRADO\u2026<\/strong> El gobernador <strong>AM\u00c9RICO VILLARREAL ANAYA<\/strong>, est\u00e1 cosechando todo lo que hace tres a\u00f1os empez\u00f3 a sembrar con voluntad y trabajo.<\/p>\n<p>Por ello, ser\u00e1 el pr\u00f3ximo s\u00e1bado cuando el Mandatario cuerudo acuda al Z\u00f3calo de la Ciudad de M\u00e9xico a sumarse a la conmemoraci\u00f3n de los siete a\u00f1os de los gobiernos de la transformaci\u00f3n.<\/p>\n<p>Gobiernos que iniciaron con el ahora expresidente <strong>ANDR\u00c9S MANUEL L\u00d3PEZ OBRADOR<\/strong> y se da continuidad a trav\u00e9s del Segundo Piso de la Cuarta Transformaci\u00f3n de la presidenta <strong>CLAUDIA SHEINBAUM PARDO<\/strong>, cuyo logro m\u00e1s importante ha sido reducir la pobreza en M\u00e9xico.<\/p>\n<p><strong>AM\u00c9RICO<\/strong>, al final de la sesi\u00f3n solemne del Congreso del Estado, en donde entreg\u00f3 la medalla al m\u00e9rito ciudadano \u201cLuis de Arellano\u201d, a la maestra <strong>CECILIA IMELDA LUGO CRUZ<\/strong>, habl\u00f3 con optimismo de los grandes proyectos para Tamaulipas, unos terminados, como son el Hospital General IMSS-Bienestar, de Ciudad Madero, y el Hospital Regional de ISSSTE, en Tampico, as\u00ed como la Direcci\u00f3n General de Aduanas en Nuevo Laredo, y otros por concluir en el corto plazo como la Carretera Tula-Ocampo, que fortalecer\u00e1 la conectividad con el Puerto Industrial de Altamira.<\/p>\n<p>El Gobernador inform\u00f3 que tambi\u00e9n est\u00e1 por finalizar la construcci\u00f3n del Gasoducto de Reynosa; as\u00ed como el proyecto de la espuela ferroviaria que conecte al Puerto del Norte en Matamoros, que aguarda por el \u201cempujoncito\u201d de la presidenta <strong>SHEINBAUM<\/strong>, sin olvidar que uno de los polos de desarrollo contemplados en el Plan M\u00e9xico, estar\u00e1 en Altamira.<\/p>\n<p>Es claro que <strong>AM\u00c9RICO<\/strong> le ha metido voluntad y trabajo a la responsabilidad que le confirieron m\u00e1s de 730 mil tamaulipecos, con sus votos; por lo que, a partir de 2026, que est\u00e1 a la vuelta de la esquina, inicia otra etapa de consolidaci\u00f3n de la transformaci\u00f3n humanista del estado, donde est\u00e1n en la lista nuevos proyectos estrat\u00e9gicos perfilados a detonar m\u00e1s prosperidad para las y los tamaulipecos\u2026 \u00a1<strong><em>Enhorabuena<\/em><\/strong>!<\/p>\n<p><strong>++LO SIGUIENTE, NADA QUE VER CON LO ANTERIOR\u2026<\/strong> Si alguien ha desarrollado una piel extremadamente dura, luego de la fuerte metralla que ha recibido como fuego amigo y no tan amigo, es el alcalde <strong>EDUARDO GATT\u00c1S B\u00c1EZ<\/strong>\u2026 \u00a1<strong><em>Zaaas culebra<\/em><\/strong>!<\/p>\n<p>No hay pol\u00edtico en la Capital de Tamaulipas que no quiera la posici\u00f3n que detenta <strong>GATT\u00c1S<\/strong>, pero tambi\u00e9n hay m\u00e1s cuadros que lo miran como el enemigo a vencer en la b\u00fasqueda de posiciones como la Diputaci\u00f3n federal o local al menos para el 2027; del 2028 luego hablaremos\u2026 \u00a1<strong><em>Ufff<\/em><\/strong>!<\/p>\n<p>Puede entenderse, y hasta el extremo de justificarse, que el Alcalde de Ciudad Victoria sea blanco del \u201cfuego opositor\u201d, aunque no sea agradable. Como tambi\u00e9n es v\u00e1lido que exista el \u201cfuego amigo\u201d pues, despu\u00e9s de todo, la \u201cpol\u00edtica a la mexicana\u201d as\u00ed es\u2026 \u00a1<strong><em>Ay nanita<\/em><\/strong>!<\/p>\n<p>Lo que de plano no se entiende ni se justifica y adem\u00e1s huele a traici\u00f3n, es que exista el \u201csospechosismo\u201d de que, desde las propias filas de la Comisi\u00f3n Municipal de Agua Potable y Alcantarillado (Comapa), \u201coperan\u201d para hacerlo quedar mal ante la poblaci\u00f3n capitalina y \u2014de paso\u2014, con la tamaulipeca.<\/p>\n<p>Y es que no se puede pensar otra cosa, m\u00e1s que <strong>EDUARDO GATT\u00c1S B\u00c1EZ<\/strong> tiene al \u201cenemigo\u201d dentro de la Comapa, cuando la poblaci\u00f3n pasa meses para ser atendida al llamar para reportar \u2014al grado de suplicar\u2014, que acudan a reparar una fuga de agua potable o de drenaje.<\/p>\n<p>El propio alcalde de Victoria ha tenido que recibir en persona la s\u00faplica de ayuda, porque quienes reciben el reporte en la Comapa simplemente la \u201carchivan\u201d por semanas o meses.<\/p>\n<p>Mientras que <strong>GATT\u00c1S B\u00c1EZ<\/strong> ech\u00f3 andar un plan emergente de bacheo y le inyect\u00f3 diez millones de pesos para que se termine, en esta primera o segunda semana de diciembre, mejorando la vialidad, la imagen y hasta el humor de los capitalinos; la Comapa sigue abriendo las calles y deja las zanjas que son cubiertas con \u201cplastilina\u201d, pues con las primeras rodadas o hasta con el sereno, se convierten en peligrosos baches, detonando la molestia de la poblaci\u00f3n.<\/p>\n<p>Es decir que mientras el alcalde de Victoria busca soluciones, hay algunos personajes dentro de las filas de la Comapa (que no muestran su rostro, pero s\u00ed sus acciones), empe\u00f1ados en hacerlo quedar mal.<\/p>\n<p>Le pongo un ejemplo, un grupo de vecinos de la colonia M\u00e9xico, inform\u00f3 a <strong>LETRAS PROHIBIDAS<\/strong> de una fuga de agua potable en la Avenida las Am\u00e9ricas cruce con calle\u00a0Taj\u00edn.<\/p>\n<p>Los vecinos aseguran que tienen \u201cmeses\u201d, que hasta la fecha exacta ya no la recuerdan. Han levantado reportes a la Comapa, pero no van a repararla y tampoco los encargados de la Dependencia dan explicaciones del motivo de su \u201ctortuguismo\u201d.<\/p>\n<p>El alcalde <strong>GATT\u00c1S B\u00c1EZ<\/strong>, al ser enterado directamente del problema, ya anda dando soluci\u00f3n comprometi\u00e9ndose a enviar un equipo para atender la situaci\u00f3n.<\/p>\n<p>Otro caso similar sucede en la calle Cerro del Tepeyac, cruce con Rep\u00fablica de M\u00e9xico, en la zona conocida como \u201cLa Loma\u201d, al suroriente de la Capital. Esa calle dur\u00f3 mucho tiempo pr\u00e1cticamente despedazada, hasta que el alcalde <strong>EDUARDO GATT\u00c1S<\/strong> fue enterado del problema y le dio soluci\u00f3n.<\/p>\n<p>Un tramo cercano a los 70 metros fue reconstruido por el Alcalde de Victoria y lo dej\u00f3 como nuevo; pero el mayor problema es que la Comapa no ha querido atender el llamado de los vecinos de que debe acudir a destapar una alcantarilla de desag\u00fce.<\/p>\n<p>Cada que llueve, ese tramo que le comento se convierte en una enorme laguna de hasta 40 cent\u00edmetros de profundidad en algunas partes y esa humedad, fruto del encharcamiento, tarde que temprano va nuevamente a reblandecer el pavimento reci\u00e9n reparado hasta tronarlo.<\/p>\n<p>Los vecinos han mencionado, a <strong>LETRAS PROHIBIDAS<\/strong>, que tienen a\u00f1os \u2014literal\u2014 explicando el problema a la Comapa y \u201csuplicando\u201d que vayan a destapar una alcantarilla de 80 por 50 cent\u00edmetros para que el agua ya no se encharque y no afecte el pavimento.<\/p>\n<p>Por esa calle circulan los habitantes de al menos tres fraccionamientos privados, dos fraccionamientos p\u00fablicos; varias colonias y ejidos. Adem\u00e1s, los trabajadores del IMSS, de la UAT, de la SET, de tiendas comerciales, de Dependencias federales, as\u00ed como padres de familia, alumnos, docentes y directivos de al menos dos preparatorias, una primaria, un jard\u00edn de ni\u00f1os y una guarder\u00eda; con lo que se puede dimensionar el tr\u00e1fico.<\/p>\n<p>Los vecinos siguen sorprendidos de ver que mientras el alcalde <strong>LALO GATT\u00c1S<\/strong> invirti\u00f3 miles de pesos en reparar la calle en menci\u00f3n, a la Comapa simplemente le \u201cvale\u201d atender el llamado a destapar la alcantarilla\u2026 \u00bfQu\u00e9 les cuesta\u2026? \u00a1<strong><em>\u00cdjoles<\/em><\/strong>!<\/p>\n<p>Otro caso similar fue una fuga de aguas negras que dur\u00f3 dos meses en la avenida \u201c12 de Diciembre\u201d, casi cruce con la calle Fray de Olmos, en la zona Haciendas del Santuario.<\/p>\n<p>Las aguas negras recorr\u00edan con su \u201cf\u00e9tido mensaje\u201d la avenida de oriente a poniente. Casi a diario se reportaba la falla a la Comapa, les daban el n\u00famero de reporte, pero nunca les dieron soluci\u00f3n, al grado que ya estaban esperanzados en que les llegara almanaque en Navidad\u2026 \u00a1<strong><em>Calla pes\u00e1o<\/em><\/strong>!<\/p>\n<p>Hasta que fue enterado el alcalde <strong>LALO GATT\u00c1S<\/strong> del problema, en menos de 24 horas se le dio soluci\u00f3n. Y no dude que, si no hubiera sido as\u00ed, todav\u00eda existir\u00eda la fuga de aguas negras y los de Comapa cruzados de brazo; \u00bfpor qu\u00e9?<\/p>\n<p>Lo anterior son apenas tres botones de muestra que permite sospechar que alguien dentro de la Comapa, est\u00e1 empe\u00f1ado en \u201cfrenar\u201d las soluciones al llamado de la poblaci\u00f3n y eso tambi\u00e9n afecta directamente la imagen del gerente general, <strong>FERNANDO GARC\u00cdA FUENTES<\/strong>\u2026 \u00a1<strong><em>Santos Batirretaches<\/em><\/strong>!<\/p>\n<p>Hasta se puede pensar que, desde la Comapa, tienen la intenci\u00f3n de hacer quedar mal al alcalde <strong>LALO GATT\u00c1S<\/strong>, al retrasar o no reparar las fallas para da\u00f1ar su imagen; generando costos pol\u00edticos para que sea el Edil capitalino quien los pague\u2026 \u00a1<strong><em>Que gacho Tacho<\/em><\/strong>!<\/p>\n<p>Si la hip\u00f3tesis de que una peque\u00f1a parte de la Comapa opera en contra de las pol\u00edticas de servicio que ha dictado <strong>LALO GATT\u00c1S<\/strong> es cierta, no s\u00f3lo es una actitud mezquina o hasta criminal, sino tambi\u00e9n traicionera, pues se han convertido en el problema cuando pueden ser la soluci\u00f3n\u2026 \u00a1<strong><em>Ostias t\u00edo de la Virgen santa<\/em><\/strong>!<\/p>\n<p>En otro tema, el alcalde de Reynosa, <strong>CARLOS PE\u00d1A ORTIZ<\/strong>, ante las bajas temperaturas que se registraron este uno de diciembre y continuar\u00e1n el d\u00eda dos del mismo mes, ofrece Albergue Temporal en Polideportivo, dando protecci\u00f3n c\u00e1lida a personas sin hogar o en condici\u00f3n vulnerable ante las temperaturas que prevalecen en la Ciudad.<\/p>\n<p><strong>PE\u00d1A ORTIZ<\/strong> hizo un llamado a quienes necesita un refugio para enfrentar este clima fr\u00edo, o conoce a alguien que deba ser protegido en el refugio habilitado para que llame a los tel\u00e9fonos 899 955 00 10 y 899 955 00 11; la mano solidaria del Gobierno Municipal siempre est\u00e1 lista para apoyar a la poblaci\u00f3n.<\/p>\n<p>Por \u00faltimo, perm\u00edtame comentarle que la Universidad Aut\u00f3noma de Tamaulipas, de la mano del rector <strong>D\u00c1MASO ANAYA ALVARADO<\/strong>, la participaci\u00f3n de las facultades y unidades acad\u00e9micas, realiza trabajos espec\u00edficos para generar los primeros insumos en la elaboraci\u00f3n e implementaci\u00f3n del Plan de Cultura de Paz 2026, un instrumento que orienta las acciones institucionales para fortalecer la convivencia, la igualdad y el respeto a los derechos humanos en todos los espacios universitarios.<\/p>\n<p>Al concluir el per\u00edodo escolar 2025-3 se han desarrollado talleres creativos y participativos que permiten recopilar reflexiones, experiencias y propuestas de la comunidad estudiantil, personal docente y administrativo.<\/p>\n<p><strong>GRACIAS\u2026<\/strong> Nos leemos hasta ma\u00f1ana<\/p>\n<p><strong>COMENTARIOS:<\/strong> <a href=\"mailto:letrasprohibidas2011@hotmail.com\">letrasprohibidas2011@hotmail.com<\/a><\/p>\n","protected":false},"excerpt":{"rendered":"<p>LETRAS PROHIBIDAS Gatt\u00e1s con el enemigo dentro Clemente Zapata M. &nbsp; ++COSECHA LO SEMBRADO\u2026 El gobernador AM\u00c9RICO VILLARREAL ANAYA, est\u00e1 cosechando todo lo que hace tres a\u00f1os empez\u00f3 a sembrar con voluntad y trabajo. Por ello, ser\u00e1 el pr\u00f3ximo s\u00e1bado cuando el Mandatario cuerudo acuda al Z\u00f3calo de la Ciudad de M\u00e9xico a sumarse a [&hellip;]<\/p>\n","protected":false},"author":1,"featured_media":214894,"comment_status":"closed","ping_status":"closed","sticky":false,"template":"","format":"standard","meta":{"footnotes":""},"categories":[16],"tags":[],"class_list":["post-215683","post","type-post","status-publish","format-standard","has-post-thumbnail","hentry","category-opinion"],"_links":{"self":[{"href":"https:\/\/www.elsinodaldetamaulipas.com.mx\/index.php?rest_route=\/wp\/v2\/posts\/215683","targetHints":{"allow":["GET"]}}],"collection":[{"href":"https:\/\/www.elsinodaldetamaulipas.com.mx\/index.php?rest_route=\/wp\/v2\/posts"}],"about":[{"href":"https:\/\/www.elsinodaldetamaulipas.com.mx\/index.php?rest_route=\/wp\/v2\/types\/post"}],"author":[{"embeddable":true,"href":"https:\/\/www.elsinodaldetamaulipas.com.mx\/index.php?rest_route=\/wp\/v2\/users\/1"}],"replies":[{"embeddable":true,"href":"https:\/\/www.elsinodaldetamaulipas.com.mx\/index.php?rest_route=%2Fwp%2Fv2%2Fcomments&post=215683"}],"version-history":[{"count":1,"href":"https:\/\/www.elsinodaldetamaulipas.com.mx\/index.php?rest_route=\/wp\/v2\/posts\/215683\/revisions"}],"predecessor-version":[{"id":215684,"href":"https:\/\/www.elsinodaldetamaulipas.com.mx\/index.php?rest_route=\/wp\/v2\/posts\/215683\/revisions\/215684"}],"wp:featuredmedia":[{"embeddable":true,"href":"https:\/\/www.elsinodaldetamaulipas.com.mx\/index.php?rest_route=\/wp\/v2\/media\/214894"}],"wp:attachment":[{"href":"https:\/\/www.elsinodaldetamaulipas.com.mx\/index.php?rest_route=%2Fwp%2Fv2%2Fmedia&parent=215683"}],"wp:term":[{"taxonomy":"category","embeddable":true,"href":"https:\/\/www.elsinodaldetamaulipas.com.mx\/index.php?rest_route=%2Fwp%2Fv2%2Fcategories&post=215683"},{"taxonomy":"post_tag","embeddable":true,"href":"https:\/\/www.elsinodaldetamaulipas.com.mx\/index.php?rest_route=%2Fwp%2Fv2%2Ftags&post=215683"}],"curies":[{"name":"wp","href":"https:\/\/api.w.org\/{rel}","templated":true}]}}