{"id":215827,"date":"2025-12-04T02:13:36","date_gmt":"2025-12-04T06:13:36","guid":{"rendered":"https:\/\/www.elsinodaldetamaulipas.com.mx\/?p=215827"},"modified":"2025-12-04T02:13:36","modified_gmt":"2025-12-04T06:13:36","slug":"se-desinfla-el-sombrero","status":"publish","type":"post","link":"https:\/\/www.elsinodaldetamaulipas.com.mx\/?p=215827","title":{"rendered":"SE DESINFLA EL SOMBRERO"},"content":{"rendered":"<p>La Comuna<\/p>\n<p>&nbsp;<\/p>\n<p>Jos\u00e9 \u00c1ngel Solorio Mart\u00ednez<\/p>\n<p>Otra vez, la derecha perdi\u00f3 a su temprano precandidato a la presidencia de la rep\u00fablica. La estrategia para potenciar la figura de Carlos Manzo -antes y despu\u00e9s de su desaparici\u00f3n- abort\u00f3. El atentado le hizo virar en sus medios para debilitar a la IV T y su Segundo Piso; de la f\u00f3rmula original con el alcalde de Uruapan, pasaron a la t\u00e1ctica de impulsar un escenario de ingobernabilidad en el pa\u00eds.<br \/>\nLa manifestaci\u00f3n de la Generaci\u00f3n Zeta fue un acto que se les revirti\u00f3: result\u00f3 tan violenta que gener\u00f3 un ambiente de rechazo en la mayor\u00eda de la sociedad mexicana. (M\u00e1s de cien polic\u00edas heridos, y m\u00faltiples inmuebles da\u00f1ados en las inmediaciones del Z\u00f3calo.<br \/>\n(Despu\u00e9s se desactiv\u00f3 la provocaci\u00f3n al Ej\u00e9rcito el d\u00eda del desfile con motivo de los festejos de la revoluci\u00f3n mexicana).<br \/>\nUno y otro sendero se evaporaron.<br \/>\nEl \u00faltimo, -hacer un emblema nacional a la viuda, Grecia Quiroz- con consecuencias inesperadas como penosas, revent\u00f3 sorprendentemente.<br \/>\nGerardo Noro\u00f1a ten\u00eda raz\u00f3n.<br \/>\nLa ambici\u00f3n termin\u00f3 por rebasar a los dirigentes del movimiento del sombrero y a la se\u00f1ora Quiroz. El diputado Carlos Tafolla ensen\u00f3 por adelantado sus cartas; todav\u00eda no desped\u00edan plenamente al difunto, cuando ya anunciaba: vamos por la gubernatura y despu\u00e9s por la presidencia.<br \/>\nAs\u00ed de sencillo ve\u00edan su plan.<br \/>\nY c\u00f3mo no: aseguraban tener un m\u00e1rtir, una bandera y un personaje para emblematizar el movimiento.<br \/>\nEl PRIAN, se frot\u00f3 las manos.<br \/>\nHar\u00edan como en el pasado con X\u00f3chitl.<br \/>\nAlgo fall\u00f3.<br \/>\nLa indagaci\u00f3n judicial, encontr\u00f3 grandes inconsistencias en la trama del asesinato de Manzo. Algunos de los militantes de la movilizaci\u00f3n del sombrero, actuaron con tanta sospecha, que debieron ser inmiscuidos en las pesquisas.<br \/>\nVideos de los eventos post muerte de Manzo, fracturaron el discurso de la viuda y de sus colaboradores.<br \/>\nHasta los asistentes en los eventos de luto del jefe edilicio de Uruapan, se quedaron at\u00f3nitos por la conducta de Grecia y su hasta entonces inseparable diputado Tafolla.<br \/>\nDe tal manera que ahora, ante la convocatoria para conmemorar un mes del atentado, no asistieron las multitudes que esperaban.<br \/>\nNo apareci\u00f3 ni Tafolla ni su sombrero.<br \/>\nNi el PRIAN se apareci\u00f3.<br \/>\nYa decidieron cambiar de candidato seguramente.<br \/>\nSe esperan m\u00e1s sorprendentes hechos en torno al asesinato.<br \/>\nY todos, llevan a un final lamentable y penoso para quienes giraron en torno al c\u00edrculo \u00edntimo de Carlos Manzo.<br \/>\nDicen los gringos: easy come, easy go.<\/p>\n","protected":false},"excerpt":{"rendered":"<p>La Comuna &nbsp; Jos\u00e9 \u00c1ngel Solorio Mart\u00ednez Otra vez, la derecha perdi\u00f3 a su temprano precandidato a la presidencia de la rep\u00fablica. La estrategia para potenciar la figura de Carlos Manzo -antes y despu\u00e9s de su desaparici\u00f3n- abort\u00f3. El atentado le hizo virar en sus medios para debilitar a la IV T y su Segundo [&hellip;]<\/p>\n","protected":false},"author":1,"featured_media":214788,"comment_status":"closed","ping_status":"closed","sticky":false,"template":"","format":"standard","meta":{"footnotes":""},"categories":[16],"tags":[],"class_list":["post-215827","post","type-post","status-publish","format-standard","has-post-thumbnail","hentry","category-opinion"],"_links":{"self":[{"href":"https:\/\/www.elsinodaldetamaulipas.com.mx\/index.php?rest_route=\/wp\/v2\/posts\/215827","targetHints":{"allow":["GET"]}}],"collection":[{"href":"https:\/\/www.elsinodaldetamaulipas.com.mx\/index.php?rest_route=\/wp\/v2\/posts"}],"about":[{"href":"https:\/\/www.elsinodaldetamaulipas.com.mx\/index.php?rest_route=\/wp\/v2\/types\/post"}],"author":[{"embeddable":true,"href":"https:\/\/www.elsinodaldetamaulipas.com.mx\/index.php?rest_route=\/wp\/v2\/users\/1"}],"replies":[{"embeddable":true,"href":"https:\/\/www.elsinodaldetamaulipas.com.mx\/index.php?rest_route=%2Fwp%2Fv2%2Fcomments&post=215827"}],"version-history":[{"count":1,"href":"https:\/\/www.elsinodaldetamaulipas.com.mx\/index.php?rest_route=\/wp\/v2\/posts\/215827\/revisions"}],"predecessor-version":[{"id":215828,"href":"https:\/\/www.elsinodaldetamaulipas.com.mx\/index.php?rest_route=\/wp\/v2\/posts\/215827\/revisions\/215828"}],"wp:featuredmedia":[{"embeddable":true,"href":"https:\/\/www.elsinodaldetamaulipas.com.mx\/index.php?rest_route=\/wp\/v2\/media\/214788"}],"wp:attachment":[{"href":"https:\/\/www.elsinodaldetamaulipas.com.mx\/index.php?rest_route=%2Fwp%2Fv2%2Fmedia&parent=215827"}],"wp:term":[{"taxonomy":"category","embeddable":true,"href":"https:\/\/www.elsinodaldetamaulipas.com.mx\/index.php?rest_route=%2Fwp%2Fv2%2Fcategories&post=215827"},{"taxonomy":"post_tag","embeddable":true,"href":"https:\/\/www.elsinodaldetamaulipas.com.mx\/index.php?rest_route=%2Fwp%2Fv2%2Ftags&post=215827"}],"curies":[{"name":"wp","href":"https:\/\/api.w.org\/{rel}","templated":true}]}}