{"id":215895,"date":"2025-12-05T15:38:07","date_gmt":"2025-12-05T19:38:07","guid":{"rendered":"https:\/\/www.elsinodaldetamaulipas.com.mx\/?p=215895"},"modified":"2025-12-05T15:39:56","modified_gmt":"2025-12-05T19:39:56","slug":"mexico-va-bien-encarrilado-con-claudia-sheinbaum","status":"publish","type":"post","link":"https:\/\/www.elsinodaldetamaulipas.com.mx\/?p=215895","title":{"rendered":"M\u00c9XICO VA BIEN ENCARRILADO CON CLAUDIA SHEINBAUM"},"content":{"rendered":"<h5><em>Por Juan Carlos Rodr\u00edguez Terrazas\/EL SINODAL DE TAMAULIPAS<\/em><\/h5>\n<p>Reynosa, Tam.- Los obreros de todo el pa\u00eds estar\u00e1n al tanto del mensaje que la Presidenta de la Republica Claudia Sheinbaum Pardo, dar\u00e1 la ma\u00f1ana de este s\u00e1bado en el z\u00f3calo de la ciudad de M\u00e9xico, donde presentar\u00e1 los retos hacia el futuro y har\u00e1 un balance de los siete a\u00f1os de la Cuarta Transformaci\u00f3n.<\/p>\n<p>El Secretario General del Sindicato Industrial Aut\u00f3nomo de Maquiladoras de la Rep\u00fablica Mexicana (SIAMARM), diputado Alberto Lara Bazald\u00faa, extern\u00f3 que el pa\u00eds est\u00e1 bien encarrilado y ha dado seguimiento a las proyecciones que realiz\u00f3 desde el inicio de su fruct\u00edfera gesti\u00f3n el ex presidente L\u00f3pez Obrador.<\/p>\n<p>Con el prop\u00f3sito de estar al tanto y unirse a las voces de gratitud por los logros de la IV Transformaci\u00f3n, desde las primeras horas de este viernes una gran comitiva de trabajadores de SIAMARM de Reynosa partieron a la ciudad capital donde se unir\u00e1n con representantes de la misma organizaci\u00f3n de otras partes del pa\u00eds para unirse al reconocimiento a la jefa de la naci\u00f3n.<\/p>\n<h5><em><img loading=\"lazy\" decoding=\"async\" class=\"aligncenter wp-image-215897 size-full\" src=\"https:\/\/www.elsinodaldetamaulipas.com.mx\/wp-content\/uploads\/2025\/12\/LARA-BAZALDUA-2.jpg\" alt=\"\" width=\"894\" height=\"487\" srcset=\"https:\/\/www.elsinodaldetamaulipas.com.mx\/wp-content\/uploads\/2025\/12\/LARA-BAZALDUA-2.jpg 894w, https:\/\/www.elsinodaldetamaulipas.com.mx\/wp-content\/uploads\/2025\/12\/LARA-BAZALDUA-2-300x163.jpg 300w, https:\/\/www.elsinodaldetamaulipas.com.mx\/wp-content\/uploads\/2025\/12\/LARA-BAZALDUA-2-768x418.jpg 768w\" sizes=\"auto, (max-width: 894px) 100vw, 894px\" \/><\/em><\/h5>\n<p>Lara Bazald\u00faa, mencion\u00f3 que en su discurso la mandataria nacional, seguramente abordar\u00e1 temas como la austeridad, la soberan\u00eda y el papel del pueblo en el proyecto de transformaci\u00f3n del pa\u00eds.<\/p>\n<p>\u201cA los obreros en general nos ha ido bien con los gobiernos morenitas quienes gradualmente han formalizado una escala salarial ascendente y han consolidado sus programas sociales como las pensiones a adultos mayores que inclusive se han reducido en edad hacia las mujeres y otros apoyos asistenciales a j\u00f3venes, emprendedores que han reducido los \u00edndices de pobreza corroborados por organizaciones mundiales como la ONU.<\/p>\n<p>La presidenta ha hecho muy bien las cosas y por ello las devaluaciones no existen con al fortalecimiento de la moneda mexicana; hay una extraordinaria relaci\u00f3n con el Presidente Donald Trump al igual que con el primer ministro de Canad\u00e1, Mark Carney, con quien se acaba de entrevistar en el marco del sorteo del Mundial de Futbol 2026, Y todo ello abona y permea en el bienestar de la familia trabajadora, -puntualizo- el dirigente.<\/p>\n<p>&nbsp;<\/p>\n","protected":false},"excerpt":{"rendered":"<p>Por Juan Carlos Rodr\u00edguez Terrazas\/EL SINODAL DE TAMAULIPAS Reynosa, Tam.- Los obreros de todo el pa\u00eds estar\u00e1n al tanto del mensaje que la Presidenta de la Republica Claudia Sheinbaum Pardo, dar\u00e1 la ma\u00f1ana de este s\u00e1bado en el z\u00f3calo de la ciudad de M\u00e9xico, donde presentar\u00e1 los retos hacia el futuro y har\u00e1 un balance [&hellip;]<\/p>\n","protected":false},"author":1,"featured_media":215896,"comment_status":"closed","ping_status":"closed","sticky":false,"template":"","format":"standard","meta":{"footnotes":""},"categories":[1,2],"tags":[],"class_list":["post-215895","post","type-post","status-publish","format-standard","has-post-thumbnail","hentry","category-portada","category-reynosa"],"_links":{"self":[{"href":"https:\/\/www.elsinodaldetamaulipas.com.mx\/index.php?rest_route=\/wp\/v2\/posts\/215895","targetHints":{"allow":["GET"]}}],"collection":[{"href":"https:\/\/www.elsinodaldetamaulipas.com.mx\/index.php?rest_route=\/wp\/v2\/posts"}],"about":[{"href":"https:\/\/www.elsinodaldetamaulipas.com.mx\/index.php?rest_route=\/wp\/v2\/types\/post"}],"author":[{"embeddable":true,"href":"https:\/\/www.elsinodaldetamaulipas.com.mx\/index.php?rest_route=\/wp\/v2\/users\/1"}],"replies":[{"embeddable":true,"href":"https:\/\/www.elsinodaldetamaulipas.com.mx\/index.php?rest_route=%2Fwp%2Fv2%2Fcomments&post=215895"}],"version-history":[{"count":3,"href":"https:\/\/www.elsinodaldetamaulipas.com.mx\/index.php?rest_route=\/wp\/v2\/posts\/215895\/revisions"}],"predecessor-version":[{"id":215900,"href":"https:\/\/www.elsinodaldetamaulipas.com.mx\/index.php?rest_route=\/wp\/v2\/posts\/215895\/revisions\/215900"}],"wp:featuredmedia":[{"embeddable":true,"href":"https:\/\/www.elsinodaldetamaulipas.com.mx\/index.php?rest_route=\/wp\/v2\/media\/215896"}],"wp:attachment":[{"href":"https:\/\/www.elsinodaldetamaulipas.com.mx\/index.php?rest_route=%2Fwp%2Fv2%2Fmedia&parent=215895"}],"wp:term":[{"taxonomy":"category","embeddable":true,"href":"https:\/\/www.elsinodaldetamaulipas.com.mx\/index.php?rest_route=%2Fwp%2Fv2%2Fcategories&post=215895"},{"taxonomy":"post_tag","embeddable":true,"href":"https:\/\/www.elsinodaldetamaulipas.com.mx\/index.php?rest_route=%2Fwp%2Fv2%2Ftags&post=215895"}],"curies":[{"name":"wp","href":"https:\/\/api.w.org\/{rel}","templated":true}]}}