{"id":215901,"date":"2025-12-05T16:23:27","date_gmt":"2025-12-05T20:23:27","guid":{"rendered":"https:\/\/www.elsinodaldetamaulipas.com.mx\/?p=215901"},"modified":"2025-12-05T16:23:27","modified_gmt":"2025-12-05T20:23:27","slug":"tecnm-reynosa-celebra-festival-cultural-navideno","status":"publish","type":"post","link":"https:\/\/www.elsinodaldetamaulipas.com.mx\/?p=215901","title":{"rendered":"TecNM REYNOSA, CELEBRA FESTIVAL CULTURAL NAVIDE\u00d1O"},"content":{"rendered":"<p><em><strong>Por Gil Vicente Galindo\/EL SINODAL DE TAMAULIPAS<\/strong><\/em><\/p>\n<p>Reynosa, Tam.- Este 4 de diciembre, el Instituto Tecnol\u00f3gico de Reynosa celebr\u00f3 con gran entusiasmo su 7\u00ba Festival Cultural Navide\u00f1o 2025, un evento de convivencia que reuni\u00f3 a la comunidad tecnol\u00f3gica para dar inicio a la temporada decembrina.<\/p>\n<p><img loading=\"lazy\" decoding=\"async\" class=\"aligncenter wp-image-215903 size-full\" src=\"https:\/\/www.elsinodaldetamaulipas.com.mx\/wp-content\/uploads\/2025\/12\/comnviove-2.jpg\" alt=\"\" width=\"894\" height=\"487\" srcset=\"https:\/\/www.elsinodaldetamaulipas.com.mx\/wp-content\/uploads\/2025\/12\/comnviove-2.jpg 894w, https:\/\/www.elsinodaldetamaulipas.com.mx\/wp-content\/uploads\/2025\/12\/comnviove-2-300x163.jpg 300w, https:\/\/www.elsinodaldetamaulipas.com.mx\/wp-content\/uploads\/2025\/12\/comnviove-2-768x418.jpg 768w\" sizes=\"auto, (max-width: 894px) 100vw, 894px\" \/><\/p>\n<p>La jornada comenz\u00f3 con la bienvenida y presentaci\u00f3n de autoridades del TecNM que encabeza el maestro Ludovico Hern\u00e1ndez Aguilar, quien agradeci\u00f3 la enorme participaci\u00f3n de toda la comunidad tecnol\u00f3gica.<\/p>\n<p>Estudiantes de 7.\u00ba semestre de Ingenier\u00eda Mecatr\u00f3nica, quienes mostraron talento y creatividad al representar la pastorela con el nacimiento del ni\u00f1o Dios, la llegada de Jes\u00fas y Mar\u00eda a Jerusal\u00e9n, el diablo haciendo sus travesuras para deleite de los presentes.<\/p>\n<p><img loading=\"lazy\" decoding=\"async\" class=\"aligncenter wp-image-215904 size-full\" src=\"https:\/\/www.elsinodaldetamaulipas.com.mx\/wp-content\/uploads\/2025\/12\/TEC-3-1.jpeg\" alt=\"\" width=\"1600\" height=\"1067\" srcset=\"https:\/\/www.elsinodaldetamaulipas.com.mx\/wp-content\/uploads\/2025\/12\/TEC-3-1.jpeg 1600w, https:\/\/www.elsinodaldetamaulipas.com.mx\/wp-content\/uploads\/2025\/12\/TEC-3-1-300x200.jpeg 300w, https:\/\/www.elsinodaldetamaulipas.com.mx\/wp-content\/uploads\/2025\/12\/TEC-3-1-1024x683.jpeg 1024w, https:\/\/www.elsinodaldetamaulipas.com.mx\/wp-content\/uploads\/2025\/12\/TEC-3-1-768x512.jpeg 768w, https:\/\/www.elsinodaldetamaulipas.com.mx\/wp-content\/uploads\/2025\/12\/TEC-3-1-1536x1024.jpeg 1536w\" sizes=\"auto, (max-width: 1600px) 100vw, 1600px\" \/><\/p>\n<p>El programa continu\u00f3 con la participaci\u00f3n art\u00edstica de la Rondalla \u201cCoyotes\u201d del ITR, que interpret\u00f3 un repertorio especial para la ocasi\u00f3n. En representaci\u00f3n del Secretario General de la Delegaci\u00f3n D-V-104, el maestro Reynaldo C\u00e9sar L\u00f3pez Hern\u00e1ndez comparti\u00f3 un mensaje dirigido a la comunidad tecnol\u00f3gica.<\/p>\n<p>El maestro Ludovico Hern\u00e1ndez Aguilar, director del TecNM Reynosa, ofreci\u00f3 unas palabras de bienvenida acompa\u00f1ado de invitados de honor y realiz\u00f3 el tradicional encendido del pino navide\u00f1o, simbolizando uni\u00f3n, esperanza y renovaci\u00f3n.<\/p>\n<p><img loading=\"lazy\" decoding=\"async\" class=\"aligncenter wp-image-215905 size-full\" src=\"https:\/\/www.elsinodaldetamaulipas.com.mx\/wp-content\/uploads\/2025\/12\/TEC-6.jpeg\" alt=\"\" width=\"1600\" height=\"1067\" srcset=\"https:\/\/www.elsinodaldetamaulipas.com.mx\/wp-content\/uploads\/2025\/12\/TEC-6.jpeg 1600w, https:\/\/www.elsinodaldetamaulipas.com.mx\/wp-content\/uploads\/2025\/12\/TEC-6-300x200.jpeg 300w, https:\/\/www.elsinodaldetamaulipas.com.mx\/wp-content\/uploads\/2025\/12\/TEC-6-1024x683.jpeg 1024w, https:\/\/www.elsinodaldetamaulipas.com.mx\/wp-content\/uploads\/2025\/12\/TEC-6-768x512.jpeg 768w, https:\/\/www.elsinodaldetamaulipas.com.mx\/wp-content\/uploads\/2025\/12\/TEC-6-1536x1024.jpeg 1536w\" sizes=\"auto, (max-width: 1600px) 100vw, 1600px\" \/><\/p>\n<p>Finalmente, se invit\u00f3 a las y los asistentes a disfrutar de una cena comunitaria con los tradicionales tamales y champurrado, cortes\u00eda de la direcci\u00f3n del Instituto, cerrando as\u00ed una tarde llena de esp\u00edritu navide\u00f1o y convivencia institucional.<\/p>\n","protected":false},"excerpt":{"rendered":"<p>Por Gil Vicente Galindo\/EL SINODAL DE TAMAULIPAS Reynosa, Tam.- Este 4 de diciembre, el Instituto Tecnol\u00f3gico de Reynosa celebr\u00f3 con gran entusiasmo su 7\u00ba Festival Cultural Navide\u00f1o 2025, un evento de convivencia que reuni\u00f3 a la comunidad tecnol\u00f3gica para dar inicio a la temporada decembrina. La jornada comenz\u00f3 con la bienvenida y presentaci\u00f3n de autoridades [&hellip;]<\/p>\n","protected":false},"author":1,"featured_media":215902,"comment_status":"closed","ping_status":"closed","sticky":false,"template":"","format":"standard","meta":{"footnotes":""},"categories":[1,2],"tags":[],"class_list":["post-215901","post","type-post","status-publish","format-standard","has-post-thumbnail","hentry","category-portada","category-reynosa"],"_links":{"self":[{"href":"https:\/\/www.elsinodaldetamaulipas.com.mx\/index.php?rest_route=\/wp\/v2\/posts\/215901","targetHints":{"allow":["GET"]}}],"collection":[{"href":"https:\/\/www.elsinodaldetamaulipas.com.mx\/index.php?rest_route=\/wp\/v2\/posts"}],"about":[{"href":"https:\/\/www.elsinodaldetamaulipas.com.mx\/index.php?rest_route=\/wp\/v2\/types\/post"}],"author":[{"embeddable":true,"href":"https:\/\/www.elsinodaldetamaulipas.com.mx\/index.php?rest_route=\/wp\/v2\/users\/1"}],"replies":[{"embeddable":true,"href":"https:\/\/www.elsinodaldetamaulipas.com.mx\/index.php?rest_route=%2Fwp%2Fv2%2Fcomments&post=215901"}],"version-history":[{"count":1,"href":"https:\/\/www.elsinodaldetamaulipas.com.mx\/index.php?rest_route=\/wp\/v2\/posts\/215901\/revisions"}],"predecessor-version":[{"id":215906,"href":"https:\/\/www.elsinodaldetamaulipas.com.mx\/index.php?rest_route=\/wp\/v2\/posts\/215901\/revisions\/215906"}],"wp:featuredmedia":[{"embeddable":true,"href":"https:\/\/www.elsinodaldetamaulipas.com.mx\/index.php?rest_route=\/wp\/v2\/media\/215902"}],"wp:attachment":[{"href":"https:\/\/www.elsinodaldetamaulipas.com.mx\/index.php?rest_route=%2Fwp%2Fv2%2Fmedia&parent=215901"}],"wp:term":[{"taxonomy":"category","embeddable":true,"href":"https:\/\/www.elsinodaldetamaulipas.com.mx\/index.php?rest_route=%2Fwp%2Fv2%2Fcategories&post=215901"},{"taxonomy":"post_tag","embeddable":true,"href":"https:\/\/www.elsinodaldetamaulipas.com.mx\/index.php?rest_route=%2Fwp%2Fv2%2Ftags&post=215901"}],"curies":[{"name":"wp","href":"https:\/\/api.w.org\/{rel}","templated":true}]}}