{"id":215907,"date":"2025-12-05T19:41:37","date_gmt":"2025-12-05T23:41:37","guid":{"rendered":"https:\/\/www.elsinodaldetamaulipas.com.mx\/?p=215907"},"modified":"2025-12-05T19:41:37","modified_gmt":"2025-12-05T23:41:37","slug":"radio-tec-madero","status":"publish","type":"post","link":"https:\/\/www.elsinodaldetamaulipas.com.mx\/?p=215907","title":{"rendered":"RADIO TEC MADERO"},"content":{"rendered":"<p>Por Oscar D\u00edaz Salazar<\/p>\n<p>All\u00e1 por el mes de julio de 1984, \u201cel que suscribe al calce\u201d, -frase que utilizaba en tono burl\u00f3n el amigo Lupe D\u00edaz-, lleg\u00f3 a Monterrey para iniciar los estudios en la Universidad Aut\u00f3noma de Nuevo Le\u00f3n.<\/p>\n<p>Sal\u00ed un d\u00eda de mi pueblo, de la casa familiar, para iniciar una aventura que implicaba estar \u201csolo con mi soledad\u201d, expresi\u00f3n con la que me sent\u00ed identificado y que escuch\u00e9 cientos de veces, en la voz de Marisela, la cantante de moda que programaban con mucha frecuencia en las radiodifusoras de la capital neolonesa.<\/p>\n<p>Solo con mi soledad, le tuve que hacer frente a la nostalgia, a la tristeza, al estudio, a la independencia repentina y a todo lo que implica abandonar el nido y vivir en casa ajena (de asistencia) y en pueblo ajeno.<\/p>\n<p>En mis largas noches, a veces de insomnio, a veces de estudio, a veces de reflexi\u00f3n y a veces de pensar y temer al futuro, me acompa\u00f1aba un radio en el que escuchaba noticieros, anuncios comerciales muy ingeniosos y musica. En las estaciones de radio de Monterrey ten\u00edan la costumbre de repetir mucho las canciones, y por eso digo que escuch\u00e9 cientos de veces eso de \u201csolo con mi soledad\u201d, en voz de Marisela.<\/p>\n<p>Creo que de ese tiempo le tome el gusto a la radio. Me gusta escuchar radio. Me gusta sorprenderme con la sucesi\u00f3n de canciones de diferentes int\u00e9rpretes y\/o m\u00fasicos. Me gustan los programas dedicados a cantantes consagrados. Me gustaba la hora de m\u00fasica mexicana de la kQXX de McAllen, la hora de Juan Gabriel, la hora de jazz en Radio Gobierno de Nuevo Le\u00f3n.<\/p>\n<p>En mis visitas m\u00e1s recientes a Monterrey, disfruto, con un leve sentimiento de envidia y frustraci\u00f3n, la programaci\u00f3n de la estaci\u00f3n de radio del gobierno del Estado, de Radio Universidad de la UANL, de la estaci\u00f3n de la Universidad de Monterrey (UDEM) y de la estaci\u00f3n del Tec de Monterrey (ITESM).<\/p>\n<p>En Tamaulipas existe una estaci\u00f3n de radio de la UAT y una del gobierno del Estado, que en teor\u00eda tienen cobertura estatal, pero en la realidad no se escuchan en Reynosa, o si se escuchan, no es en toda la ciudad, ni en forma \u00f3ptima.<\/p>\n<p>Recuerdo que le hice una sugerencia al entonces presidente municipal de Reynosa, Francisco Garc\u00eda Cabeza de Vaca, para gestionar los permisos para operar una estaci\u00f3n de radio del gobierno municipal. Francisco N le pareci\u00f3 interesante e intent\u00f3 hacerse de una estaci\u00f3n radiof\u00f3nica como negocio personal, para lo cual constituy\u00f3 una empresa, a la que no le otorgaron concesiones.<\/p>\n<p>Les comparto estos recuerdos, pensamientos y sentimientos que tienen que ver con mi relaci\u00f3n con la radio, para que sirvan de contexto a mi felicitaci\u00f3n y aplauso al Ing. Juan Dionisio Cruz, Director del Tec Madero, que ya casi trae el Vobo para operar una estaci\u00f3n radiof\u00f3nica.<\/p>\n<p>No quiero echarle la sal al proyecto de Radio Tec Madero, ni robarle al Director el privilegio de anunciar el inicio de operaciones de la estaci\u00f3n de los Leopardos del Tec Madero.<\/p>\n<p>Esperemos que se concreten las gestiones y que podamos disfrutar de la programaci\u00f3n de esta nueva opci\u00f3n radiof\u00f3nica. Y esperemos tambi\u00e9n que el ejemplo cunda en otros Tec\u2019s, en otras instituciones y en otros municipios.<\/p>\n","protected":false},"excerpt":{"rendered":"<p>Por Oscar D\u00edaz Salazar All\u00e1 por el mes de julio de 1984, \u201cel que suscribe al calce\u201d, -frase que utilizaba en tono burl\u00f3n el amigo Lupe D\u00edaz-, lleg\u00f3 a Monterrey para iniciar los estudios en la Universidad Aut\u00f3noma de Nuevo Le\u00f3n. Sal\u00ed un d\u00eda de mi pueblo, de la casa familiar, para iniciar una aventura [&hellip;]<\/p>\n","protected":false},"author":1,"featured_media":215908,"comment_status":"closed","ping_status":"closed","sticky":false,"template":"","format":"standard","meta":{"footnotes":""},"categories":[16],"tags":[],"class_list":["post-215907","post","type-post","status-publish","format-standard","has-post-thumbnail","hentry","category-opinion"],"_links":{"self":[{"href":"https:\/\/www.elsinodaldetamaulipas.com.mx\/index.php?rest_route=\/wp\/v2\/posts\/215907","targetHints":{"allow":["GET"]}}],"collection":[{"href":"https:\/\/www.elsinodaldetamaulipas.com.mx\/index.php?rest_route=\/wp\/v2\/posts"}],"about":[{"href":"https:\/\/www.elsinodaldetamaulipas.com.mx\/index.php?rest_route=\/wp\/v2\/types\/post"}],"author":[{"embeddable":true,"href":"https:\/\/www.elsinodaldetamaulipas.com.mx\/index.php?rest_route=\/wp\/v2\/users\/1"}],"replies":[{"embeddable":true,"href":"https:\/\/www.elsinodaldetamaulipas.com.mx\/index.php?rest_route=%2Fwp%2Fv2%2Fcomments&post=215907"}],"version-history":[{"count":1,"href":"https:\/\/www.elsinodaldetamaulipas.com.mx\/index.php?rest_route=\/wp\/v2\/posts\/215907\/revisions"}],"predecessor-version":[{"id":215909,"href":"https:\/\/www.elsinodaldetamaulipas.com.mx\/index.php?rest_route=\/wp\/v2\/posts\/215907\/revisions\/215909"}],"wp:featuredmedia":[{"embeddable":true,"href":"https:\/\/www.elsinodaldetamaulipas.com.mx\/index.php?rest_route=\/wp\/v2\/media\/215908"}],"wp:attachment":[{"href":"https:\/\/www.elsinodaldetamaulipas.com.mx\/index.php?rest_route=%2Fwp%2Fv2%2Fmedia&parent=215907"}],"wp:term":[{"taxonomy":"category","embeddable":true,"href":"https:\/\/www.elsinodaldetamaulipas.com.mx\/index.php?rest_route=%2Fwp%2Fv2%2Fcategories&post=215907"},{"taxonomy":"post_tag","embeddable":true,"href":"https:\/\/www.elsinodaldetamaulipas.com.mx\/index.php?rest_route=%2Fwp%2Fv2%2Ftags&post=215907"}],"curies":[{"name":"wp","href":"https:\/\/api.w.org\/{rel}","templated":true}]}}