{"id":215910,"date":"2025-12-05T20:00:42","date_gmt":"2025-12-06T00:00:42","guid":{"rendered":"https:\/\/www.elsinodaldetamaulipas.com.mx\/?p=215910"},"modified":"2025-12-05T20:01:35","modified_gmt":"2025-12-06T00:01:35","slug":"refrenda-humberto-prieto-compromiso-con-familias","status":"publish","type":"post","link":"https:\/\/www.elsinodaldetamaulipas.com.mx\/?p=215910","title":{"rendered":"REFRENDA HUMBERTO PRIETO COMPROMISO CON FAMILIAS"},"content":{"rendered":"<p>EL SINODAL DE TAMAULIPAS<\/p>\n<p>Reynosa, Tam.- Durante el transcurso de esta semana, el Diputado Presidente de la Junta de Gobierno, Humberto Prieto Herrera, visit\u00f3 la casa de la familia del peque\u00f1o Edie Justino Casares, menor que ha recibido ayuda m\u00e9dica por su condici\u00f3n de nacimiento.<\/p>\n<p><img loading=\"lazy\" decoding=\"async\" class=\"aligncenter wp-image-215912 size-large\" src=\"https:\/\/www.elsinodaldetamaulipas.com.mx\/wp-content\/uploads\/2025\/12\/BETO-1-881x1024.jpeg\" alt=\"\" width=\"640\" height=\"744\" srcset=\"https:\/\/www.elsinodaldetamaulipas.com.mx\/wp-content\/uploads\/2025\/12\/BETO-1-881x1024.jpeg 881w, https:\/\/www.elsinodaldetamaulipas.com.mx\/wp-content\/uploads\/2025\/12\/BETO-1-258x300.jpeg 258w, https:\/\/www.elsinodaldetamaulipas.com.mx\/wp-content\/uploads\/2025\/12\/BETO-1-768x893.jpeg 768w, https:\/\/www.elsinodaldetamaulipas.com.mx\/wp-content\/uploads\/2025\/12\/BETO-1-1321x1536.jpeg 1321w, https:\/\/www.elsinodaldetamaulipas.com.mx\/wp-content\/uploads\/2025\/12\/BETO-1.jpeg 1376w\" sizes=\"auto, (max-width: 640px) 100vw, 640px\" \/><\/p>\n<p>Prieto Herrera, junto a su equipo de trabajo, como de costumbre, cuando no se encuentra en las actividades legislativas, encabeza las entregas de apoyos y visitas a las familias de su distrito y todo Reynosa.<\/p>\n<p><img loading=\"lazy\" decoding=\"async\" class=\"aligncenter wp-image-215913 size-large\" src=\"https:\/\/www.elsinodaldetamaulipas.com.mx\/wp-content\/uploads\/2025\/12\/BETO-2-1024x742.jpeg\" alt=\"\" width=\"640\" height=\"464\" srcset=\"https:\/\/www.elsinodaldetamaulipas.com.mx\/wp-content\/uploads\/2025\/12\/BETO-2-1024x742.jpeg 1024w, https:\/\/www.elsinodaldetamaulipas.com.mx\/wp-content\/uploads\/2025\/12\/BETO-2-300x217.jpeg 300w, https:\/\/www.elsinodaldetamaulipas.com.mx\/wp-content\/uploads\/2025\/12\/BETO-2-768x556.jpeg 768w, https:\/\/www.elsinodaldetamaulipas.com.mx\/wp-content\/uploads\/2025\/12\/BETO-2-1536x1113.jpeg 1536w, https:\/\/www.elsinodaldetamaulipas.com.mx\/wp-content\/uploads\/2025\/12\/BETO-2.jpeg 1600w\" sizes=\"auto, (max-width: 640px) 100vw, 640px\" \/><\/p>\n<p>Medicina, ropa, cobijas, pa\u00f1ales y juguetes fueron algunos de los apoyos que en esta ocasi\u00f3n llev\u00f3 el diputado al peque\u00f1o Edie y dem\u00e1s menores que viven en su hogar, dibujando as\u00ed en los ni\u00f1os una sonrisa por la sorpresa al ver sus regalos.<\/p>\n<p><img loading=\"lazy\" decoding=\"async\" class=\"aligncenter wp-image-215914 size-large\" src=\"https:\/\/www.elsinodaldetamaulipas.com.mx\/wp-content\/uploads\/2025\/12\/BETO-3-1024x611.jpeg\" alt=\"\" width=\"640\" height=\"382\" srcset=\"https:\/\/www.elsinodaldetamaulipas.com.mx\/wp-content\/uploads\/2025\/12\/BETO-3-1024x611.jpeg 1024w, https:\/\/www.elsinodaldetamaulipas.com.mx\/wp-content\/uploads\/2025\/12\/BETO-3-300x179.jpeg 300w, https:\/\/www.elsinodaldetamaulipas.com.mx\/wp-content\/uploads\/2025\/12\/BETO-3-768x458.jpeg 768w, https:\/\/www.elsinodaldetamaulipas.com.mx\/wp-content\/uploads\/2025\/12\/BETO-3-1536x916.jpeg 1536w, https:\/\/www.elsinodaldetamaulipas.com.mx\/wp-content\/uploads\/2025\/12\/BETO-3.jpeg 1600w\" sizes=\"auto, (max-width: 640px) 100vw, 640px\" \/><\/p>\n<p>\u201cQuiero agradecer al diputado, porque nos ha apoyado y ha cumplido con su palabra. Gracias a esto, mi nieto cuenta con su tratamiento m\u00e9dico y va mejorando. En esta ocasi\u00f3n tambi\u00e9n les trajo alegr\u00eda,\u00bb se\u00f1al\u00f3 la se\u00f1ora Graciela Mart\u00ednez, abuelita de Edie, misma que invit\u00f3 a confiar en el Diputado Prieto Herrera, ya que es una persona que se compromete y cumple.<\/p>\n<p>&nbsp;<\/p>\n<p>De esta manera es como el Presidente de la JUGOB, Humberto Prieto Herrera, lleva a cabo su labor legislativa y social, atendiendo las necesidades de las familias tamaulipecas.<\/p>\n","protected":false},"excerpt":{"rendered":"<p>EL SINODAL DE TAMAULIPAS Reynosa, Tam.- Durante el transcurso de esta semana, el Diputado Presidente de la Junta de Gobierno, Humberto Prieto Herrera, visit\u00f3 la casa de la familia del peque\u00f1o Edie Justino Casares, menor que ha recibido ayuda m\u00e9dica por su condici\u00f3n de nacimiento. Prieto Herrera, junto a su equipo de trabajo, como de [&hellip;]<\/p>\n","protected":false},"author":1,"featured_media":215911,"comment_status":"closed","ping_status":"closed","sticky":false,"template":"","format":"standard","meta":{"footnotes":""},"categories":[2],"tags":[],"class_list":["post-215910","post","type-post","status-publish","format-standard","has-post-thumbnail","hentry","category-reynosa"],"_links":{"self":[{"href":"https:\/\/www.elsinodaldetamaulipas.com.mx\/index.php?rest_route=\/wp\/v2\/posts\/215910","targetHints":{"allow":["GET"]}}],"collection":[{"href":"https:\/\/www.elsinodaldetamaulipas.com.mx\/index.php?rest_route=\/wp\/v2\/posts"}],"about":[{"href":"https:\/\/www.elsinodaldetamaulipas.com.mx\/index.php?rest_route=\/wp\/v2\/types\/post"}],"author":[{"embeddable":true,"href":"https:\/\/www.elsinodaldetamaulipas.com.mx\/index.php?rest_route=\/wp\/v2\/users\/1"}],"replies":[{"embeddable":true,"href":"https:\/\/www.elsinodaldetamaulipas.com.mx\/index.php?rest_route=%2Fwp%2Fv2%2Fcomments&post=215910"}],"version-history":[{"count":2,"href":"https:\/\/www.elsinodaldetamaulipas.com.mx\/index.php?rest_route=\/wp\/v2\/posts\/215910\/revisions"}],"predecessor-version":[{"id":215916,"href":"https:\/\/www.elsinodaldetamaulipas.com.mx\/index.php?rest_route=\/wp\/v2\/posts\/215910\/revisions\/215916"}],"wp:featuredmedia":[{"embeddable":true,"href":"https:\/\/www.elsinodaldetamaulipas.com.mx\/index.php?rest_route=\/wp\/v2\/media\/215911"}],"wp:attachment":[{"href":"https:\/\/www.elsinodaldetamaulipas.com.mx\/index.php?rest_route=%2Fwp%2Fv2%2Fmedia&parent=215910"}],"wp:term":[{"taxonomy":"category","embeddable":true,"href":"https:\/\/www.elsinodaldetamaulipas.com.mx\/index.php?rest_route=%2Fwp%2Fv2%2Fcategories&post=215910"},{"taxonomy":"post_tag","embeddable":true,"href":"https:\/\/www.elsinodaldetamaulipas.com.mx\/index.php?rest_route=%2Fwp%2Fv2%2Ftags&post=215910"}],"curies":[{"name":"wp","href":"https:\/\/api.w.org\/{rel}","templated":true}]}}