{"id":215918,"date":"2025-12-06T17:03:38","date_gmt":"2025-12-06T21:03:38","guid":{"rendered":"https:\/\/www.elsinodaldetamaulipas.com.mx\/?p=215918"},"modified":"2025-12-06T17:06:20","modified_gmt":"2025-12-06T21:06:20","slug":"comunicadores-disfrutan-convivencia-navidena","status":"publish","type":"post","link":"https:\/\/www.elsinodaldetamaulipas.com.mx\/?p=215918","title":{"rendered":"COMUNICADORES DISFRUTAN CONVIVENCIA NAVIDE\u00d1A"},"content":{"rendered":"<p><em>Por Gil Vicente Galindo\/EL SINODAL DE TAMAULIPAS<\/em><\/p>\n<p>Reynosa, Tam.- M\u00e1s que con el funcionario o con funcionarios, representantes de los distintos medios de comunicaci\u00f3n que cubren la fuente de la presidencia municipal, convivieron con amigos, como el contralor, Ernesto G\u00f3mez: el regidor Mario Soria Stomatio y el titular de servicios primarios, To\u00f1o Ch\u00e1vez Herrera.<\/p>\n<p>Medio centenar de reporteros, editores, reporteros, camar\u00f3grafos y fot\u00f3grafos fueron invitados a esa sana convivencia con funcionarios municipales para de una manera agradecer la atenci\u00f3n de todo este 2025 a punto de concluir.<\/p>\n<p><em><img loading=\"lazy\" decoding=\"async\" class=\"aligncenter wp-image-215922 size-full\" src=\"https:\/\/www.elsinodaldetamaulipas.com.mx\/wp-content\/uploads\/2025\/12\/CAMARADERIA-2.jpg\" alt=\"\" width=\"894\" height=\"487\" srcset=\"https:\/\/www.elsinodaldetamaulipas.com.mx\/wp-content\/uploads\/2025\/12\/CAMARADERIA-2.jpg 894w, https:\/\/www.elsinodaldetamaulipas.com.mx\/wp-content\/uploads\/2025\/12\/CAMARADERIA-2-300x163.jpg 300w, https:\/\/www.elsinodaldetamaulipas.com.mx\/wp-content\/uploads\/2025\/12\/CAMARADERIA-2-768x418.jpg 768w\" sizes=\"auto, (max-width: 894px) 100vw, 894px\" \/><\/em><\/p>\n<p>\u201cLes agradecemos su presencia en todo lo que vale, ojal\u00e1 y sigamos conservando esta buena amistad que hemos logrado mutuamente y que estas fiestas navide\u00f1as sean de entera felicidad y los mejores para bienes para el 2026\u201d, dijo el licenciado Ernesto G\u00f3mez de la Pe\u00f1a.<\/p>\n<p>Aparte de una excelente cena, los citados funcionarios sortearon un gran n\u00famero de obsequios para la totalidad de los asistentes que se dieron cita en el sal\u00f3n \u201cM &amp; R Vintage Events\u201d.<\/p>\n<p><em><img loading=\"lazy\" decoding=\"async\" class=\"aligncenter wp-image-215921 size-full\" src=\"https:\/\/www.elsinodaldetamaulipas.com.mx\/wp-content\/uploads\/2025\/12\/CAMARADERIA-3.jpg\" alt=\"\" width=\"894\" height=\"487\" srcset=\"https:\/\/www.elsinodaldetamaulipas.com.mx\/wp-content\/uploads\/2025\/12\/CAMARADERIA-3.jpg 894w, https:\/\/www.elsinodaldetamaulipas.com.mx\/wp-content\/uploads\/2025\/12\/CAMARADERIA-3-300x163.jpg 300w, https:\/\/www.elsinodaldetamaulipas.com.mx\/wp-content\/uploads\/2025\/12\/CAMARADERIA-3-768x418.jpg 768w\" sizes=\"auto, (max-width: 894px) 100vw, 894px\" \/><\/em><\/p>\n<p>Un gustazo convivir con muchos entre compa\u00f1eros de la vieja guardia y las nuevas generaciones por ah\u00ed \u00e9ntre los asistentes se enumeraron a Jaime Aguirre Trevi\u00f1o, Heriberto San Martin, Jes\u00fas Rivera Z\u00fa\u00f1iga, Pedro Aparicio Gallegos, Virgilio Flores, Juan Manuel Villarreal, Martin Ju\u00e1rez, Yeny Gandiaga, V\u00edctor Quevedo Valdez, Lupita Salas, Roc\u00edo Cant\u00fa y Damaris V\u00e1zquez.<\/p>\n<p>Tambi\u00e9n acudieron a la convocatoria a trav\u00e9s de Meme Villarreal; Chuy Dom\u00ednguez, Juan Carlos Rodr\u00edguez Terrazas, Martin Hern\u00e1ndez, Jorge Arano, Yeny Garc\u00eda, Paquito Medina, Yurenia Salas, Joel Mart\u00ednez Qui\u00f1ones, Ren\u00e9 Mart\u00ednez Bravo, Eligio Aguilar Elizondo, Jorge Yarrito Garza, Yany Vega, Merari Quevedo, Miguel Dom\u00ednguez, Willie Guzm\u00e1n, Pedro Ontiveros, Jorge Peralta, Lupito Castorena, Laiza Reyna, Vero Cruz, Carlos Cortez, Poncho Madera Mart\u00ednez, Juan Arista y muchos otros m\u00e1s.<\/p>\n","protected":false},"excerpt":{"rendered":"<p>Por Gil Vicente Galindo\/EL SINODAL DE TAMAULIPAS Reynosa, Tam.- M\u00e1s que con el funcionario o con funcionarios, representantes de los distintos medios de comunicaci\u00f3n que cubren la fuente de la presidencia municipal, convivieron con amigos, como el contralor, Ernesto G\u00f3mez: el regidor Mario Soria Stomatio y el titular de servicios primarios, To\u00f1o Ch\u00e1vez Herrera. Medio [&hellip;]<\/p>\n","protected":false},"author":1,"featured_media":215919,"comment_status":"closed","ping_status":"closed","sticky":false,"template":"","format":"standard","meta":{"footnotes":""},"categories":[1,2],"tags":[],"class_list":["post-215918","post","type-post","status-publish","format-standard","has-post-thumbnail","hentry","category-portada","category-reynosa"],"_links":{"self":[{"href":"https:\/\/www.elsinodaldetamaulipas.com.mx\/index.php?rest_route=\/wp\/v2\/posts\/215918","targetHints":{"allow":["GET"]}}],"collection":[{"href":"https:\/\/www.elsinodaldetamaulipas.com.mx\/index.php?rest_route=\/wp\/v2\/posts"}],"about":[{"href":"https:\/\/www.elsinodaldetamaulipas.com.mx\/index.php?rest_route=\/wp\/v2\/types\/post"}],"author":[{"embeddable":true,"href":"https:\/\/www.elsinodaldetamaulipas.com.mx\/index.php?rest_route=\/wp\/v2\/users\/1"}],"replies":[{"embeddable":true,"href":"https:\/\/www.elsinodaldetamaulipas.com.mx\/index.php?rest_route=%2Fwp%2Fv2%2Fcomments&post=215918"}],"version-history":[{"count":3,"href":"https:\/\/www.elsinodaldetamaulipas.com.mx\/index.php?rest_route=\/wp\/v2\/posts\/215918\/revisions"}],"predecessor-version":[{"id":215924,"href":"https:\/\/www.elsinodaldetamaulipas.com.mx\/index.php?rest_route=\/wp\/v2\/posts\/215918\/revisions\/215924"}],"wp:featuredmedia":[{"embeddable":true,"href":"https:\/\/www.elsinodaldetamaulipas.com.mx\/index.php?rest_route=\/wp\/v2\/media\/215919"}],"wp:attachment":[{"href":"https:\/\/www.elsinodaldetamaulipas.com.mx\/index.php?rest_route=%2Fwp%2Fv2%2Fmedia&parent=215918"}],"wp:term":[{"taxonomy":"category","embeddable":true,"href":"https:\/\/www.elsinodaldetamaulipas.com.mx\/index.php?rest_route=%2Fwp%2Fv2%2Fcategories&post=215918"},{"taxonomy":"post_tag","embeddable":true,"href":"https:\/\/www.elsinodaldetamaulipas.com.mx\/index.php?rest_route=%2Fwp%2Fv2%2Ftags&post=215918"}],"curies":[{"name":"wp","href":"https:\/\/api.w.org\/{rel}","templated":true}]}}