{"id":215925,"date":"2025-12-06T17:33:54","date_gmt":"2025-12-06T21:33:54","guid":{"rendered":"https:\/\/www.elsinodaldetamaulipas.com.mx\/?p=215925"},"modified":"2025-12-06T17:33:54","modified_gmt":"2025-12-06T21:33:54","slug":"familia-imss-no-15-enciendio-el-pino-navideno","status":"publish","type":"post","link":"https:\/\/www.elsinodaldetamaulipas.com.mx\/?p=215925","title":{"rendered":"FAMILIA IMSS No. 15, ENCIENDI\u00d3 EL PINO NAVIDE\u00d1O"},"content":{"rendered":"<p><strong><em>Por Gil Vicente Galindo\/EL SINODAL DE TAMAULIPAS<\/em><\/strong><\/p>\n<p>Reynosa, Tam.- Colorido y lleno de unidad la familia del Hospital General de Zona No 15 del Instituto Mexicano del Seguro Social que dirige la doctora Julia Salazar Vizuet, encendieron el pino navide\u00f1o.<\/p>\n<p>La directora del IMSS 15, dio la bienvenida a la familia del Seguro Social y agradeci\u00f3 la colaboraci\u00f3n del personal organizador del evento, as\u00ed como al dirigente sindical, doctor Carlos Garc\u00eda Estrella.<\/p>\n<p>-Que la luz de esta navidad los acompa\u00f1e siempre y que este a\u00f1o venidero tengamos en claro nuestros prop\u00f3sitos y abrazar la esperanza como nuestro motor de d\u00eda a d\u00eda y tomar la oportunidad de brillar juntos-, dijo emocionada la doctora Julia Salazar Vizuet.<\/p>\n<p><img loading=\"lazy\" decoding=\"async\" class=\"aligncenter wp-image-215927 size-full\" src=\"https:\/\/www.elsinodaldetamaulipas.com.mx\/wp-content\/uploads\/2025\/12\/TRADICION-2.jpg\" alt=\"\" width=\"894\" height=\"487\" srcset=\"https:\/\/www.elsinodaldetamaulipas.com.mx\/wp-content\/uploads\/2025\/12\/TRADICION-2.jpg 894w, https:\/\/www.elsinodaldetamaulipas.com.mx\/wp-content\/uploads\/2025\/12\/TRADICION-2-300x163.jpg 300w, https:\/\/www.elsinodaldetamaulipas.com.mx\/wp-content\/uploads\/2025\/12\/TRADICION-2-768x418.jpg 768w\" sizes=\"auto, (max-width: 894px) 100vw, 894px\" \/>\u00a0\u00a0\u00a0\u00a0\u00a0\u00a0\u00a0\u00a0\u00a0\u00a0\u00a0\u00a0 Con el personaje de \u201cPap\u00e1 Noel\u201d, fueron los ni\u00f1os y ni\u00f1as quienes disfrutaron m\u00e1s, al saludarlo, tomare fotos y claro, solicitarle regalos para navidad.<\/p>\n<p>Momentos culminantes en que, bajo el conteo de diez al cero, encendieron las luces del pino y su entorno para de esta manera iniciar las fiestas navide\u00f1as y recordar el nacimiento del ni\u00f1o Dios, que los propios \u00e1ngeles le dijeron a sus padres, Jos\u00e9 y Mar\u00eda, se llamar\u00e1 Jes\u00fas.<\/p>\n<p>Al final la direcci\u00f3n del Hospital General de Zona que dirige la doctora Julia Salazar Vizuet, ofreci\u00f3 una rica merienda con tamales, champurrado y pan de dulce.<\/p>\n<p><img loading=\"lazy\" decoding=\"async\" class=\"aligncenter wp-image-215928 size-full\" src=\"https:\/\/www.elsinodaldetamaulipas.com.mx\/wp-content\/uploads\/2025\/12\/TRADICION-3.jpg\" alt=\"\" width=\"894\" height=\"487\" srcset=\"https:\/\/www.elsinodaldetamaulipas.com.mx\/wp-content\/uploads\/2025\/12\/TRADICION-3.jpg 894w, https:\/\/www.elsinodaldetamaulipas.com.mx\/wp-content\/uploads\/2025\/12\/TRADICION-3-300x163.jpg 300w, https:\/\/www.elsinodaldetamaulipas.com.mx\/wp-content\/uploads\/2025\/12\/TRADICION-3-768x418.jpg 768w\" sizes=\"auto, (max-width: 894px) 100vw, 894px\" \/><\/p>\n","protected":false},"excerpt":{"rendered":"<p>Por Gil Vicente Galindo\/EL SINODAL DE TAMAULIPAS Reynosa, Tam.- Colorido y lleno de unidad la familia del Hospital General de Zona No 15 del Instituto Mexicano del Seguro Social que dirige la doctora Julia Salazar Vizuet, encendieron el pino navide\u00f1o. La directora del IMSS 15, dio la bienvenida a la familia del Seguro Social y [&hellip;]<\/p>\n","protected":false},"author":1,"featured_media":215926,"comment_status":"closed","ping_status":"closed","sticky":false,"template":"","format":"standard","meta":{"footnotes":""},"categories":[1,2],"tags":[],"class_list":["post-215925","post","type-post","status-publish","format-standard","has-post-thumbnail","hentry","category-portada","category-reynosa"],"_links":{"self":[{"href":"https:\/\/www.elsinodaldetamaulipas.com.mx\/index.php?rest_route=\/wp\/v2\/posts\/215925","targetHints":{"allow":["GET"]}}],"collection":[{"href":"https:\/\/www.elsinodaldetamaulipas.com.mx\/index.php?rest_route=\/wp\/v2\/posts"}],"about":[{"href":"https:\/\/www.elsinodaldetamaulipas.com.mx\/index.php?rest_route=\/wp\/v2\/types\/post"}],"author":[{"embeddable":true,"href":"https:\/\/www.elsinodaldetamaulipas.com.mx\/index.php?rest_route=\/wp\/v2\/users\/1"}],"replies":[{"embeddable":true,"href":"https:\/\/www.elsinodaldetamaulipas.com.mx\/index.php?rest_route=%2Fwp%2Fv2%2Fcomments&post=215925"}],"version-history":[{"count":1,"href":"https:\/\/www.elsinodaldetamaulipas.com.mx\/index.php?rest_route=\/wp\/v2\/posts\/215925\/revisions"}],"predecessor-version":[{"id":215929,"href":"https:\/\/www.elsinodaldetamaulipas.com.mx\/index.php?rest_route=\/wp\/v2\/posts\/215925\/revisions\/215929"}],"wp:featuredmedia":[{"embeddable":true,"href":"https:\/\/www.elsinodaldetamaulipas.com.mx\/index.php?rest_route=\/wp\/v2\/media\/215926"}],"wp:attachment":[{"href":"https:\/\/www.elsinodaldetamaulipas.com.mx\/index.php?rest_route=%2Fwp%2Fv2%2Fmedia&parent=215925"}],"wp:term":[{"taxonomy":"category","embeddable":true,"href":"https:\/\/www.elsinodaldetamaulipas.com.mx\/index.php?rest_route=%2Fwp%2Fv2%2Fcategories&post=215925"},{"taxonomy":"post_tag","embeddable":true,"href":"https:\/\/www.elsinodaldetamaulipas.com.mx\/index.php?rest_route=%2Fwp%2Fv2%2Ftags&post=215925"}],"curies":[{"name":"wp","href":"https:\/\/api.w.org\/{rel}","templated":true}]}}