{"id":215938,"date":"2025-12-07T14:32:39","date_gmt":"2025-12-07T18:32:39","guid":{"rendered":"https:\/\/www.elsinodaldetamaulipas.com.mx\/?p=215938"},"modified":"2025-12-07T14:32:39","modified_gmt":"2025-12-07T18:32:39","slug":"ya-mereciamos-algo-bueno-los-riobravenses","status":"publish","type":"post","link":"https:\/\/www.elsinodaldetamaulipas.com.mx\/?p=215938","title":{"rendered":"YA MERECIAMOS ALGO BUENO LOS RIOBRAVENSES"},"content":{"rendered":"<p>GRACIAS AL ALCALDE ALMARAZ MALDONADO<br \/>\nSE SEGUIR\u00c1 EDUCANDO A LOS J\u00d3VENES<br \/>\n*Enmedio de grandes expectativas y un apoyo un\u00e1nime para el presidente municipal de Suelo Riobravense MIGUEL \u00c1NGEL ALMARAZ MALDONADO, se inaugur\u00f3 este viernes por la tarde-noche la \u201cFeria R\u00edo Bravo 2025\u201d, en la unidad deportiva Las Liebres, que tuvo una entrada fenomenal.<br \/>\nEl recinto ferial se abri\u00f3 con broche de oro ya que se present\u00f3 la espectacular cantante GLORIA TREVI, as\u00ed que ya se imaginan el alboroto que se arm\u00f3.<br \/>\nEstuvimos midiendo el pulso ciudadano durante varios d\u00edas, y todos estuvieron de acuerdo en que se celebrara esta fiesta porque hace mucho tiempo que Suelo Riobravense no estaba en radar de M\u00e9xico.<br \/>\nBienvenida la fiesta del pueblo, y gracias alcalde Miguel \u00c1ngel, por darle a mi querido y adorado pueblo un espect\u00e1culo de primera.<br \/>\nYa se merec\u00eda algo de esta naturaleza R\u00edo Bravo, en serio.<br \/>\nY que se asiente en actas licenciado GUADALUPE CONTRERAS, que no es anuncio pol\u00edtico pagado.<br \/>\nY no se les olvide, lunes y martes completamente gratis, y los ni\u00f1os comprando una pulsera de 300 pesos podr\u00e1n disfrutar de todas las atracciones mec\u00e1nicas(juegos).<br \/>\nChingao, que m\u00e1s se puede pedir.<br \/>\n*EN SUELO Neolaredense el gobierno municipal que preside CARMEN LILIA CANTUROSAS VILLARREAL, anunci\u00f3 el cierre de la convocatoria del programa \u201cExcelencia Digital\u201d, una iniciativa que impulsa el desarrollo acad\u00e9mico y tecnol\u00f3gico de estudiantes de cuarto de primaria y primero de secundaria.<br \/>\nLa alcaldesa Canturosas Villarreal, inform\u00f3 que se registraron 764 solicitudes, de las cuales 462 pertenecen a alumnos de cuarto de primaria y 302 a estudiantes de primero de secundaria, cifra que refleja la respuesta positiva de las familias y la confianza en los programas educativos que ha implementado esta administraci\u00f3n.<br \/>\nDestacando que \u201cExcelencia Digital\u201d se suma a una pol\u00edtica p\u00fablica s\u00f3lida y consistente que ha marcado su gobierno: colocar la educaci\u00f3n como pilar del desarrollo social y garantizar que la ni\u00f1ez y juventud cuenten con las herramientas necesarias para enfrentar los retos de un mundo cada vez m\u00e1s digital.<br \/>\nDijo: \u201cYa cerramos la convocatoria del programa \u2018Excelencia Digital\u2019 y recibimos 764 solicitudes. Este apoyo forma parte del compromiso del Gobierno Municipal con el fortalecimiento acad\u00e9mico y el desarrollo digital de las ni\u00f1as, ni\u00f1os y j\u00f3venes de Nuevo Laredo. Estamos muy contentos de poder cumplirles y seguir impulsando con una educaci\u00f3n a la altura de lo que exigen los tiempos\u201d.<br \/>\nEl programa consiste en la entrega de tabletas electr\u00f3nicas, con el objetivo de que las y los estudiantes tengan acceso a tecnolog\u00eda que favorezca su aprendizaje, eleve su rendimiento escolar y les permita desarrollarse en igualdad de oportunidades.<br \/>\n*BRILLO total en la XXVIII entrega del Premio a la Excelencia Estudiantil y Docente de la Alianza para la Educaci\u00f3n Superior (ALPES), celebrada en el Centro Militar de Ciencias de la Salud, las voces de autoridades, acad\u00e9micos y galardonados coincidieron en una misma idea: la educaci\u00f3n, sin apellidos, p\u00fablica y particular, debe ser permanente, incluyente, digital y profundamente humana para formar a las mujeres y hombres que construir\u00e1n el futuro de M\u00e9xico.<br \/>\nMAR\u00cdA LUISA FLORES presidenta de ALPES, organismo que agrupa a 170 universidades particulares con 680 planteles en todo el pa\u00eds, subray\u00f3 que este premio es, sobre todo, un homenaje al trabajo silencioso de quienes forman personas, por lo que se destac\u00f3 el trabajo de las universidades, premi\u00e1ndolas por los a\u00f1os de esfuerzo titulando generaciones de j\u00f3venes por 25, 30, 35, 40 y 45 a\u00f1os.<br \/>\nAdem\u00e1s, record\u00f3, la larga colaboraci\u00f3n con la Secretar\u00eda de la Defensa Nacional, incluyendo las becas para hijos de elementos ca\u00eddos en la lucha contra la delincuencia organizada, y reiter\u00f3 que \u201cno hay nada m\u00e1s valioso que formar a un ser humano\u201d. Asimismo, en el evento de premiaci\u00f3n celebrado en las instalaciones de la Sedena, Flores del Valle dijo que, a pesar de los bloqueos carreteros que impidieron asistir a muchos docentes y alumnos premiados, \u201cnada nos va a impedir seguir educando a nuestros j\u00f3venes\u201d.<br \/>\nLa educaci\u00f3n siempre es un bien, se destac\u00f3 en el recinto, tras advertir que en los pr\u00f3ximos cinco a\u00f1os desaparecer\u00e1n alrededor de 92 millones de empleos en el mundo y surgir\u00e1n 172 millones nuevos, por lo que el reto de las instituciones de educaci\u00f3n superior es preparar a las y los j\u00f3venes para profesiones que a\u00fan no existen. Asimismo, se reconoci\u00f3 la incidencia real de instituciones, docentes y alumnos en ese futuro.<br \/>\n*EL SIEMPRE inquieto y ahora convertido en asesor de lujo del alcalde MIGUEL \u00c1NGEL ALMARAZ MALDONADO, y tambi\u00e9n periodista ANWAR VIVI\u00c1N PERALTA, comenz\u00f3 a circular las invitaciones para su fiesta de cumplea\u00f1os que ser\u00e1 el pr\u00f3ximo lunes.<br \/>\nSer\u00e1 por la tarde en el sal\u00f3n del Magisterio en el ejido R\u00edo Bravo, por supuesto que por ah\u00ed andaremos.<br \/>\nY muchas felicidades anticipadas para Anwar, que bien que se las merece.<br \/>\n*MIRE USTED, la presidenta CLAUDIA SHEINBAUM PARDO, y el mandatario estadounidense DONALD TRUMP, cruzaron declaraciones sobre el futuro del Tratado entre M\u00e9xico, Estados Unidos y Canad\u00e1 (T-Mec).<br \/>\nMientras Trump advirti\u00f3 que el acuerdo comercial debe ser renegociado a fondo para fortalecer la industria estadounidense, Sheinbaum respondi\u00f3 que M\u00e9xico defender\u00e1 los beneficios alcanzados y la certidumbre para las inversiones<br \/>\nLa discusi\u00f3n p\u00fablica entre ambos mandatarios ocurre a semanas de que se revisen las cl\u00e1usulas de verificaci\u00f3n del tratado en 2026 y ha encendido el debate pol\u00edtico y empresarial sobre el impacto que una eventual modificaci\u00f3n tendr\u00eda en la cadena de suministro norteamericana.<br \/>\n*PORQUE a\u00fan hay tiempo no se le pase felicitar este viernes con motivo de su cumplea\u00f1os a la exregidora de Suelo Riobravense CELESTE MART\u00cdNEZ y al buen cuate CRISTINO HERN\u00c1NDEZ.<br \/>\nY el s\u00e1bado FERNANDA HERN\u00c1NDEZ, DIEGO ALONSO D\u00cdAZ HERN\u00c1NDEZ y DENISSE HERRER LEAL.<br \/>\nY el domingo tendr\u00e1 pachang\u00f3n mi compadre MARIO ALFONSO OCA\u00d1AS.<\/p>\n<p>Un monumental abrazo y que vengan muchos m\u00e1s.<br \/>\nVolveremos, HL\u2026D\u2026M\u2026<br \/>\nCorreo electr\u00f3nico: barre283@hotmail.com<\/p>\n","protected":false},"excerpt":{"rendered":"<p>GRACIAS AL ALCALDE ALMARAZ MALDONADO SE SEGUIR\u00c1 EDUCANDO A LOS J\u00d3VENES *Enmedio de grandes expectativas y un apoyo un\u00e1nime para el presidente municipal de Suelo Riobravense MIGUEL \u00c1NGEL ALMARAZ MALDONADO, se inaugur\u00f3 este viernes por la tarde-noche la \u201cFeria R\u00edo Bravo 2025\u201d, en la unidad deportiva Las Liebres, que tuvo una entrada fenomenal. El recinto [&hellip;]<\/p>\n","protected":false},"author":1,"featured_media":214896,"comment_status":"closed","ping_status":"closed","sticky":false,"template":"","format":"standard","meta":{"footnotes":""},"categories":[16],"tags":[],"class_list":["post-215938","post","type-post","status-publish","format-standard","has-post-thumbnail","hentry","category-opinion"],"_links":{"self":[{"href":"https:\/\/www.elsinodaldetamaulipas.com.mx\/index.php?rest_route=\/wp\/v2\/posts\/215938","targetHints":{"allow":["GET"]}}],"collection":[{"href":"https:\/\/www.elsinodaldetamaulipas.com.mx\/index.php?rest_route=\/wp\/v2\/posts"}],"about":[{"href":"https:\/\/www.elsinodaldetamaulipas.com.mx\/index.php?rest_route=\/wp\/v2\/types\/post"}],"author":[{"embeddable":true,"href":"https:\/\/www.elsinodaldetamaulipas.com.mx\/index.php?rest_route=\/wp\/v2\/users\/1"}],"replies":[{"embeddable":true,"href":"https:\/\/www.elsinodaldetamaulipas.com.mx\/index.php?rest_route=%2Fwp%2Fv2%2Fcomments&post=215938"}],"version-history":[{"count":1,"href":"https:\/\/www.elsinodaldetamaulipas.com.mx\/index.php?rest_route=\/wp\/v2\/posts\/215938\/revisions"}],"predecessor-version":[{"id":215939,"href":"https:\/\/www.elsinodaldetamaulipas.com.mx\/index.php?rest_route=\/wp\/v2\/posts\/215938\/revisions\/215939"}],"wp:featuredmedia":[{"embeddable":true,"href":"https:\/\/www.elsinodaldetamaulipas.com.mx\/index.php?rest_route=\/wp\/v2\/media\/214896"}],"wp:attachment":[{"href":"https:\/\/www.elsinodaldetamaulipas.com.mx\/index.php?rest_route=%2Fwp%2Fv2%2Fmedia&parent=215938"}],"wp:term":[{"taxonomy":"category","embeddable":true,"href":"https:\/\/www.elsinodaldetamaulipas.com.mx\/index.php?rest_route=%2Fwp%2Fv2%2Fcategories&post=215938"},{"taxonomy":"post_tag","embeddable":true,"href":"https:\/\/www.elsinodaldetamaulipas.com.mx\/index.php?rest_route=%2Fwp%2Fv2%2Ftags&post=215938"}],"curies":[{"name":"wp","href":"https:\/\/api.w.org\/{rel}","templated":true}]}}