{"id":215944,"date":"2025-12-07T18:08:11","date_gmt":"2025-12-07T22:08:11","guid":{"rendered":"https:\/\/www.elsinodaldetamaulipas.com.mx\/?p=215944"},"modified":"2025-12-07T18:08:11","modified_gmt":"2025-12-07T22:08:11","slug":"odio","status":"publish","type":"post","link":"https:\/\/www.elsinodaldetamaulipas.com.mx\/?p=215944","title":{"rendered":"ODIO"},"content":{"rendered":"<div class=\"xdj266r x14z9mp xat24cr x1lziwak x1vvkbs x126k92a\">\n<div dir=\"auto\">Al Vuelo<\/div>\n<\/div>\n<div class=\"x14z9mp xat24cr x1lziwak x1vvkbs xtlvy1s x126k92a\">\n<div dir=\"auto\">Por Pegaso<\/div>\n<\/div>\n<div class=\"x14z9mp xat24cr x1lziwak x1vvkbs xtlvy1s x126k92a\">\n<div dir=\"auto\">Desde este modesto espacio de opini\u00f3n, condeno tajantemente las expresiones de odio, las ofensas, los denuestos, las diatribas, los agravios, las injurias, los insultos, los menosprecios, los oprobios, los ultrajes, los vituperios y las burlas con que se refieren unos a otros quienes est\u00e1n en bandos contrarios.<\/div>\n<div dir=\"auto\">M\u00e9xico est\u00e1 dividido. Es la realidad.<\/div>\n<div dir=\"auto\">Se vale tener opiniones diferentes. Lo que no es v\u00e1lido es que, amparados en el anonimato de las redes sociales, hagamos escarnio de los dem\u00e1s.<\/div>\n<div dir=\"auto\">Yo, Pegaso, soy enemigo de la violencia en cualquiera de sus expresiones, ll\u00e1mese f\u00edsica o verbal.<\/div>\n<div dir=\"auto\">Como Jesucristo, si alguien me da una cachetada pongo la otra mejilla. No es cuesti\u00f3n de dejarse apabullar, sino de zanjar una cuesti\u00f3n de la manera m\u00e1s inteligente.<\/div>\n<div dir=\"auto\">Como dec\u00eda El Ch\u00f3mpiras, cuando el Botija le dec\u00eda torpe. Solamente contestaba: \u201c\u00a1Ahhh, s\u00ed!\u201d Y asunto terminado. Los problemas crecen de manera proporcional a la importancia que les demos, y algo peque\u00f1o suele convertirse en una calamidad porque nosotros mismos le damos poder.<\/div>\n<div dir=\"auto\">Digo lo anterior porque he visto en Facebook, X, Instagram y otras redes sociales c\u00f3mo se refieren a la Presidenta de la Rep\u00fablica, Claudia Shikitibum y a su antecesor, el Pejidente ALMO.<\/div>\n<div dir=\"auto\">Ahora que este \u00faltimo sac\u00f3 su m\u00e1s reciente libro, los malvados reaccionarios, conservadores, fif\u00eds y aspiracionistas han arrancado una campa\u00f1a de odio, pero aderezada con mil insultos, que van desde lo risible hasta lo vulgar.<\/div>\n<div dir=\"auto\">Un ejemplo es la composici\u00f3n gr\u00e1fica que acompa\u00f1a este art\u00edculo.<\/div>\n<div dir=\"auto\">Obviamente, quien lo elabor\u00f3 y lo public\u00f3 mantiene un odio corrosivo hacia el Cabecita de Algod\u00f3n, que lo \u00fanico que hizo fue echar a patadas del Gobierno Federal a los corruptos pri\u00edstas y panistas.<\/div>\n<div dir=\"auto\">Pero los chairos no se quedan atr\u00e1s. He visto iguales o peores manifestaciones de odio contra sus detractores.<\/div>\n<div dir=\"auto\">Como dije, se vale disentir, pero no generar violencia verbal, porque la violencia verbal puede decaer f\u00e1cilmente en violencia f\u00edsica.<\/div>\n<div dir=\"auto\">Ofender es f\u00e1cil, sobre todo en las redes sociales. Muchas veces, al ser testigos de una situaci\u00f3n, dif\u00edcilmente podemos contener las ganas de reaccionar visceralmente. Pero eso no abona nada en la soluci\u00f3n de los problemas que agobian al pa\u00eds.<\/div>\n<div dir=\"auto\">A\u00fan hay corrupci\u00f3n, a\u00fan hay narcoviolencia, a\u00fan hay pobreza extrema, a\u00fan hay carest\u00eda, a\u00fan hay carencia de medicamentos en los hospitales, a\u00fan tenemos problemas en infraestructura para la salud p\u00fablica y la educaci\u00f3n, a\u00fan hay simulaci\u00f3n\u2026 Hay miles de asuntos pendientes que nos afectan a todos los mexicanos y, \u00bfqu\u00e9 hacemos? Nos desgastamos en discusiones est\u00e9riles.<\/div>\n<div dir=\"auto\">Est\u00e1 bien. En el 2018 lleg\u00f3 un nuevo gobierno. Uno de izquierda. Sabemos que la izquierda, la derecha, el centro, la socialdemocracia o cualquier orientaci\u00f3n pol\u00edtica, tiene teor\u00eda detr\u00e1s, y cada quien propone una forma de buscar el progreso.<\/div>\n<div dir=\"auto\">Si el PRI en 80 a\u00f1os no pudo, si el PAN en 12 fracas\u00f3 y MORENA en 7 ah\u00ed la lleva, como el burrito, un paso para adelante y dos para atr\u00e1s, habr\u00e1 que esperar hasta las siguientes elecciones. A final de cuentas, si el mexicano promedio se siente a gusto con este sistema de gobierno, seguir\u00e1 d\u00e1ndole su apoyo y si no, pues el resultado se ver\u00e1 en las urnas.<\/div>\n<div dir=\"auto\">Mi pron\u00f3stico es que MORENA permanecer\u00e1 en el poder todav\u00eda unos a\u00f1os m\u00e1s, dependiendo de factores como la entrega de pensiones y el aumento al salario m\u00ednimo, los dos principales \u00e9xitos de la Cuarta Transtornaci\u00f3n, contra la violencia extrema, la corrupci\u00f3n y el abandono institucional.<\/div>\n<div dir=\"auto\">Repito: Yo tengo mi propia opini\u00f3n y es absolutamente v\u00e1lido que cada quien apoye a quien le de su reverenda gana. Lo que no se vale es el insulto.<\/div>\n<div dir=\"auto\">(El material gr\u00e1fico que se incluye en este art\u00edculo es con el fin de ilustrar el grado de divisi\u00f3n a que se ha llegado en el pa\u00eds y las manifestaciones de odio que cada vez son m\u00e1s comunes).<\/div>\n<div dir=\"auto\">Ahora viene el refr\u00e1n estilo Pegaso: \u201cPersonalmente, con dos bofetadas es m\u00e1s que suficiente\u201d. (Yo, con dos cachetadas tengo).<\/div>\n<\/div>\n","protected":false},"excerpt":{"rendered":"<p>Al Vuelo Por Pegaso Desde este modesto espacio de opini\u00f3n, condeno tajantemente las expresiones de odio, las ofensas, los denuestos, las diatribas, los agravios, las injurias, los insultos, los menosprecios, los oprobios, los ultrajes, los vituperios y las burlas con que se refieren unos a otros quienes est\u00e1n en bandos contrarios. M\u00e9xico est\u00e1 dividido. Es [&hellip;]<\/p>\n","protected":false},"author":1,"featured_media":215945,"comment_status":"closed","ping_status":"closed","sticky":false,"template":"","format":"standard","meta":{"footnotes":""},"categories":[16],"tags":[],"class_list":["post-215944","post","type-post","status-publish","format-standard","has-post-thumbnail","hentry","category-opinion"],"_links":{"self":[{"href":"https:\/\/www.elsinodaldetamaulipas.com.mx\/index.php?rest_route=\/wp\/v2\/posts\/215944","targetHints":{"allow":["GET"]}}],"collection":[{"href":"https:\/\/www.elsinodaldetamaulipas.com.mx\/index.php?rest_route=\/wp\/v2\/posts"}],"about":[{"href":"https:\/\/www.elsinodaldetamaulipas.com.mx\/index.php?rest_route=\/wp\/v2\/types\/post"}],"author":[{"embeddable":true,"href":"https:\/\/www.elsinodaldetamaulipas.com.mx\/index.php?rest_route=\/wp\/v2\/users\/1"}],"replies":[{"embeddable":true,"href":"https:\/\/www.elsinodaldetamaulipas.com.mx\/index.php?rest_route=%2Fwp%2Fv2%2Fcomments&post=215944"}],"version-history":[{"count":1,"href":"https:\/\/www.elsinodaldetamaulipas.com.mx\/index.php?rest_route=\/wp\/v2\/posts\/215944\/revisions"}],"predecessor-version":[{"id":215946,"href":"https:\/\/www.elsinodaldetamaulipas.com.mx\/index.php?rest_route=\/wp\/v2\/posts\/215944\/revisions\/215946"}],"wp:featuredmedia":[{"embeddable":true,"href":"https:\/\/www.elsinodaldetamaulipas.com.mx\/index.php?rest_route=\/wp\/v2\/media\/215945"}],"wp:attachment":[{"href":"https:\/\/www.elsinodaldetamaulipas.com.mx\/index.php?rest_route=%2Fwp%2Fv2%2Fmedia&parent=215944"}],"wp:term":[{"taxonomy":"category","embeddable":true,"href":"https:\/\/www.elsinodaldetamaulipas.com.mx\/index.php?rest_route=%2Fwp%2Fv2%2Fcategories&post=215944"},{"taxonomy":"post_tag","embeddable":true,"href":"https:\/\/www.elsinodaldetamaulipas.com.mx\/index.php?rest_route=%2Fwp%2Fv2%2Ftags&post=215944"}],"curies":[{"name":"wp","href":"https:\/\/api.w.org\/{rel}","templated":true}]}}