{"id":215947,"date":"2025-12-07T18:17:38","date_gmt":"2025-12-07T22:17:38","guid":{"rendered":"https:\/\/www.elsinodaldetamaulipas.com.mx\/?p=215947"},"modified":"2025-12-07T18:17:38","modified_gmt":"2025-12-07T22:17:38","slug":"brindan-taller-de-proteccion-a-mujeres-y-ninas","status":"publish","type":"post","link":"https:\/\/www.elsinodaldetamaulipas.com.mx\/?p=215947","title":{"rendered":"BRINDAN TALLER DE PROTECCI\u00d3N A MUJERES Y NI\u00d1AS"},"content":{"rendered":"<p>EL SINODAL DE TAMAULIPAS<\/p>\n<p>Reynosa, Tamaulipas.\u2013 En el marco del D\u00eda Internacional de la Eliminaci\u00f3n de la Violencia contra la Mujer, la Fiscal\u00eda General de Justicia del Estado de Tamaulipas, a trav\u00e9s de la Fiscal\u00eda Especializada en la Investigaci\u00f3n de los Delitos contra Ni\u00f1as, Ni\u00f1os y Adolescentes, y de Delitos contra las Mujeres por Razones de G\u00e9nero. (FENNAM), participa en la agenda \u201c16 D\u00edas de Activismo, un llamado a la acci\u00f3n transformadora\u201d, elaborada por la Secretar\u00eda de la Mujer y dirigida a instituciones de los distintos \u00f3rdenes de gobierno.<\/p>\n<p>Como parte de estas acciones, el Centro de Justicia para las Mujeres (CEJUM) en Reynosa, Tamaulipas, en coordinaci\u00f3n con el Alto Comisionado de las Naciones Unidas para los Refugiados (ACNUR), imparti\u00f3 el taller \u201cProtecci\u00f3n Internacional y las Mujeres y Ni\u00f1as en M\u00e9xico\u201d, con el prop\u00f3sito de fortalecer la cultura de paz, la transformaci\u00f3n cultural y la eliminaci\u00f3n de la violencia contra mujeres y ni\u00f1as.<\/p>\n<p>Durante la actividad se abordaron temas relacionados con la situaci\u00f3n de las personas refugiadas, el desplazamiento de mujeres y ni\u00f1as, as\u00ed como los riesgos y expresiones de violencia de g\u00e9nero que enfrentan en contextos de movilidad. La jornada permiti\u00f3 generar reflexi\u00f3n, conciencia y herramientas para la protecci\u00f3n integral de mujeres y ni\u00f1as en situaci\u00f3n de vulnerabilidad.<\/p>\n<p>La Fiscal\u00eda General de Justicia del Estado de Tamaulipas reafirma su compromiso de trabajar de manera coordinada con organismos internacionales, instituciones gubernamentales y la sociedad, impulsando acciones que contribuyan a la igualdad sustantiva y a la erradicaci\u00f3n de cualquier forma de violencia contra las mujeres.<\/p>\n","protected":false},"excerpt":{"rendered":"<p>EL SINODAL DE TAMAULIPAS Reynosa, Tamaulipas.\u2013 En el marco del D\u00eda Internacional de la Eliminaci\u00f3n de la Violencia contra la Mujer, la Fiscal\u00eda General de Justicia del Estado de Tamaulipas, a trav\u00e9s de la Fiscal\u00eda Especializada en la Investigaci\u00f3n de los Delitos contra Ni\u00f1as, Ni\u00f1os y Adolescentes, y de Delitos contra las Mujeres por Razones [&hellip;]<\/p>\n","protected":false},"author":1,"featured_media":215948,"comment_status":"closed","ping_status":"closed","sticky":false,"template":"","format":"standard","meta":{"footnotes":""},"categories":[25],"tags":[],"class_list":["post-215947","post","type-post","status-publish","format-standard","has-post-thumbnail","hentry","category-leyyorden"],"_links":{"self":[{"href":"https:\/\/www.elsinodaldetamaulipas.com.mx\/index.php?rest_route=\/wp\/v2\/posts\/215947","targetHints":{"allow":["GET"]}}],"collection":[{"href":"https:\/\/www.elsinodaldetamaulipas.com.mx\/index.php?rest_route=\/wp\/v2\/posts"}],"about":[{"href":"https:\/\/www.elsinodaldetamaulipas.com.mx\/index.php?rest_route=\/wp\/v2\/types\/post"}],"author":[{"embeddable":true,"href":"https:\/\/www.elsinodaldetamaulipas.com.mx\/index.php?rest_route=\/wp\/v2\/users\/1"}],"replies":[{"embeddable":true,"href":"https:\/\/www.elsinodaldetamaulipas.com.mx\/index.php?rest_route=%2Fwp%2Fv2%2Fcomments&post=215947"}],"version-history":[{"count":1,"href":"https:\/\/www.elsinodaldetamaulipas.com.mx\/index.php?rest_route=\/wp\/v2\/posts\/215947\/revisions"}],"predecessor-version":[{"id":215949,"href":"https:\/\/www.elsinodaldetamaulipas.com.mx\/index.php?rest_route=\/wp\/v2\/posts\/215947\/revisions\/215949"}],"wp:featuredmedia":[{"embeddable":true,"href":"https:\/\/www.elsinodaldetamaulipas.com.mx\/index.php?rest_route=\/wp\/v2\/media\/215948"}],"wp:attachment":[{"href":"https:\/\/www.elsinodaldetamaulipas.com.mx\/index.php?rest_route=%2Fwp%2Fv2%2Fmedia&parent=215947"}],"wp:term":[{"taxonomy":"category","embeddable":true,"href":"https:\/\/www.elsinodaldetamaulipas.com.mx\/index.php?rest_route=%2Fwp%2Fv2%2Fcategories&post=215947"},{"taxonomy":"post_tag","embeddable":true,"href":"https:\/\/www.elsinodaldetamaulipas.com.mx\/index.php?rest_route=%2Fwp%2Fv2%2Ftags&post=215947"}],"curies":[{"name":"wp","href":"https:\/\/api.w.org\/{rel}","templated":true}]}}