{"id":215950,"date":"2025-12-07T18:20:24","date_gmt":"2025-12-07T22:20:24","guid":{"rendered":"https:\/\/www.elsinodaldetamaulipas.com.mx\/?p=215950"},"modified":"2025-12-07T18:29:44","modified_gmt":"2025-12-07T22:29:44","slug":"agresivo-sujeto-vinculado-a-proceso-por-lesiones","status":"publish","type":"post","link":"https:\/\/www.elsinodaldetamaulipas.com.mx\/?p=215950","title":{"rendered":"AGRESIVO SUJETO VINCULADO A PROCESO POR LESIONES"},"content":{"rendered":"<p>EL SINODAL DE TAMAULIPAS<\/p>\n<p>Tampico, Tamaulipas.- La Fiscal\u00eda General de Justicia del Estado de Tamaulipas informa que se obtuvo la vinculaci\u00f3n a proceso de Jonathan \u201cZ\u201d, por los delitos de Lesiones culposas y Da\u00f1o en propiedad.<\/p>\n<p>La resoluci\u00f3n fue dictada por la autoridad judicial, luego de que la Agente del Ministerio P\u00fablico presentara elementos que implican al imputado en los hechos registrados el 29 de mayo de 2025, sobre la carretera Altamira\u2013Puerto Industrial, kil\u00f3metro 12, en el municipio de Altamira, Tamaulipas; lugar donde ocurri\u00f3 un accidente vial que dej\u00f3 personas lesionadas. En audiencia el Juez de Control estableci\u00f3 un plazo de tres meses para la investigaci\u00f3n complementaria.<\/p>\n<p>Con este tipo de acciones, la Fiscal\u00eda General de Justicia del Estado de Tamaulipas refrenda su compromiso de utilizar todos los medios jur\u00eddicos a su alcance para garantizar la aplicaci\u00f3n de la ley y procurar justicia en favor de las v\u00edctimas y de la sociedad tamaulipeca.<\/p>\n","protected":false},"excerpt":{"rendered":"<p>EL SINODAL DE TAMAULIPAS Tampico, Tamaulipas.- La Fiscal\u00eda General de Justicia del Estado de Tamaulipas informa que se obtuvo la vinculaci\u00f3n a proceso de Jonathan \u201cZ\u201d, por los delitos de Lesiones culposas y Da\u00f1o en propiedad. La resoluci\u00f3n fue dictada por la autoridad judicial, luego de que la Agente del Ministerio P\u00fablico presentara elementos que [&hellip;]<\/p>\n","protected":false},"author":1,"featured_media":215952,"comment_status":"closed","ping_status":"closed","sticky":false,"template":"","format":"standard","meta":{"footnotes":""},"categories":[25],"tags":[],"class_list":["post-215950","post","type-post","status-publish","format-standard","has-post-thumbnail","hentry","category-leyyorden"],"_links":{"self":[{"href":"https:\/\/www.elsinodaldetamaulipas.com.mx\/index.php?rest_route=\/wp\/v2\/posts\/215950","targetHints":{"allow":["GET"]}}],"collection":[{"href":"https:\/\/www.elsinodaldetamaulipas.com.mx\/index.php?rest_route=\/wp\/v2\/posts"}],"about":[{"href":"https:\/\/www.elsinodaldetamaulipas.com.mx\/index.php?rest_route=\/wp\/v2\/types\/post"}],"author":[{"embeddable":true,"href":"https:\/\/www.elsinodaldetamaulipas.com.mx\/index.php?rest_route=\/wp\/v2\/users\/1"}],"replies":[{"embeddable":true,"href":"https:\/\/www.elsinodaldetamaulipas.com.mx\/index.php?rest_route=%2Fwp%2Fv2%2Fcomments&post=215950"}],"version-history":[{"count":1,"href":"https:\/\/www.elsinodaldetamaulipas.com.mx\/index.php?rest_route=\/wp\/v2\/posts\/215950\/revisions"}],"predecessor-version":[{"id":215953,"href":"https:\/\/www.elsinodaldetamaulipas.com.mx\/index.php?rest_route=\/wp\/v2\/posts\/215950\/revisions\/215953"}],"wp:featuredmedia":[{"embeddable":true,"href":"https:\/\/www.elsinodaldetamaulipas.com.mx\/index.php?rest_route=\/wp\/v2\/media\/215952"}],"wp:attachment":[{"href":"https:\/\/www.elsinodaldetamaulipas.com.mx\/index.php?rest_route=%2Fwp%2Fv2%2Fmedia&parent=215950"}],"wp:term":[{"taxonomy":"category","embeddable":true,"href":"https:\/\/www.elsinodaldetamaulipas.com.mx\/index.php?rest_route=%2Fwp%2Fv2%2Fcategories&post=215950"},{"taxonomy":"post_tag","embeddable":true,"href":"https:\/\/www.elsinodaldetamaulipas.com.mx\/index.php?rest_route=%2Fwp%2Fv2%2Ftags&post=215950"}],"curies":[{"name":"wp","href":"https:\/\/api.w.org\/{rel}","templated":true}]}}