{"id":215962,"date":"2025-12-07T19:36:52","date_gmt":"2025-12-07T23:36:52","guid":{"rendered":"https:\/\/www.elsinodaldetamaulipas.com.mx\/?p=215962"},"modified":"2025-12-07T19:36:52","modified_gmt":"2025-12-07T23:36:52","slug":"mas-poder-perjudicial","status":"publish","type":"post","link":"https:\/\/www.elsinodaldetamaulipas.com.mx\/?p=215962","title":{"rendered":"MAS PODER PERJUDICIAL"},"content":{"rendered":"<p>Por Oscar D\u00edaz Salazar<\/p>\n<p>De centralista, perniciosa e inconstitucional califican los cierres de juzgados y diversas oficinas especializadas del poder judicial en los municipios, para concentrar facultades, atribuciones, personal (y negocios) en la capital del Estado, ordenadas por Tania Contreras, as\u00ed opinan unos abogados litigantes de mi pueblo, que en alg\u00fan tiempo laboraron en el Poder Judicial, por lo que se infiere que conocen del tema.<\/p>\n<p>Juzgadores del Bienestar reci\u00e9n electos, fueron dejados sin materia laboral, sin espacio y sin oficio ni beneficio para el pueblo sabio, al decretarse el cierre de las instancias que reci\u00e9n hab\u00edan sido puestas en sus manos y responsabilidades. Los asuntos que atend\u00edan en la provincia tamaulipeca, -en los municipios-, ser\u00e1n atendidos en lo sucesivo por un funcionari@ de Ciudad Victoria, donde pueden ser revisados, dictaminados, resueltos, supervisados (y monetarizados) por la Abogada del Humanismo, el Bienestar y el Segundo Piso, todo a la vez y tal vez sea poco para la presidenta Tania Contreras a la que aplica el dicho beisbolero de querer ocupar la primera, el shorstop, el jard\u00edn central, la banca, la porra y la taquilla.<\/p>\n<p>Mis amigos, abogados y juzgadores de la \u00e9poca anterior al bienestar y el acorde\u00f3n, se\u00f1alan la incongruencia de cerrar juzgados en la provincia, (m\u00e1s all\u00e1 de G\u00fc\u00e9mez todo es provincia), y otras oficinas, con el argumento de la austeridad, mientras que se han creado un gran n\u00famero de direcciones y jefaturas de departamento con salarios elevados, incurriendo en el absurdo de crear burocracias doradas a expensas de los servidores p\u00fablicos por elecci\u00f3n popular, que por lo pronto est\u00e1n concentrando en la capital, para auxiliar a los juzgadores victorenses.<\/p>\n<p>En temas mas ligeros, pero que tambi\u00e9n reflejan los cambios que se viven en el Poder Perjudicial de Tamaulipas, los empleados del PJ extra\u00f1an las posadas de antes, cuando hab\u00eda m\u00e1s y mejores regalos, como es el caso de los autos que se rifaban entre los empleados, y no me refiero a autos de formal prisi\u00f3n o sujeci\u00f3n a proceso.<\/p>\n<p>En la pr\u00f3xima les platico del personaje que tuvo la misi\u00f3n de validar la idoneidad de los aspirantes a magistrados y jueces, del que a posteriori se duda de la imparcialidad y profesionalismo con el que cumpli\u00f3 esta tarea, porque resulta que hoy tiene una importante chamba, contratado por esos a los que \u00e9l dio el visto bueno. \u00bfLe devolvieron la copa? \u00bfFavor con favor se paga? \u00bfIntercambio de favores?<\/p>\n","protected":false},"excerpt":{"rendered":"<p>Por Oscar D\u00edaz Salazar De centralista, perniciosa e inconstitucional califican los cierres de juzgados y diversas oficinas especializadas del poder judicial en los municipios, para concentrar facultades, atribuciones, personal (y negocios) en la capital del Estado, ordenadas por Tania Contreras, as\u00ed opinan unos abogados litigantes de mi pueblo, que en alg\u00fan tiempo laboraron en el [&hellip;]<\/p>\n","protected":false},"author":1,"featured_media":215963,"comment_status":"closed","ping_status":"closed","sticky":false,"template":"","format":"standard","meta":{"footnotes":""},"categories":[16],"tags":[],"class_list":["post-215962","post","type-post","status-publish","format-standard","has-post-thumbnail","hentry","category-opinion"],"_links":{"self":[{"href":"https:\/\/www.elsinodaldetamaulipas.com.mx\/index.php?rest_route=\/wp\/v2\/posts\/215962","targetHints":{"allow":["GET"]}}],"collection":[{"href":"https:\/\/www.elsinodaldetamaulipas.com.mx\/index.php?rest_route=\/wp\/v2\/posts"}],"about":[{"href":"https:\/\/www.elsinodaldetamaulipas.com.mx\/index.php?rest_route=\/wp\/v2\/types\/post"}],"author":[{"embeddable":true,"href":"https:\/\/www.elsinodaldetamaulipas.com.mx\/index.php?rest_route=\/wp\/v2\/users\/1"}],"replies":[{"embeddable":true,"href":"https:\/\/www.elsinodaldetamaulipas.com.mx\/index.php?rest_route=%2Fwp%2Fv2%2Fcomments&post=215962"}],"version-history":[{"count":1,"href":"https:\/\/www.elsinodaldetamaulipas.com.mx\/index.php?rest_route=\/wp\/v2\/posts\/215962\/revisions"}],"predecessor-version":[{"id":215964,"href":"https:\/\/www.elsinodaldetamaulipas.com.mx\/index.php?rest_route=\/wp\/v2\/posts\/215962\/revisions\/215964"}],"wp:featuredmedia":[{"embeddable":true,"href":"https:\/\/www.elsinodaldetamaulipas.com.mx\/index.php?rest_route=\/wp\/v2\/media\/215963"}],"wp:attachment":[{"href":"https:\/\/www.elsinodaldetamaulipas.com.mx\/index.php?rest_route=%2Fwp%2Fv2%2Fmedia&parent=215962"}],"wp:term":[{"taxonomy":"category","embeddable":true,"href":"https:\/\/www.elsinodaldetamaulipas.com.mx\/index.php?rest_route=%2Fwp%2Fv2%2Fcategories&post=215962"},{"taxonomy":"post_tag","embeddable":true,"href":"https:\/\/www.elsinodaldetamaulipas.com.mx\/index.php?rest_route=%2Fwp%2Fv2%2Ftags&post=215962"}],"curies":[{"name":"wp","href":"https:\/\/api.w.org\/{rel}","templated":true}]}}