{"id":215969,"date":"2025-12-08T04:27:51","date_gmt":"2025-12-08T08:27:51","guid":{"rendered":"https:\/\/www.elsinodaldetamaulipas.com.mx\/?p=215969"},"modified":"2025-12-08T14:07:05","modified_gmt":"2025-12-08T18:07:05","slug":"regidor-del-cabildo-municipal-perecio-en-cdmx","status":"publish","type":"post","link":"https:\/\/www.elsinodaldetamaulipas.com.mx\/?p=215969","title":{"rendered":"REGIDOR DEL CABILDO MUNICIPAL PERECI\u00d3 EN CDMX"},"content":{"rendered":"<h5><em><strong>Por Juan Carlos Rodr\u00edguez Terrazas\/EL SINODAL DE TAMAULIPAS<\/strong><\/em><\/h5>\n<p>Reynosa, Tam.- Todo hace indicar que el fallecimiento del 14avo. Regidor del cabildo de Reynosa, Bryan Nicol\u00e1s Vicente Salinas, ocurrido la ma\u00f1ana de este domingo, fue producto de una golpiza que recibi\u00f3 en un antro ubicado en pleno Paseo de la Reforma en la ciudad de M\u00e9xico.<\/p>\n<p>El presidente de la Comisi\u00f3n de Equidad de G\u00e9nero hab\u00eda salido a la capital del pa\u00eds desde el viernes, como parte de una enorme comitiva de delegados del Sindicato Industrial Aut\u00f3nomo de Maquiladoras de la Rep\u00fablica Mexicana donde el s\u00e1bado estuvieron en el acto pol\u00edtico en el que la Presidenta Claudia Sheinbaum Pardo, dio a conocer los pormenores del avance del pa\u00eds a 7 a\u00f1os de haber iniciado la IV Transformaci\u00f3n.<\/p>\n<p style=\"text-align: center;\"><strong>ANDABA MUY FELIZ<\/strong><\/p>\n<p>\u00a0\u00a0\u00a0\u00a0\u00a0\u00a0\u00a0\u00a0\u00a0\u00a0\u00a0 Tras la efusiva muestra de apoyo al gobierno de la presidenta Sheinbaum, el grupo de delegados se dispers\u00f3 por diversos paseos recreativos a bordo de seis autobuses que hab\u00edan sido cedidos por la dirigencia nacional que preside del diputado local con licencia Alberto Lara Bazald\u00faa, quien con motivo del retraso de un tr\u00e1mite consular no pudo asistir a la capital como era su deseo.<\/p>\n<p>A eso de las seis de la tarde del s\u00e1bado, Lara platico por videoconferencia con varios de los miembros de la directiva enviados como responsables de la organizaci\u00f3n del viaje dialogando entre ellos con Bryan, que se ve\u00eda muy contento con el comportamiento muy disciplinado de sus compa\u00f1eros y respetables compa\u00f1eras que voluntariamente hab\u00edan solicitado ir al acto.<\/p>\n<h5><img loading=\"lazy\" decoding=\"async\" class=\"aligncenter wp-image-215971 size-full\" src=\"https:\/\/www.elsinodaldetamaulipas.com.mx\/wp-content\/uploads\/2025\/12\/BRYAN-SALINAS-2.jpg\" alt=\"\" width=\"894\" height=\"487\" srcset=\"https:\/\/www.elsinodaldetamaulipas.com.mx\/wp-content\/uploads\/2025\/12\/BRYAN-SALINAS-2.jpg 894w, https:\/\/www.elsinodaldetamaulipas.com.mx\/wp-content\/uploads\/2025\/12\/BRYAN-SALINAS-2-300x163.jpg 300w, https:\/\/www.elsinodaldetamaulipas.com.mx\/wp-content\/uploads\/2025\/12\/BRYAN-SALINAS-2-768x418.jpg 768w\" sizes=\"auto, (max-width: 894px) 100vw, 894px\" \/><\/h5>\n<p style=\"text-align: center;\"><strong>VOLVER\u00cdA EL DOMINGO<\/strong><\/p>\n<p>\u00a0\u00a0\u00a0\u00a0\u00a0\u00a0\u00a0\u00a0\u00a0\u00a0\u00a0 Hab\u00edan pernoctado en hoteles de buena categor\u00eda en el mismo rumbo de Reforma y hab\u00edan quedado los coordinadores de reunirse mas tarde para cenar y descansar para salir a primera hora del domingo en su viaje de regreso a Reynosa y varios municipios del estado, donde SIAMARM tiene representaci\u00f3n; hab\u00edan conseguido incluso la dispensa del lunes y se integrar\u00edan a trabajar a las empresas hasta el martes.<\/p>\n<p>Al momento no se sabe con exactitud a qu\u00e9 hora Bryan sali\u00f3 de su hotel y tal vez por equivocaci\u00f3n entro a un bar cercano del mismo rumbo donde desconocidos lo interceptaron y lo golpearon a pu\u00f1etazos y puntapi\u00e9s, quit\u00e1ndole sus pertenencias y arroj\u00e1ndolo hacia afuera del establecimiento donde permaneci\u00f3 tirado por varias horas, sin que le proporcionaran atenci\u00f3n m\u00e9dica.<\/p>\n<p style=\"text-align: center;\"><strong>EXIGEN JUSTICIA<\/strong><\/p>\n<p>\u00a0\u00a0\u00a0\u00a0\u00a0\u00a0\u00a0\u00a0\u00a0\u00a0\u00a0 Testigos del incidente mencionaron que ya casi entrada la ma\u00f1ana varios compa\u00f1eros del occiso que hab\u00edan salido a buscarlo al notar su ausencia y ver que su celular no contestaba, lo encontraron moribundo convulsionando y al estarlo auxiliando sufri\u00f3 un infarto al miocardio.<\/p>\n<p>El Secretario General del sindicato, al enterarse de los acontecimientos exigi\u00f3 de inmediato que las autoridades abran una carpeta de investigaci\u00f3n para que se localice y detenga a los agresores, adem\u00e1s de que se proceda contra los empleados que hayan realizado alg\u00fan acto para borrar evidencias del crimen.<\/p>\n<p style=\"text-align: center;\"><strong>CAUSA CONSTERNACI\u00d3N<\/strong><\/p>\n<p>\u00a0\u00a0\u00a0\u00a0\u00a0\u00a0\u00a0\u00a0\u00a0\u00a0\u00a0 La tarde de este domingo al confirmarse los hechos, de inmediato la noticia corri\u00f3 como reguero de p\u00f3lvora, escuch\u00e1ndose frases de consternaci\u00f3n, tristeza y condolencia para la familia y compa\u00f1eros de \u201cBryan Salinas\u201d, quien recientemente hab\u00eda sido reconocido por su intenso trabajo en su comisi\u00f3n, caracteriz\u00e1ndose como un impulsor de la protecci\u00f3n a los animales dom\u00e9sticos y el medio ambiente.<\/p>\n<p>Adem\u00e1s fue un fuerte impulsor de la cultura, como el exitoso Festival de Xantolo 2025, que se realiz\u00f3 en octubre de este a\u00f1o, donde fue mano derecha del alcalde Carlos Pe\u00f1a en la coordinaci\u00f3n del evento.<\/p>\n<p style=\"text-align: center;\"><strong>ERA MUY JOVEN<\/strong><\/p>\n<p>\u00a0El regidor inmolado ten\u00eda una gran proyecci\u00f3n por su sensibilidad social, apenas recientemente, hab\u00eda cumplido 27 a\u00f1os de edad.<\/p>\n<p>Descanse en paz.<\/p>\n","protected":false},"excerpt":{"rendered":"<p>Por Juan Carlos Rodr\u00edguez Terrazas\/EL SINODAL DE TAMAULIPAS Reynosa, Tam.- Todo hace indicar que el fallecimiento del 14avo. Regidor del cabildo de Reynosa, Bryan Nicol\u00e1s Vicente Salinas, ocurrido la ma\u00f1ana de este domingo, fue producto de una golpiza que recibi\u00f3 en un antro ubicado en pleno Paseo de la Reforma en la ciudad de M\u00e9xico. [&hellip;]<\/p>\n","protected":false},"author":1,"featured_media":215970,"comment_status":"closed","ping_status":"closed","sticky":false,"template":"","format":"standard","meta":{"footnotes":""},"categories":[1,2],"tags":[],"class_list":["post-215969","post","type-post","status-publish","format-standard","has-post-thumbnail","hentry","category-portada","category-reynosa"],"_links":{"self":[{"href":"https:\/\/www.elsinodaldetamaulipas.com.mx\/index.php?rest_route=\/wp\/v2\/posts\/215969","targetHints":{"allow":["GET"]}}],"collection":[{"href":"https:\/\/www.elsinodaldetamaulipas.com.mx\/index.php?rest_route=\/wp\/v2\/posts"}],"about":[{"href":"https:\/\/www.elsinodaldetamaulipas.com.mx\/index.php?rest_route=\/wp\/v2\/types\/post"}],"author":[{"embeddable":true,"href":"https:\/\/www.elsinodaldetamaulipas.com.mx\/index.php?rest_route=\/wp\/v2\/users\/1"}],"replies":[{"embeddable":true,"href":"https:\/\/www.elsinodaldetamaulipas.com.mx\/index.php?rest_route=%2Fwp%2Fv2%2Fcomments&post=215969"}],"version-history":[{"count":3,"href":"https:\/\/www.elsinodaldetamaulipas.com.mx\/index.php?rest_route=\/wp\/v2\/posts\/215969\/revisions"}],"predecessor-version":[{"id":215983,"href":"https:\/\/www.elsinodaldetamaulipas.com.mx\/index.php?rest_route=\/wp\/v2\/posts\/215969\/revisions\/215983"}],"wp:featuredmedia":[{"embeddable":true,"href":"https:\/\/www.elsinodaldetamaulipas.com.mx\/index.php?rest_route=\/wp\/v2\/media\/215970"}],"wp:attachment":[{"href":"https:\/\/www.elsinodaldetamaulipas.com.mx\/index.php?rest_route=%2Fwp%2Fv2%2Fmedia&parent=215969"}],"wp:term":[{"taxonomy":"category","embeddable":true,"href":"https:\/\/www.elsinodaldetamaulipas.com.mx\/index.php?rest_route=%2Fwp%2Fv2%2Fcategories&post=215969"},{"taxonomy":"post_tag","embeddable":true,"href":"https:\/\/www.elsinodaldetamaulipas.com.mx\/index.php?rest_route=%2Fwp%2Fv2%2Ftags&post=215969"}],"curies":[{"name":"wp","href":"https:\/\/api.w.org\/{rel}","templated":true}]}}