{"id":215975,"date":"2025-12-08T13:46:01","date_gmt":"2025-12-08T17:46:01","guid":{"rendered":"https:\/\/www.elsinodaldetamaulipas.com.mx\/?p=215975"},"modified":"2025-12-08T13:46:01","modified_gmt":"2025-12-08T17:46:01","slug":"obreros-dieron-peregrinacion-a-la-virgen-morena","status":"publish","type":"post","link":"https:\/\/www.elsinodaldetamaulipas.com.mx\/?p=215975","title":{"rendered":"OBREROS DIERON PEREGRINACI\u00d3N A LA VIRGEN MORENA"},"content":{"rendered":"<h5><em><strong>Por Gil Vicente Galindo\/EL SINODAL DE TAMAULIPAS<\/strong><\/em><\/h5>\n<p>Reynosa, Tam.- Representantes de sindicatos adheridos a la Federaci\u00f3n de Trabajadores de Reynosa que encabeza el licenciado Reynaldo Garza Elizondo realizaron la tradicional peregrinaci\u00f3n a la virgen Guadalupana.<\/p>\n<p>La peregrinaci\u00f3n sali\u00f3 desde la placita \u201cBenito Ju\u00e1rez\u201d, hacia la concatedral \u201cNuestra Se\u00f1ora de Guadalupe\u201d en la zona centro, participando elementos de tr\u00e1nsito local y grupos de brigadistas, brindado seguridad a files cat\u00f3licos.<\/p>\n<p><img loading=\"lazy\" decoding=\"async\" class=\"aligncenter wp-image-215978 size-full\" src=\"https:\/\/www.elsinodaldetamaulipas.com.mx\/wp-content\/uploads\/2025\/12\/CONCATEDRAL-2-copia.jpg\" alt=\"\" width=\"894\" height=\"487\" srcset=\"https:\/\/www.elsinodaldetamaulipas.com.mx\/wp-content\/uploads\/2025\/12\/CONCATEDRAL-2-copia.jpg 894w, https:\/\/www.elsinodaldetamaulipas.com.mx\/wp-content\/uploads\/2025\/12\/CONCATEDRAL-2-copia-300x163.jpg 300w, https:\/\/www.elsinodaldetamaulipas.com.mx\/wp-content\/uploads\/2025\/12\/CONCATEDRAL-2-copia-768x418.jpg 768w\" sizes=\"auto, (max-width: 894px) 100vw, 894px\" \/><\/p>\n<p>Matlachines y mariachis acompa\u00f1aron la peregrinaci\u00f3n cetemista, misma que fue bajo la organizaci\u00f3n de Norma Gonz\u00e1lez Salinas y Juan Salvador Portillo, claro, participaron todos los dirigentes sindicales adheridos a la CTM Reynosa.<\/p>\n<p>Durante la marcha religiosa, se bloquearon varias calles al paso de la peregrinaci\u00f3n, misma que con mucho respeto fue tomada por automovilistas y del transporte p\u00fablico.<\/p>\n<p><img loading=\"lazy\" decoding=\"async\" class=\"aligncenter wp-image-215977 size-full\" src=\"https:\/\/www.elsinodaldetamaulipas.com.mx\/wp-content\/uploads\/2025\/12\/CONCATEDRAL-3-copia.jpg\" alt=\"\" width=\"894\" height=\"487\" srcset=\"https:\/\/www.elsinodaldetamaulipas.com.mx\/wp-content\/uploads\/2025\/12\/CONCATEDRAL-3-copia.jpg 894w, https:\/\/www.elsinodaldetamaulipas.com.mx\/wp-content\/uploads\/2025\/12\/CONCATEDRAL-3-copia-300x163.jpg 300w, https:\/\/www.elsinodaldetamaulipas.com.mx\/wp-content\/uploads\/2025\/12\/CONCATEDRAL-3-copia-768x418.jpg 768w\" sizes=\"auto, (max-width: 894px) 100vw, 894px\" \/><\/p>\n<p>Al pie de la Concatedral fueron recibidos por el padre Jes\u00fas de Santa Mar\u00eda, qui\u00e9n oficio una misa de acci\u00f3n de gracias, no sin antes, rociar agua bendita entre los asistentes al momento de ingresar al templo.<\/p>\n<p>Al finalizar el protocolo religioso, Juan Salvador Portillo Mart\u00ednez, agradeci\u00f3 a todos los secretarios generales, sus comit\u00e9s y miembros cetemista por la valiosa participaci\u00f3n en esta tradicional peregrinaci\u00f3n a la virgen Guadalupana y de esa manera agradecer todas las bendiciones y cuidados en sus respectivas \u00e1reas de trabajo.<\/p>\n","protected":false},"excerpt":{"rendered":"<p>Por Gil Vicente Galindo\/EL SINODAL DE TAMAULIPAS Reynosa, Tam.- Representantes de sindicatos adheridos a la Federaci\u00f3n de Trabajadores de Reynosa que encabeza el licenciado Reynaldo Garza Elizondo realizaron la tradicional peregrinaci\u00f3n a la virgen Guadalupana. La peregrinaci\u00f3n sali\u00f3 desde la placita \u201cBenito Ju\u00e1rez\u201d, hacia la concatedral \u201cNuestra Se\u00f1ora de Guadalupe\u201d en la zona centro, participando [&hellip;]<\/p>\n","protected":false},"author":1,"featured_media":215976,"comment_status":"closed","ping_status":"closed","sticky":false,"template":"","format":"standard","meta":{"footnotes":""},"categories":[1,2],"tags":[],"class_list":["post-215975","post","type-post","status-publish","format-standard","has-post-thumbnail","hentry","category-portada","category-reynosa"],"_links":{"self":[{"href":"https:\/\/www.elsinodaldetamaulipas.com.mx\/index.php?rest_route=\/wp\/v2\/posts\/215975","targetHints":{"allow":["GET"]}}],"collection":[{"href":"https:\/\/www.elsinodaldetamaulipas.com.mx\/index.php?rest_route=\/wp\/v2\/posts"}],"about":[{"href":"https:\/\/www.elsinodaldetamaulipas.com.mx\/index.php?rest_route=\/wp\/v2\/types\/post"}],"author":[{"embeddable":true,"href":"https:\/\/www.elsinodaldetamaulipas.com.mx\/index.php?rest_route=\/wp\/v2\/users\/1"}],"replies":[{"embeddable":true,"href":"https:\/\/www.elsinodaldetamaulipas.com.mx\/index.php?rest_route=%2Fwp%2Fv2%2Fcomments&post=215975"}],"version-history":[{"count":1,"href":"https:\/\/www.elsinodaldetamaulipas.com.mx\/index.php?rest_route=\/wp\/v2\/posts\/215975\/revisions"}],"predecessor-version":[{"id":215979,"href":"https:\/\/www.elsinodaldetamaulipas.com.mx\/index.php?rest_route=\/wp\/v2\/posts\/215975\/revisions\/215979"}],"wp:featuredmedia":[{"embeddable":true,"href":"https:\/\/www.elsinodaldetamaulipas.com.mx\/index.php?rest_route=\/wp\/v2\/media\/215976"}],"wp:attachment":[{"href":"https:\/\/www.elsinodaldetamaulipas.com.mx\/index.php?rest_route=%2Fwp%2Fv2%2Fmedia&parent=215975"}],"wp:term":[{"taxonomy":"category","embeddable":true,"href":"https:\/\/www.elsinodaldetamaulipas.com.mx\/index.php?rest_route=%2Fwp%2Fv2%2Fcategories&post=215975"},{"taxonomy":"post_tag","embeddable":true,"href":"https:\/\/www.elsinodaldetamaulipas.com.mx\/index.php?rest_route=%2Fwp%2Fv2%2Ftags&post=215975"}],"curies":[{"name":"wp","href":"https:\/\/api.w.org\/{rel}","templated":true}]}}