{"id":215980,"date":"2025-12-08T14:02:41","date_gmt":"2025-12-08T18:02:41","guid":{"rendered":"https:\/\/www.elsinodaldetamaulipas.com.mx\/?p=215980"},"modified":"2025-12-08T14:02:41","modified_gmt":"2025-12-08T18:02:41","slug":"con-miles-de-firmas-apoyan-denuncias-contra-fjgcv","status":"publish","type":"post","link":"https:\/\/www.elsinodaldetamaulipas.com.mx\/?p=215980","title":{"rendered":"CON MILES DE FIRMAS APOYAN DENUNCIAS CONTRA FJGCV"},"content":{"rendered":"<p>EL SINODAL DE TAMAULIPAS<\/p>\n<p>Reynosa, Tam.- En la Fiscal\u00eda General de la Rep\u00fablica (FGR), el diputado federal Sergio Guti\u00e9rrez Luna y el presidente del Congreso de Tamaulipas, Humberto Prieto Herrera presentaron una nueva\u00a0 denuncia contra el ex gobernador\u00a0 Francisco Javier Garc\u00eda Cabeza de Vaca por su presunta participaci\u00f3n en el operativo de Huachicoloeo Fiscal.<\/p>\n<p>&nbsp;<\/p>\n<p>Entrevistados, al finalizar la entrega de la denuncia, los legisladores dieron detalles de la nueva acusaci\u00f3n contra el ex\u00a0 mandatario tamaulipeco.<\/p>\n<p>&nbsp;<\/p>\n<p>En compa\u00f1\u00eda de la maestra Lupita G\u00f3mez, presidenta del Comit\u00e9 Ejecutivo Estatal de Morena Tamaulipas, los diputados se\u00f1alaron los presuntos v\u00ednculos que tuvieron en esta operaci\u00f3n y pidieron a la nueva fiscal de la Rep\u00fablica que abra una investigaci\u00f3n.<\/p>\n<p>&nbsp;<\/p>\n<p>Coincidieron que Cabeza de Vaca huy\u00f3 a Estados Unidos y desde all\u00e1 busca defenderse y evadir la justicia.<\/p>\n<p>&nbsp;<\/p>\n<p>A las 14:00 horas de este lunes 8 de diciembre, acudir\u00e1n presencialmente a la SCJN a presentar miles de firmas que apoyan todas las denuncias que hay en contra del Francisco Garc\u00eda Cabeza de Vaca.<\/p>\n<p>&nbsp;<\/p>\n<p>En breve m\u00e1s informaci\u00f3n&#8230;<\/p>\n","protected":false},"excerpt":{"rendered":"<p>EL SINODAL DE TAMAULIPAS Reynosa, Tam.- En la Fiscal\u00eda General de la Rep\u00fablica (FGR), el diputado federal Sergio Guti\u00e9rrez Luna y el presidente del Congreso de Tamaulipas, Humberto Prieto Herrera presentaron una nueva\u00a0 denuncia contra el ex gobernador\u00a0 Francisco Javier Garc\u00eda Cabeza de Vaca por su presunta participaci\u00f3n en el operativo de Huachicoloeo Fiscal. &nbsp; [&hellip;]<\/p>\n","protected":false},"author":1,"featured_media":215981,"comment_status":"closed","ping_status":"closed","sticky":false,"template":"","format":"standard","meta":{"footnotes":""},"categories":[1,2],"tags":[],"class_list":["post-215980","post","type-post","status-publish","format-standard","has-post-thumbnail","hentry","category-portada","category-reynosa"],"_links":{"self":[{"href":"https:\/\/www.elsinodaldetamaulipas.com.mx\/index.php?rest_route=\/wp\/v2\/posts\/215980","targetHints":{"allow":["GET"]}}],"collection":[{"href":"https:\/\/www.elsinodaldetamaulipas.com.mx\/index.php?rest_route=\/wp\/v2\/posts"}],"about":[{"href":"https:\/\/www.elsinodaldetamaulipas.com.mx\/index.php?rest_route=\/wp\/v2\/types\/post"}],"author":[{"embeddable":true,"href":"https:\/\/www.elsinodaldetamaulipas.com.mx\/index.php?rest_route=\/wp\/v2\/users\/1"}],"replies":[{"embeddable":true,"href":"https:\/\/www.elsinodaldetamaulipas.com.mx\/index.php?rest_route=%2Fwp%2Fv2%2Fcomments&post=215980"}],"version-history":[{"count":1,"href":"https:\/\/www.elsinodaldetamaulipas.com.mx\/index.php?rest_route=\/wp\/v2\/posts\/215980\/revisions"}],"predecessor-version":[{"id":215982,"href":"https:\/\/www.elsinodaldetamaulipas.com.mx\/index.php?rest_route=\/wp\/v2\/posts\/215980\/revisions\/215982"}],"wp:featuredmedia":[{"embeddable":true,"href":"https:\/\/www.elsinodaldetamaulipas.com.mx\/index.php?rest_route=\/wp\/v2\/media\/215981"}],"wp:attachment":[{"href":"https:\/\/www.elsinodaldetamaulipas.com.mx\/index.php?rest_route=%2Fwp%2Fv2%2Fmedia&parent=215980"}],"wp:term":[{"taxonomy":"category","embeddable":true,"href":"https:\/\/www.elsinodaldetamaulipas.com.mx\/index.php?rest_route=%2Fwp%2Fv2%2Fcategories&post=215980"},{"taxonomy":"post_tag","embeddable":true,"href":"https:\/\/www.elsinodaldetamaulipas.com.mx\/index.php?rest_route=%2Fwp%2Fv2%2Ftags&post=215980"}],"curies":[{"name":"wp","href":"https:\/\/api.w.org\/{rel}","templated":true}]}}