{"id":215984,"date":"2025-12-08T16:58:56","date_gmt":"2025-12-08T20:58:56","guid":{"rendered":"https:\/\/www.elsinodaldetamaulipas.com.mx\/?p=215984"},"modified":"2025-12-08T16:58:56","modified_gmt":"2025-12-08T20:58:56","slug":"exige-regidor-que-karla-luna-se-integre-al-cabildo","status":"publish","type":"post","link":"https:\/\/www.elsinodaldetamaulipas.com.mx\/?p=215984","title":{"rendered":"EXIGE REGIDOR QUE KARLA LUNA SE INTEGRE AL CABILDO"},"content":{"rendered":"<p><em><strong>Por Gil Vicente Galindo\/EL SINODAL DE TAMAULIPAS<\/strong><\/em><\/p>\n<p>Reynosa, Tam.- El regidor Mario Soria Stamatio solicit\u00f3 formalmente que la regidora Karla Luna Gonz\u00e1lez, regrese a laborar y les d\u00e9 fluidez y certeza jur\u00eddica a cuestiones a favor de la ciudadan\u00eda y del ayuntamiento de Reynosa.<\/p>\n<p>\u201cLa regidora, aunque sea suplente, est\u00e1 en activo cubriendo una titularidad, violando leyes, reglamentos y sobre todo la \u00e9tica profesional de un servidor p\u00fablico, que deje de participar v\u00eda Zoom, pero cobrando f\u00edsicamente\u201d.<\/p>\n<p>Lo anterior lo plasmo en el pleno de sesi\u00f3n de cabildo y ahora lo exteriorizo, retando a que todo comunicador e influencer, publique su exigencia, que Karla Luna, regrese a trabajar y no lo siga haciendo en l\u00ednea.<\/p>\n<p>Sin distingo de colores partidistas y menos en MORENA, se permite que un funcionario mienta, robe o traicione al pueblo y el cobrar sin devengar sus responsabilidades, es evidente que la regidora lo hace, -enfatiz\u00f3- el edil Mario Soria Stamatio.<\/p>\n<p>\u201cLa comisi\u00f3n de patrimonio municipal es un tema muy sentido como todas las dem\u00e1s, donde est\u00e1n paralizados varios tr\u00e1mites como permutas, donaciones y todo por la ausencia de Karla, quien debido a que se encuentra en un tr\u00e1mite consular, no est\u00e1 acudiendo a cumplir con sus responsabilidades em el cuerpo edilicio\u2026\u201d<\/p>\n<p>Para dar el voto desde la comunidad de su casa no se le requiere, que se mande llamar a la propietaria de la comisi\u00f3n Idilberta Mendoza y que Karla Luna siga en su casa atendiendo sus asuntos personales sin que sea una sangr\u00eda para las finanzas p\u00fablicas<\/p>\n<p>&nbsp;<\/p>\n","protected":false},"excerpt":{"rendered":"<p>Por Gil Vicente Galindo\/EL SINODAL DE TAMAULIPAS Reynosa, Tam.- El regidor Mario Soria Stamatio solicit\u00f3 formalmente que la regidora Karla Luna Gonz\u00e1lez, regrese a laborar y les d\u00e9 fluidez y certeza jur\u00eddica a cuestiones a favor de la ciudadan\u00eda y del ayuntamiento de Reynosa. \u201cLa regidora, aunque sea suplente, est\u00e1 en activo cubriendo una titularidad, [&hellip;]<\/p>\n","protected":false},"author":1,"featured_media":215985,"comment_status":"closed","ping_status":"closed","sticky":false,"template":"","format":"standard","meta":{"footnotes":""},"categories":[1,2],"tags":[],"class_list":["post-215984","post","type-post","status-publish","format-standard","has-post-thumbnail","hentry","category-portada","category-reynosa"],"_links":{"self":[{"href":"https:\/\/www.elsinodaldetamaulipas.com.mx\/index.php?rest_route=\/wp\/v2\/posts\/215984","targetHints":{"allow":["GET"]}}],"collection":[{"href":"https:\/\/www.elsinodaldetamaulipas.com.mx\/index.php?rest_route=\/wp\/v2\/posts"}],"about":[{"href":"https:\/\/www.elsinodaldetamaulipas.com.mx\/index.php?rest_route=\/wp\/v2\/types\/post"}],"author":[{"embeddable":true,"href":"https:\/\/www.elsinodaldetamaulipas.com.mx\/index.php?rest_route=\/wp\/v2\/users\/1"}],"replies":[{"embeddable":true,"href":"https:\/\/www.elsinodaldetamaulipas.com.mx\/index.php?rest_route=%2Fwp%2Fv2%2Fcomments&post=215984"}],"version-history":[{"count":1,"href":"https:\/\/www.elsinodaldetamaulipas.com.mx\/index.php?rest_route=\/wp\/v2\/posts\/215984\/revisions"}],"predecessor-version":[{"id":215986,"href":"https:\/\/www.elsinodaldetamaulipas.com.mx\/index.php?rest_route=\/wp\/v2\/posts\/215984\/revisions\/215986"}],"wp:featuredmedia":[{"embeddable":true,"href":"https:\/\/www.elsinodaldetamaulipas.com.mx\/index.php?rest_route=\/wp\/v2\/media\/215985"}],"wp:attachment":[{"href":"https:\/\/www.elsinodaldetamaulipas.com.mx\/index.php?rest_route=%2Fwp%2Fv2%2Fmedia&parent=215984"}],"wp:term":[{"taxonomy":"category","embeddable":true,"href":"https:\/\/www.elsinodaldetamaulipas.com.mx\/index.php?rest_route=%2Fwp%2Fv2%2Fcategories&post=215984"},{"taxonomy":"post_tag","embeddable":true,"href":"https:\/\/www.elsinodaldetamaulipas.com.mx\/index.php?rest_route=%2Fwp%2Fv2%2Ftags&post=215984"}],"curies":[{"name":"wp","href":"https:\/\/api.w.org\/{rel}","templated":true}]}}