{"id":215989,"date":"2025-12-08T23:10:54","date_gmt":"2025-12-09T03:10:54","guid":{"rendered":"https:\/\/www.elsinodaldetamaulipas.com.mx\/?p=215989"},"modified":"2025-12-08T23:10:54","modified_gmt":"2025-12-09T03:10:54","slug":"para-presidenta-mejor-imposible","status":"publish","type":"post","link":"https:\/\/www.elsinodaldetamaulipas.com.mx\/?p=215989","title":{"rendered":"PARA PRESIDENTA, MEJOR, IMPOSIBLE"},"content":{"rendered":"<p>\u00c9XITO TOTAL DE LA FERIA DEL PUEBLO<br \/>\nCASANDRA ES LA CONSENTIDA DE CASA<br \/>\n*Un fin de semana muy agitado y exitoso, mejor, imposible; tuvo la presidenta CLAUDIA SHEINBAUM PARDO, primero por lo del sorteo del mundial de f\u00fatbol en donde por vez primera se vio cara a cara en Washington con su \u201cgran amigo\u201d el presidente gringo DONALD TRUMP.<br \/>\nPero antes logr\u00f3 la aprobaci\u00f3n de su iniciativa sobre la nueva ley general de aguas y reformar la ley de aguas nacionales.<br \/>\nDe ese encuentro del otro lado del r\u00edo \u201cBravo\u201d, no sali\u00f3 absolutamente nada, solo sonrisas, pero no buenos deseos, ni acuerdos sustanciosos.<br \/>\nY con esa sonrisa que se trajo de Washington lleg\u00f3 a la Ciudad de M\u00e9xico, para tener su momento estelar con eso del s\u00e9ptimo a\u00f1o que \u201cLa Cuatrot\u00e9\u201d lleg\u00f3 al poder en donde presumi\u00f3: \u201cM\u00e9xico es ejemplo ante el mundo y seguimos haciendo historia\u201d.<br \/>\nY hasta manifest\u00f3 que est\u00e1 segura de que se mantendr\u00e1 la relaci\u00f3n econ\u00f3mica de M\u00e9xico con Estados Unidos, porque deben competir frente a otras regiones del mundo.<br \/>\nDurante esta conmemoraci\u00f3n en el Z\u00f3calo a donde llegaron todas las figuras morenistas incluyendo a los gobernadores, por supuesto el de Tamaulipas AM\u00c9RICO VILLARREAL ANAYA acompa\u00f1ado de su esposa MAR\u00cdA SANTIAGO; la presidente Sheinbaum aprovech\u00f3 para rega\u00f1ar a los suyos que gustan de los lujos, pero luego los apapach\u00f3 bien y bonito, y hasta se fundi\u00f3 en abrazos con algunos de ellos que han estado en la pol\u00e9mica como el senador AD\u00c1N AUGUSTO L\u00d3PEZ y el hijo consentido ANDR\u00c9S MANUEL L\u00d3PEZ BELTR\u00c1N.<br \/>\nAnte un plet\u00f3rico escenario afirm\u00f3 con orgullo: \u201cPor m\u00e1s que inventen historias y tejan alianzas con el conservadurismo nacional y extranjero, no vencer\u00e1n al pueblo de M\u00e9xico ni a su presidenta\u201d.<br \/>\nDijo, alzando la voz y ante euf\u00f3ricos gritos de no est\u00e1s sola, no est\u00e1s sola: \u201cTenemos principios y tenemos una historia patria que nos ense\u00f1a que cuando las causas son justas y los valores firmes, y cuando hay un pueblo consciente, la raz\u00f3n y la justicia siempre prevalecen\u201d.<br \/>\nY que a poco m\u00e1s de un a\u00f1o del segundo piso de \u201cLa Cuatrot\u00e9\u201d, se consolida un gobierno honesto, cercano a la gente; un proyecto de naci\u00f3n que nos une y nos representa.<br \/>\nY como para imitar a su jefe pol\u00edtico al que volvi\u00f3 a nombrar en este festejo asent\u00f3: \u201cHay que decirlo con claridad, en estos d\u00edas se ha demostrado que por m\u00e1s campa\u00f1as sucias que pagan en las redes sociales, por m\u00e1s compra de boots y robots, por m\u00e1s alianza con grupos de inter\u00e9s en M\u00e9xico y extranjeros, por m\u00e1s comunicadores que contraten para difundir calumnias y mentiras; por m\u00e1s intentos de hacer creer al mundo que M\u00e9xico es un pa\u00eds libre y democr\u00e1tico, por m\u00e1s coment\u00f3cratas que inventen historias, por m\u00e1s alianza que quieran tejer con el conservadurismo nacional y extranjero, no vencer\u00e1n al pueblo de M\u00e9xico ni a su presidenta\u201d.<br \/>\nVeremos que tanto le dura ese gusto a la presidenta Sheinbaum.<br \/>\n*ACUDI\u00d3 a un evento de corte nacional el rector D\u00c1MASO ANAYA ALVARADO, en donde fortaleci\u00f3 la presencia de la Universidad Aut\u00f3noma de Tamaulipas, en el ecosistema nacional de ciencia, tecnolog\u00eda e innovaci\u00f3n mediante su participaci\u00f3n en el Encuentro Nacional de Educaci\u00f3n Superior para el Bienestar Social, realizado dentro del foro InnovaFest Latam 2025 y el STS Forum Latam 2025, que tuvo como sede Cuernavaca, Morelos.<br \/>\nAh\u00ed se formalizaron acuerdos de cooperaci\u00f3n y, entre los avances m\u00e1s significativos, se firm\u00f3 la \u201cDeclaraci\u00f3n de Cuernavaca\u201d, misma a la que se suma la UAT y que establece ejes estrat\u00e9gicos para fortalecer la ciencia universitaria y promover la formaci\u00f3n especializada en \u00e1reas prioritarias para el desarrollo nacional.<br \/>\nDicho documento impulsa una agenda com\u00fan que convoca a las universidades a colaborar, evaluar avances y fortalecer, permanentemente, las estrategias nacionales en ciencias, humanidades, tecnolog\u00edas e innovaci\u00f3n.<br \/>\nEl rector refrend\u00f3 su compromiso con una visi\u00f3n de pa\u00eds que reconoce al conocimiento, la ciencia y la investigaci\u00f3n como derechos fundamentales para el beneficio social, aprovech\u00f3 para resaltar que la UAT asume con responsabilidad su papel en la articulaci\u00f3n de esfuerzos que contribuyan a consolidar un M\u00e9xico m\u00e1s competitivo, innovador y justo.<br \/>\nSostuvo tambi\u00e9n encuentros con el secretario de Econom\u00eda MARCELO EBRARD, y el secretario de Educaci\u00f3n P\u00fablica MARIO DELGADO, a quienes entreg\u00f3 el Portafolio de Servicios que ofrece la UAT al sector gubernamental y privado, en el que muestra su gran fortaleza, como pocas universidades del pa\u00eds, al contar con tecnolog\u00eda a\u00e9rea geoespacial para proyectos de log\u00edstica, agricultura, medio ambiente, energ\u00eda, planificaci\u00f3n urbana, exploraci\u00f3n de minerales, entre otros, as\u00ed como equipo para la investigaci\u00f3n en oceanograf\u00eda y desarrollo de zonas costeras.<br \/>\nPresentes adem\u00e1s ROSAURA RUIZ GUTI\u00c9RREZ titular de la SECIHTI, y del secretario general ejecutivo de la Asociaci\u00f3n Nacional de Universidades e Instituciones de Educaci\u00f3n Superior LUIS ARMANDO GONZ\u00c1LEZ PLACENCIA.<br \/>\nLa UAT form\u00f3 parte activa de las discusiones orientadas a fortalecer la colaboraci\u00f3n acad\u00e9mica y a impulsar proyectos que respondan a los retos estrat\u00e9gicos del pa\u00eds.<br \/>\n*COMO ES s\u00faper amiga de la casa la paisana diputada federal CASANDRA DE LOS SANTOS FLORES, fue invitada por el presidente municipal de Suelo Reynosense CARLOS PE\u00d1A ORTIZ y su esposa ALEJANDRA YELITZA GARZA, al tradicional encendido del Pino Navide\u00f1o.<br \/>\nCon ello se dio inicio de la temporada navide\u00f1a, con el concierto de Tatiana la Reina de los Ni\u00f1os y la puesta en marcha del Carrusel Infantil.<br \/>\nNo pod\u00eda faltar la senadora MAKI ORTIZ DOM\u00cdNGUEZ, y se col\u00f3, el que seguramente es el nuevo amigo, el diputado local JUAN CARLOS ZERTUCHE ROMERO.<br \/>\n*COMO SE esperaba, \u00e9xito total de la \u201cFeria R\u00edo Bravo 2025\u201d, y los Riobravenses entregados y asistiendo para darle realce a esta fiesta del pueblo que ha tenido en su escenario a grandes artistas, pesadas(os).<br \/>\nSe abri\u00f3 con GLORIA TREVI y este domingo se cerr\u00f3 con los nunca igualados Invasores de Nuevo Le\u00f3n, que de momento se han llevado el show de los tres grandes que se han presentado.<br \/>\nY lo importante, los asistentes han disfrutado de un excelente clima, salvo durante la inauguraci\u00f3n en que el Dios Tl\u00e1loc, estuvo molestando, pero sin ser intenso solo a hasta altas horas de la madrugada cuando ya se hab\u00eda disfrutado de la actuaci\u00f3n de Gloria.<br \/>\nEn esas tres noches consecutivas ha estado presente el presidente municipal MIGUEL \u00c1NGEL ALMARAZ MALDONADO, que ha sido recibido con vivas y porras por parte de los asistentes.<br \/>\nY atendiendo Miguel \u00c1ngel, personalmente a los artistas.<br \/>\nY a partir de este lunes y martes, todo mundo gratis.<br \/>\nQue escribi\u00f3 Miguel \u00c1ngel sobre la agrupaci\u00f3n musical que se present\u00f3 el domingo: \u201cMuchas gracias a los Invasores de Nuevo Le\u00f3n, por darnos una noche inolvidable, y a cada uno de ustedes por acompa\u00f1arnos y demostrar, una vez m\u00e1s, la grandeza de R\u00edo Bravo\u201d.<br \/>\n\u201cEl d\u00eda 3 fue un \u00e9xito gracias a todos\u201d.<br \/>\n*EN SUELO Victorense el gobernador AM\u00c9RICO VILLARREAL ANAYA y su esposa MAR\u00cdA SANTIAGO de VILLARREAL, enmedio de una gran fiesta que culmin\u00f3 con el encendido del monumental; dese\u00f3 a las familias tamaulipecas que esta sea la mejor de las celebraciones y est\u00e9n llenas de paz, reflexi\u00f3n y una visi\u00f3n humanista para poder seguir avanzando y progresando con bienestar.<br \/>\nDurante esta tradicional celebraci\u00f3n el doctor gobernador manifest\u00f3: \u201cEn compa\u00f1\u00eda de mi familia, de mi esposa, les deseamos las mejores fiestas, que tengan la mejor oportunidad de reflexi\u00f3n en estos d\u00edas para seguir avanzando en este gran estado de Tamaulipas, un abrazo sincero como siempre de su amigo el gobernador del estado, felices fiestas a todos\u201d.<br \/>\nLos asistentes de disfrutaron de un espectacular show de pirot\u00e9cnica, el concierto de la Banda de M\u00fasica y hasta una nevada.<br \/>\nEl gobernador y su esposa recorrieron la villa navide\u00f1a ubicada al pie de la escalinata de Palacio de Gobierno, que este a\u00f1o luce dos estanques con peces, un bosque de pinos, cascadas, puente, luces multicolores, el tradicional nacimiento y las figuras de los Reyes Magos; adem\u00e1s, en la plaza, cuatro figuras de estrellas y una gigantesca pi\u00f1ata iluminadas son de los principales atractivos, as\u00ed como un trenecito para deleite de los menores.<br \/>\nPresente el paisano secretario general de Gobierno H\u00c9CTOR JOEL VILLEGAS GONZ\u00c1LEZ.<br \/>\nY este lunes en la capital del estado el gobernador Villarreal Anaya, encabez\u00f3 los honores a la bandera en las instalaciones del 77 Batall\u00f3n de Infanter\u00eda, en donde hizo un llamado a seguir construyendo el segundo piso de la transformaci\u00f3n que es, dijo, un movimiento s\u00f3lido, con liderazgo y con la esperanza m\u00e1s viva que nunca.\u201d<br \/>\nDijo: \u201cSu amigo, el gobernador de Tamaulipas, les exhorta a que hagamos conciencia de nuestro momento; estamos construyendo una transformaci\u00f3n hist\u00f3rica y a cada uno nos corresponde continuar con la construcci\u00f3n del segundo piso de nuestra transformaci\u00f3n.<br \/>\nSe refiri\u00f3 al evento donde la presidenta CLAUDIA SHEINBAUM PARDO, ante m\u00e1s de 600 mil personas en el Z\u00f3calo de la Ciudad de M\u00e9xico, hizo un amplio recuento de lo que ha significado para el pueblo de M\u00e9xico la nueva era de transformaci\u00f3n y lo que ha representado este renacimiento de M\u00e9xico.<br \/>\nVillarreal Anaya, enfatiz\u00f3 que la transformaci\u00f3n verdadera no s\u00f3lo es econ\u00f3mica y social, tambi\u00e9n es \u00e9tica y moral.<br \/>\n*VAYA QUE LA juventud estudiosa sigue estando en el pensamiento y es prioridad de la presidenta municipal de Suelo Neolaredense CARMEN LILIA CANTUROSAS VILLARREAL, ya que inform\u00f3 que se otorgaran 300 becas de titulaci\u00f3n a j\u00f3venes de distintas universidades p\u00fablicas, con el prop\u00f3sito de que concluyan su formaci\u00f3n profesional sin que la falta de recursos econ\u00f3micos sea un impedimento, con una inversi\u00f3n de m\u00e1s de 1 mill\u00f3n 300 mil pesos, destinada exclusivamente a cubrir los gastos del tr\u00e1mite de titulaci\u00f3n de los beneficiarios.<br \/>\nLa alcaldesa Canturosas Villarreal, remarc\u00f3 la importancia de este programa, que ha permitido que m\u00e1s j\u00f3venes logren dar el paso definitivo hacia su vida profesional, y expres\u00f3: \u201cPara m\u00ed siempre es de mucho agrado hablar de esta beca, porque hab\u00eda mucha gente que se nos iba quedando en el camino por no tener para pagar; hoy, gracias a este programa, 300 j\u00f3venes podr\u00e1n culminar su titulaci\u00f3n\u201d.<br \/>\nY ello como parte de una estrategia integral para fortalecer la educaci\u00f3n en Nuevo Laredo, la cual incluye apoyos desde nivel b\u00e1sico hasta superior, as\u00ed como programas de desarrollo acad\u00e9mico y tecnol\u00f3gico que buscan brindar igualdad de oportunidades.<br \/>\n*LA MALA noticia para el deporte mexicano es que a nuestro m\u00e1ximo \u00eddolo Fernando Valenzuela, le volvieron a negar la entrada al Sal\u00f3n de la Fama del B\u00e9isbol.<br \/>\nUta male.<br \/>\nY Tigres va a jugar la gran final del futbol mexicano enfrent\u00e1ndose al Toluca, el partido de ida ser\u00e1 el jueves en el estadio Universitario.<br \/>\nAs\u00ed que vamos a tener una semana de muchos pistar.<br \/>\nY aunque usted no lo crea el piloto brit\u00e1nico LANDO NORRIS, se proclam\u00f3 campe\u00f3n mundial de F\u00f3rmula Uno 2025 tras una carrera final de alto voltaje en el Grand Prix de Abu Dabi, donde, contra todo pron\u00f3stico, logr\u00f3 un tercer lugar clave que le bast\u00f3 para superar por apenas dos puntos al tetracampe\u00f3n MAX VERSTAPPEN Max.<br \/>\nLa definici\u00f3n del t\u00edtulo se dio en medio de un drama may\u00fasculo cuando Max gan\u00f3 la carrera, y su compa\u00f1ero de escuder\u00eda, OSCAR PIASTRI, cruz\u00f3 segundo la meta; sin embargo, la diferencia m\u00ednima en la tabla favoreci\u00f3 a Norris, quien cerr\u00f3 la temporada con 423 puntos contra 421 del neerland\u00e9s lo que devolvi\u00f3 el cetro a la escuder\u00eda McLaren por primera vez desde 2008.<br \/>\n*PORQUE a\u00fan hay tiempo no se le pase felicitar este lunes con motivo de sus cumplea\u00f1os al primo FRANCISCO P\u00c9REZ, al amigo periodista ANWAR VIVI\u00c1N PERALTA, al exalcalde de Suelo Vallehermosense y hasta mejor repite EFRA\u00cdN DE LE\u00d3N, al exalcalde de Suelo Victorense MIGUEL \u00c1NGEL GONZ\u00c1LEZ SALUM, a LAURO CANT\u00da y MINERVA HERRERA CH\u00c1VEZ.<br \/>\nUn monumental abrazo y que vengan muchos m\u00e1s.<br \/>\nVolveremos, HL\u2026D\u2026M<br \/>\nCorreo electr\u00f3nico: barre283@hotmail.com<\/p>\n","protected":false},"excerpt":{"rendered":"<p>\u00c9XITO TOTAL DE LA FERIA DEL PUEBLO CASANDRA ES LA CONSENTIDA DE CASA *Un fin de semana muy agitado y exitoso, mejor, imposible; tuvo la presidenta CLAUDIA SHEINBAUM PARDO, primero por lo del sorteo del mundial de f\u00fatbol en donde por vez primera se vio cara a cara en Washington con su \u201cgran amigo\u201d el [&hellip;]<\/p>\n","protected":false},"author":1,"featured_media":214843,"comment_status":"closed","ping_status":"closed","sticky":false,"template":"","format":"standard","meta":{"footnotes":""},"categories":[16],"tags":[],"class_list":["post-215989","post","type-post","status-publish","format-standard","has-post-thumbnail","hentry","category-opinion"],"_links":{"self":[{"href":"https:\/\/www.elsinodaldetamaulipas.com.mx\/index.php?rest_route=\/wp\/v2\/posts\/215989","targetHints":{"allow":["GET"]}}],"collection":[{"href":"https:\/\/www.elsinodaldetamaulipas.com.mx\/index.php?rest_route=\/wp\/v2\/posts"}],"about":[{"href":"https:\/\/www.elsinodaldetamaulipas.com.mx\/index.php?rest_route=\/wp\/v2\/types\/post"}],"author":[{"embeddable":true,"href":"https:\/\/www.elsinodaldetamaulipas.com.mx\/index.php?rest_route=\/wp\/v2\/users\/1"}],"replies":[{"embeddable":true,"href":"https:\/\/www.elsinodaldetamaulipas.com.mx\/index.php?rest_route=%2Fwp%2Fv2%2Fcomments&post=215989"}],"version-history":[{"count":1,"href":"https:\/\/www.elsinodaldetamaulipas.com.mx\/index.php?rest_route=\/wp\/v2\/posts\/215989\/revisions"}],"predecessor-version":[{"id":215990,"href":"https:\/\/www.elsinodaldetamaulipas.com.mx\/index.php?rest_route=\/wp\/v2\/posts\/215989\/revisions\/215990"}],"wp:featuredmedia":[{"embeddable":true,"href":"https:\/\/www.elsinodaldetamaulipas.com.mx\/index.php?rest_route=\/wp\/v2\/media\/214843"}],"wp:attachment":[{"href":"https:\/\/www.elsinodaldetamaulipas.com.mx\/index.php?rest_route=%2Fwp%2Fv2%2Fmedia&parent=215989"}],"wp:term":[{"taxonomy":"category","embeddable":true,"href":"https:\/\/www.elsinodaldetamaulipas.com.mx\/index.php?rest_route=%2Fwp%2Fv2%2Fcategories&post=215989"},{"taxonomy":"post_tag","embeddable":true,"href":"https:\/\/www.elsinodaldetamaulipas.com.mx\/index.php?rest_route=%2Fwp%2Fv2%2Ftags&post=215989"}],"curies":[{"name":"wp","href":"https:\/\/api.w.org\/{rel}","templated":true}]}}