{"id":215994,"date":"2025-12-08T23:18:37","date_gmt":"2025-12-09T03:18:37","guid":{"rendered":"https:\/\/www.elsinodaldetamaulipas.com.mx\/?p=215994"},"modified":"2025-12-08T23:18:37","modified_gmt":"2025-12-09T03:18:37","slug":"arnulfo-le-pica-los-ojos-a-miguel-angel","status":"publish","type":"post","link":"https:\/\/www.elsinodaldetamaulipas.com.mx\/?p=215994","title":{"rendered":"ARNULFO LE PICA LOS OJOS A MIGUEL \u00c1NGEL"},"content":{"rendered":"<p><strong>RECONSTRUCCI\u00d3N DE TAMAULIPAS NO TIENE FRENO\u2026<\/strong> El gobernador <strong>AM\u00c9RICO VILLARREAL ANAYA <\/strong>hizo un llamado a seguir construyendo el segundo piso de la transformaci\u00f3n que es un movimiento s\u00f3lido, con liderazgo y con la esperanza m\u00e1s viva que nunca, a siete a\u00f1os de su inicio y luego de asistir al evento que encabez\u00f3 la presidenta de M\u00e9xico, <strong>CLAUDIA SHEINBAUM PARDO<\/strong>.<\/p>\n<p>\u201c<em>Su amigo, el Gobernador de Tamaulipas, les exhorta a que hagamos conciencia de nuestro momento. Estamos construyendo una transformaci\u00f3n hist\u00f3rica y a cada uno nos corresponde continuar con la construcci\u00f3n del segundo piso de nuestra transformaci\u00f3n<\/em>\u201d, dijo.<\/p>\n<p>Al presidir la ceremonia c\u00edvica de honores, en las instalaciones del 77 Batall\u00f3n de Infanter\u00eda, el Mandatario tamaulipeco se refiri\u00f3 al evento donde la presidenta <strong>CLAUDIA SHEINBAUM<\/strong>, ante m\u00e1s de 600 mil personas en el Z\u00f3calo de la Ciudad de M\u00e9xico, hizo un amplio recuento de lo que ha significado para el pueblo de M\u00e9xico la nueva era de transformaci\u00f3n y lo que ha representado este renacimiento de M\u00e9xico.<\/p>\n<p>Adem\u00e1s, durante su mensaje, <strong>VILLARREAL ANAYA<\/strong> tambi\u00e9n reiter\u00f3 su reconocimiento a las Fuerzas Armadas por el valioso servicio que brindan en favor de la paz, la seguridad y la transformaci\u00f3n actual que se vive en M\u00e9xico y Tamaulipas\u2026 \u00a1<strong><em>Enhorabuena<\/em><\/strong>!<\/p>\n<p><strong>++LO SIGUIENTE, NADA QUE VER CON LO ANTERIOR\u2026<\/strong> El secretario general de la Secci\u00f3n 30, del Sindicato Nacional de Trabajadores de la Educaci\u00f3n (SNTE), ya midi\u00f3 al titular de la Secretar\u00eda de Educaci\u00f3n de Tamaulipas (SET), por ello le est\u00e1 picando los ojos y hasta comiendo el mandado\u2026 \u00a1<strong><em>Zaaas culebra<\/em><\/strong>!<\/p>\n<p>Dejando zanja en el piso cuando camina, por el colmillo largo y retorcido que tiene, <strong>ARNULFO<\/strong> ha medido muy bien a <strong>MIGUEL \u00c1NGEL VALDEZ GARC\u00cdA<\/strong> y pr\u00e1cticamente se lo est\u00e1 \u201ccomiendo vivo\u201d\u2026 \u00a1<strong><em>Ay nanita<\/em><\/strong>!<\/p>\n<p>Para nadie es un secreto, pero s\u00f3lo <strong>MIGUEL \u00c1NGEL<\/strong> y sus asesores son los \u00fanicos que no se enteran, que detr\u00e1s de las protestas donde se exige la salida de un maestro, el cambio de un Director y que una vacante sea cubierta, est\u00e1 el sello particular de <strong>ARNULFO<\/strong> y su \u201cracita\u201d.<\/p>\n<p>Y es que le ha salido muy bien al Secretario General de la Secci\u00f3n 30 crear la enfermedad para despu\u00e9s ofrecer la medicina y as\u00ed mata tres p\u00e1jaros con una misma pedrada: (1) Sacude a la gente que es antag\u00f3nica a su grupo (2) Se lleva los aplausos al presentarse como \u201capagafuego\u201d del conflicto que el propio <strong>ARNULFO<\/strong> cre\u00f3 y\u2026 (3) Pone a su \u201cracita\u201d en los lugares por los que busc\u00f3 se dieran las vacantes\u2026 \u00a1<strong><em>Ch\u00fapale pich\u00f3n<\/em><\/strong>!<\/p>\n<p>Hasta el momento, no se sabe si <strong>MIGUEL \u00c1NGEL VALDEZ GARC\u00cdA<\/strong> peca de \u201cinocente\u201d ante un voraz y astuto dirigente sindical del Magisterio como es <strong>ARNULFO<\/strong> o lo ha dejado ser y dejado pasar para despu\u00e9s jalar de la cuerda y hacer que <strong>ARNULFO<\/strong> se clave el anzuelo para neutralizarlo de cara al pr\u00f3ximo proceso renovador de la Secci\u00f3n 30 del SNTE\u2026 \u00a1<strong><em>AyWey<\/em><\/strong>!<\/p>\n<p><strong>ARNULFO<\/strong> trae mucha cuerda, sin duda, y est\u00e1 jugando como le gusta, presume que mangonea a <strong>MIGUEL \u00c1NGEL<\/strong>, y eso se lo celebra su \u201cracita\u201d, los que aseguran que le est\u00e1n picando los ojos al titular de la SET y le van comiendo el mandado, hasta meter todos los t\u00f3xicos tent\u00e1culos arnulfistas en cada rinc\u00f3n de la Secretar\u00eda de Educaci\u00f3n\u2026 \u00a1<strong><em>Calla pes\u00e1o<\/em><\/strong>!<\/p>\n<p>El cinismo y la desverg\u00fcenza de la \u201cracita\u201d de <strong>ARNULFO<\/strong> es tal, que se han mofado diciendo que mientras <strong>MIGUEL \u00c1NGEL<\/strong> se la pasa rezando el Rosario, con eso de la Celebraci\u00f3n de la Virgen de Guadalupe en M\u00e9xico, la Secci\u00f3n 30 desat\u00f3 los demonios en varias escuelas tamaulipecas\u2026<\/p>\n<p>Ojal\u00e1 que los asesores del Secretario de Educaci\u00f3n en Tamaulipas (SET) abran bien los ojos y paren las orejas porque tarde que temprano los \u00fanicos afectados ser\u00e1n <strong>MIGUEL \u00c1NGEL VALDEZ GARC\u00cdA<\/strong> y la educaci\u00f3n cueruda con esa operaci\u00f3n arnulfista\u2026 \u00a1<strong><em>Ostias t\u00edo de la Virgen santa<\/em><\/strong>!<\/p>\n<p>En otro tema, el alcalde de Ciudad Victoria, <strong>EDUARDO GATT\u00c1S B\u00c1EZ<\/strong>, con 350 elementos polic\u00edacos, de protecci\u00f3n y auxilio, dio el banderazo al operativo navide\u00f1o 2025, para reforzar la seguridad de residentes y visitantes a la Capital durante la \u00e9poca decembrina.<\/p>\n<p><strong>GATT\u00c1S<\/strong> dijo que dicho operativo busca garantizar un ambiente seguro, sin temor y con plena libertad durante la mayor movilidad comercial del a\u00f1o, por lo que se despleg\u00f3 personal y unidades t\u00e1cticas de la Guardia Nacional y Estatal, SEDENA, SEMAR, FGJT, as\u00ed como Tr\u00e1nsito y Vialidad, adem\u00e1s de Protecci\u00f3n Civil.<\/p>\n<p><strong>LA GUILLOTINA: DICHOS Y DESDICHOS<\/strong><\/p>\n<p><strong>++ANDAN DICIENDO QUE\u2026 <\/strong>Para muchos s\u00f3lo fue una visita de cortes\u00eda, un acercamiento natural en el traj\u00edn de la vida p\u00fablica de Tamaulipas; para otros, dicho acercamiento oli\u00f3 a \u201coperaci\u00f3n pol\u00edtica\u201d de un barco que tiene como puerto el 2028\u2026 <strong>CUENTAN QUE\u2026<\/strong> El acercamiento del subdelegado de Administraci\u00f3n del Instituto de Seguridad y Servicios Sociales para los Trabajadores del Estado en Tamaulipas (Issste), <strong>LUIS FERNANDO MANSILLA BERNAL<\/strong>, con la presidenta del Poder Judicial estatal, <strong>TANIA GISELA CONTRERAS L\u00d3PEZ<\/strong>, tiene muchos \u201casegunes\u201d\u2026 <strong>TAMBI\u00c9N CUENTAN QUE\u2026 <\/strong>Es imposible no tener elucubraciones si se antepone que <strong>MANSILLA<\/strong> fue operador pol\u00edtico del fallido excandidato a la gubernatura del PRI, <strong>BALTAZAR HINOJOSA OCHOA<\/strong> y <strong>TANIA CONTRERAS<\/strong> tiene cierto \u201cinter\u00e9s\u201d en 2028\u2026 \u00a1<strong><em>Calla pes\u00e1o<\/em><\/strong>!<\/p>\n<p><strong>++ANDAN DICIENDO QUE\u2026<\/strong> Para bien de Morena y la \u201cracita guinda\u201d en Tamaulipas, ojal\u00e1 que las denuncias en contra del exgobernador panista, <strong>FRANCISCO GARC\u00cdA CABEZA DE VACA<\/strong>, lleguen a buen puerto y el texano\/reynosense sea llamado a cuentas\u2026 <strong>CUENTAN QUE\u2026<\/strong> Si presuntamente <strong>CABEZA DE VACA<\/strong> ya no tiene la protecci\u00f3n del Poder Judicial tanto federal como estatal, tiene toneladas de demandas en su contra, como las de Salud, por huachicol fiscal y hasta podr\u00eda ser extraditado, de no conseguirse ninguna qui\u00e9n pagar\u00eda el costo pol\u00edtico en el 2027 ser\u00eda Morena y de paso sus aliados\u2026 <strong>TAMBI\u00c9N CUENTAN QUE\u2026<\/strong> El exgobernador sabe que las debe, pero tambi\u00e9n sabe que puede salir bien librado si abogados \u201cgringos\u201d meten sus manos en los procesos evocando el manto protector de su ciudadan\u00eda, lo que dejar\u00eda mal parado a Morena en M\u00e9xico y en una de esas hasta se convierte en m\u00e1rtir, presuntamente logrando un regreso \u201ctriunfal\u201d a Tamaulipas\u2026 \u00bf<strong>Ser\u00e1<\/strong>?<\/p>\n<p><strong>++ANDAN DICIENDO QUE\u2026<\/strong> A quien le pusieron este lunes un puente de plata fue a lo que queda del fiscal general de Justicia, <strong>IRVING BARRIOS MOJICA<\/strong>, que s\u00f3lo falt\u00f3 para que le tocaran las golondrinas en el 77 Batall\u00f3n de Infanter\u00eda en Ciudad Victoria\u2026 <strong>CUENTAN QUE\u2026 <\/strong>El gobernador<strong> AM\u00c9RICO VILLARREAL ANAYA<\/strong> fue muy generoso con lo que queda del todav\u00eda Fiscal General, quien el pr\u00f3ximo 15 de diciembre ceder\u00e1 su lugar a <strong>JES\u00daS EDUARDO GOVEA OROZCO<\/strong>, quien se convertir\u00e1 en el Fiscal de hierro\u2026 <strong>TAMBI\u00c9N CUENTAN QUE\u2026<\/strong> Con la experiencia en la Fiscal\u00eda anticorrupci\u00f3n de <strong>GOVEA OROZCO<\/strong> y su llegada a la Fiscal\u00eda general, todo apunta a que aterrizar\u00e1 con un manotazo en la mesa y qui\u00e9n cree que ser\u00e1 el primero en caer\u2026 le doy una pista, huele a establo vacuno&#8230; \u00a1<strong><em>Santas Batiadivinanzas<\/em><\/strong>!<\/p>\n<p>En otro tema, el alcalde de Reynosa, <strong>CARLOS PE\u00d1A ORTIZ<\/strong>, presidi\u00f3 el Concurso Nacional de Bandas de Guerra 2025, con la presencia de <strong>MOIS\u00c9S SALAS ORTEGA<\/strong>, presidente de la Federaci\u00f3n Mexicana de Bandas de Guerra y la participaci\u00f3n de equipos en categor\u00edas Primaria, Secundaria, Bachillerato y Libre.<\/p>\n<p>\u201c<em>Padres de familia, Maestros, much\u00edsimas gracias por acompa\u00f1arnos aqu\u00ed en su casa, en la frontera tamaulipeca. Agradezco tambi\u00e9n a todos los participantes de aqu\u00ed del municipio y a los que hicieron posible este nacional en Reynosa. Al Maestro Mois\u00e9s, gracias por su trabajo<\/em>\u201d, dijo en su mensaje <strong>PE\u00d1A ORTIZ<\/strong>.<\/p>\n<p>Adem\u00e1s, el Edil fue invitado de lujo del magisterio en la Posada Navide\u00f1a de la Secretar\u00eda de Organizaci\u00f3n II del SNTE, en donde <strong>PE\u00d1A ORTIZ<\/strong> resalt\u00f3 que el Magisterio es clave para el desarrollo de Reynosa, puesto que son quienes forman, inspiran y acompa\u00f1an a las ni\u00f1as, ni\u00f1os y j\u00f3venes en su aprendizaje y en su futuro.<\/p>\n<p><strong>GRACIAS\u2026<\/strong> Nos leemos hasta ma\u00f1ana<\/p>\n<p><strong>COMENTARIOS<\/strong>: <a href=\"mailto:letrasprohibidas2011@hotmail.com\">letrasprohibidas2011@hotmail.com<\/a><\/p>\n","protected":false},"excerpt":{"rendered":"<p>RECONSTRUCCI\u00d3N DE TAMAULIPAS NO TIENE FRENO\u2026 El gobernador AM\u00c9RICO VILLARREAL ANAYA hizo un llamado a seguir construyendo el segundo piso de la transformaci\u00f3n que es un movimiento s\u00f3lido, con liderazgo y con la esperanza m\u00e1s viva que nunca, a siete a\u00f1os de su inicio y luego de asistir al evento que encabez\u00f3 la presidenta de [&hellip;]<\/p>\n","protected":false},"author":1,"featured_media":214894,"comment_status":"closed","ping_status":"closed","sticky":false,"template":"","format":"standard","meta":{"footnotes":""},"categories":[25],"tags":[],"class_list":["post-215994","post","type-post","status-publish","format-standard","has-post-thumbnail","hentry","category-leyyorden"],"_links":{"self":[{"href":"https:\/\/www.elsinodaldetamaulipas.com.mx\/index.php?rest_route=\/wp\/v2\/posts\/215994","targetHints":{"allow":["GET"]}}],"collection":[{"href":"https:\/\/www.elsinodaldetamaulipas.com.mx\/index.php?rest_route=\/wp\/v2\/posts"}],"about":[{"href":"https:\/\/www.elsinodaldetamaulipas.com.mx\/index.php?rest_route=\/wp\/v2\/types\/post"}],"author":[{"embeddable":true,"href":"https:\/\/www.elsinodaldetamaulipas.com.mx\/index.php?rest_route=\/wp\/v2\/users\/1"}],"replies":[{"embeddable":true,"href":"https:\/\/www.elsinodaldetamaulipas.com.mx\/index.php?rest_route=%2Fwp%2Fv2%2Fcomments&post=215994"}],"version-history":[{"count":1,"href":"https:\/\/www.elsinodaldetamaulipas.com.mx\/index.php?rest_route=\/wp\/v2\/posts\/215994\/revisions"}],"predecessor-version":[{"id":215995,"href":"https:\/\/www.elsinodaldetamaulipas.com.mx\/index.php?rest_route=\/wp\/v2\/posts\/215994\/revisions\/215995"}],"wp:featuredmedia":[{"embeddable":true,"href":"https:\/\/www.elsinodaldetamaulipas.com.mx\/index.php?rest_route=\/wp\/v2\/media\/214894"}],"wp:attachment":[{"href":"https:\/\/www.elsinodaldetamaulipas.com.mx\/index.php?rest_route=%2Fwp%2Fv2%2Fmedia&parent=215994"}],"wp:term":[{"taxonomy":"category","embeddable":true,"href":"https:\/\/www.elsinodaldetamaulipas.com.mx\/index.php?rest_route=%2Fwp%2Fv2%2Fcategories&post=215994"},{"taxonomy":"post_tag","embeddable":true,"href":"https:\/\/www.elsinodaldetamaulipas.com.mx\/index.php?rest_route=%2Fwp%2Fv2%2Ftags&post=215994"}],"curies":[{"name":"wp","href":"https:\/\/api.w.org\/{rel}","templated":true}]}}