{"id":215996,"date":"2025-12-09T00:18:12","date_gmt":"2025-12-09T04:18:12","guid":{"rendered":"https:\/\/www.elsinodaldetamaulipas.com.mx\/?p=215996"},"modified":"2025-12-09T00:18:50","modified_gmt":"2025-12-09T04:18:50","slug":"fortalecen-servicios-publicos-basicos-de-veracruz","status":"publish","type":"post","link":"https:\/\/www.elsinodaldetamaulipas.com.mx\/?p=215996","title":{"rendered":"FORTALECEN SERVICIOS P\u00daBLICOS BASICOS DE VERACRUZ"},"content":{"rendered":"<p><em>EL SINODAL DE TAMAULIPAS<\/em><\/p>\n<p><em><strong>Poza Rica, Veracruz.\u2013<\/strong><\/em> Petr\u00f3leos Mexicanos (Pemex) entreg\u00f3 24 veh\u00edculos especializados como ambulancias, camiones de bomberos, recolectores de basura, pipas, camiones para desazolve tipo v\u00e1ctor, con el objetivo de fortalecer los servicios p\u00fablicos b\u00e1sicos de 15 municipios del estado de Veracruz.<\/p>\n<p><img loading=\"lazy\" decoding=\"async\" class=\"aligncenter wp-image-215998 size-full\" src=\"https:\/\/www.elsinodaldetamaulipas.com.mx\/wp-content\/uploads\/2025\/12\/APORTE-2.jpg\" alt=\"\" width=\"894\" height=\"487\" srcset=\"https:\/\/www.elsinodaldetamaulipas.com.mx\/wp-content\/uploads\/2025\/12\/APORTE-2.jpg 894w, https:\/\/www.elsinodaldetamaulipas.com.mx\/wp-content\/uploads\/2025\/12\/APORTE-2-300x163.jpg 300w, https:\/\/www.elsinodaldetamaulipas.com.mx\/wp-content\/uploads\/2025\/12\/APORTE-2-768x418.jpg 768w\" sizes=\"auto, (max-width: 894px) 100vw, 894px\" \/><\/p>\n<p>Esto se suma a las acciones sociales que Pemex llev\u00f3 a cabo en beneficio de los municipios que fueron afectados en \u00c1lamo Temapache y Poza Rica, Veracruz, por la emergencia ocasionada a causa de las lluvias registradas el pasado mes de octubre, entre las que resaltan la operaci\u00f3n de Unidades M\u00e9dicas M\u00f3viles, la entrega de despensas, tinacos, agua potable y el apoyo con maquinaria para la limpieza, entre otros.<\/p>\n<p>&nbsp;<\/p>\n<p>Dicha entrega se realiz\u00f3 en la explanada del edificio administrativo de la Regi\u00f3n Norte de Pemex, en presencia de la gobernadora del estado, Roc\u00edo Nahle Garc\u00eda; el gerente de Responsabilidad Social de Pemex, C\u00e9sar Ra\u00fal Ojeda Zubieta; el coordinador general de Administraci\u00f3n y Servicios, Tonatiuh Salazar Torres, quien acudi\u00f3 en representaci\u00f3n de la Dra. Marcela Villegas Silva, directora de Administraci\u00f3n y Servicios. Asimismo, al evento asisti\u00f3 el subdirector de Extracci\u00f3n Regi\u00f3n Norte, Faustino Fuentes Nucamendi y alcaldes que se vieron beneficiados por dichos apoyos.<\/p>\n<p><img loading=\"lazy\" decoding=\"async\" class=\"aligncenter wp-image-215999 size-full\" src=\"https:\/\/www.elsinodaldetamaulipas.com.mx\/wp-content\/uploads\/2025\/12\/APORTE-3.jpg\" alt=\"\" width=\"894\" height=\"487\" srcset=\"https:\/\/www.elsinodaldetamaulipas.com.mx\/wp-content\/uploads\/2025\/12\/APORTE-3.jpg 894w, https:\/\/www.elsinodaldetamaulipas.com.mx\/wp-content\/uploads\/2025\/12\/APORTE-3-300x163.jpg 300w, https:\/\/www.elsinodaldetamaulipas.com.mx\/wp-content\/uploads\/2025\/12\/APORTE-3-768x418.jpg 768w\" sizes=\"auto, (max-width: 894px) 100vw, 894px\" \/><\/p>\n<p>Pemex refrenda su compromiso de responsabilidad social realizando acciones que contribuyan a mejorar la calidad de vida de las personas que habitan en los municipios donde tiene presencia<\/p>\n","protected":false},"excerpt":{"rendered":"<p>EL SINODAL DE TAMAULIPAS Poza Rica, Veracruz.\u2013 Petr\u00f3leos Mexicanos (Pemex) entreg\u00f3 24 veh\u00edculos especializados como ambulancias, camiones de bomberos, recolectores de basura, pipas, camiones para desazolve tipo v\u00e1ctor, con el objetivo de fortalecer los servicios p\u00fablicos b\u00e1sicos de 15 municipios del estado de Veracruz. Esto se suma a las acciones sociales que Pemex llev\u00f3 a [&hellip;]<\/p>\n","protected":false},"author":1,"featured_media":215997,"comment_status":"closed","ping_status":"closed","sticky":false,"template":"","format":"standard","meta":{"footnotes":""},"categories":[4],"tags":[],"class_list":["post-215996","post","type-post","status-publish","format-standard","has-post-thumbnail","hentry","category-nacional"],"_links":{"self":[{"href":"https:\/\/www.elsinodaldetamaulipas.com.mx\/index.php?rest_route=\/wp\/v2\/posts\/215996","targetHints":{"allow":["GET"]}}],"collection":[{"href":"https:\/\/www.elsinodaldetamaulipas.com.mx\/index.php?rest_route=\/wp\/v2\/posts"}],"about":[{"href":"https:\/\/www.elsinodaldetamaulipas.com.mx\/index.php?rest_route=\/wp\/v2\/types\/post"}],"author":[{"embeddable":true,"href":"https:\/\/www.elsinodaldetamaulipas.com.mx\/index.php?rest_route=\/wp\/v2\/users\/1"}],"replies":[{"embeddable":true,"href":"https:\/\/www.elsinodaldetamaulipas.com.mx\/index.php?rest_route=%2Fwp%2Fv2%2Fcomments&post=215996"}],"version-history":[{"count":1,"href":"https:\/\/www.elsinodaldetamaulipas.com.mx\/index.php?rest_route=\/wp\/v2\/posts\/215996\/revisions"}],"predecessor-version":[{"id":216000,"href":"https:\/\/www.elsinodaldetamaulipas.com.mx\/index.php?rest_route=\/wp\/v2\/posts\/215996\/revisions\/216000"}],"wp:featuredmedia":[{"embeddable":true,"href":"https:\/\/www.elsinodaldetamaulipas.com.mx\/index.php?rest_route=\/wp\/v2\/media\/215997"}],"wp:attachment":[{"href":"https:\/\/www.elsinodaldetamaulipas.com.mx\/index.php?rest_route=%2Fwp%2Fv2%2Fmedia&parent=215996"}],"wp:term":[{"taxonomy":"category","embeddable":true,"href":"https:\/\/www.elsinodaldetamaulipas.com.mx\/index.php?rest_route=%2Fwp%2Fv2%2Fcategories&post=215996"},{"taxonomy":"post_tag","embeddable":true,"href":"https:\/\/www.elsinodaldetamaulipas.com.mx\/index.php?rest_route=%2Fwp%2Fv2%2Ftags&post=215996"}],"curies":[{"name":"wp","href":"https:\/\/api.w.org\/{rel}","templated":true}]}}