{"id":216001,"date":"2025-12-09T11:54:18","date_gmt":"2025-12-09T15:54:18","guid":{"rendered":"https:\/\/www.elsinodaldetamaulipas.com.mx\/?p=216001"},"modified":"2025-12-09T11:54:18","modified_gmt":"2025-12-09T15:54:18","slug":"profesionistas-uttn-dan-testimonio-de-experiencias","status":"publish","type":"post","link":"https:\/\/www.elsinodaldetamaulipas.com.mx\/?p=216001","title":{"rendered":"PROFESIONISTAS UTTN DAN TESTIMONIO DE EXPERIENCIAS"},"content":{"rendered":"<p><em>EL SINODAL DE TAMAULIPAS<\/em><\/p>\n<p><strong>Reynosa, Tamaulipas. \u2013<\/strong> Egresados de la Universidad Tecnol\u00f3gica de Tamaulipas Norte (UTTN), que dirige el rector Mtro. Edgar Garza Hern\u00e1ndez, participaron en el \u201cSegundo Foro de Egresados de la UTTN\u201d, donde compartieron con estudiantes sus experiencias y trayectoria en el \u00e1mbito laboral.<\/p>\n<p>&nbsp;<\/p>\n<p>El encuentro tuvo como prop\u00f3sito fortalecer la orientaci\u00f3n profesional de los alumnos, a trav\u00e9s de consejos pr\u00e1cticos sobre c\u00f3mo aprovechar al m\u00e1ximo su formaci\u00f3n acad\u00e9mica, evitar errores comunes, desarrollar habilidades blandas y reforzar conocimientos mediante microcredenciales.<\/p>\n<p><img loading=\"lazy\" decoding=\"async\" class=\"aligncenter wp-image-216003 size-full\" src=\"https:\/\/www.elsinodaldetamaulipas.com.mx\/wp-content\/uploads\/2025\/12\/EXITOSO-2.jpg\" alt=\"\" width=\"894\" height=\"487\" srcset=\"https:\/\/www.elsinodaldetamaulipas.com.mx\/wp-content\/uploads\/2025\/12\/EXITOSO-2.jpg 894w, https:\/\/www.elsinodaldetamaulipas.com.mx\/wp-content\/uploads\/2025\/12\/EXITOSO-2-300x163.jpg 300w, https:\/\/www.elsinodaldetamaulipas.com.mx\/wp-content\/uploads\/2025\/12\/EXITOSO-2-768x418.jpg 768w\" sizes=\"auto, (max-width: 894px) 100vw, 894px\" \/><\/p>\n<p>El rector de la UTTN moder\u00f3 el foro y condujo la conversaci\u00f3n con preguntas clave orientadas a la reflexi\u00f3n y al intercambio de experiencias. Entre ellas, destac\u00f3 las recomendaciones de los ponentes para que los estudiantes concluyan satisfactoriamente su carrera, as\u00ed como los relatos sobre los retos y aprendizajes que enfrentaron al conseguir su primer empleo.<\/p>\n<p>&nbsp;<\/p>\n<p>El foro reuni\u00f3 a cinco egresados destacados, cada uno con una trayectoria distinta pero un mismo inter\u00e9s por compartir su camino profesional. Entre ellos se encontraba el Ing. Rodolfo Gonz\u00e1lez Robles, egresado de la carrera de Mecatr\u00f3nica, quien actualmente forma parte de la Comisi\u00f3n Federal de Electricidad como supervisor y auditor en la construcci\u00f3n de redes de media y baja tensi\u00f3n.<\/p>\n<p><img loading=\"lazy\" decoding=\"async\" class=\"aligncenter wp-image-216004 size-full\" src=\"https:\/\/www.elsinodaldetamaulipas.com.mx\/wp-content\/uploads\/2025\/12\/EXITOSO-3.jpg\" alt=\"\" width=\"894\" height=\"487\" srcset=\"https:\/\/www.elsinodaldetamaulipas.com.mx\/wp-content\/uploads\/2025\/12\/EXITOSO-3.jpg 894w, https:\/\/www.elsinodaldetamaulipas.com.mx\/wp-content\/uploads\/2025\/12\/EXITOSO-3-300x163.jpg 300w, https:\/\/www.elsinodaldetamaulipas.com.mx\/wp-content\/uploads\/2025\/12\/EXITOSO-3-768x418.jpg 768w\" sizes=\"auto, (max-width: 894px) 100vw, 894px\" \/><\/p>\n<p>Tambi\u00e9n particip\u00f3 Luis \u00c1ngel Jim\u00e9nez Mart\u00ednez, egresado de Mantenimiento Industrial, quien decidi\u00f3 emprender y hoy dirige su propia empresa, Protocase, desde donde impulsa soluciones innovadoras en su sector.<\/p>\n<p>&nbsp;<\/p>\n<p>La Ing. Karen Arianna Flores Elizondo, profesional de Administraci\u00f3n y Gesti\u00f3n de Proyectos, comparti\u00f3 su experiencia como coordinadora y supervisora en el Hospital Veterinario Municipal, donde combina la gesti\u00f3n con el servicio comunitario.<\/p>\n<p><img loading=\"lazy\" decoding=\"async\" class=\"alignleft wp-image-216005 size-full\" src=\"https:\/\/www.elsinodaldetamaulipas.com.mx\/wp-content\/uploads\/2025\/12\/EXITOSO-4.jpg\" alt=\"\" width=\"894\" height=\"487\" srcset=\"https:\/\/www.elsinodaldetamaulipas.com.mx\/wp-content\/uploads\/2025\/12\/EXITOSO-4.jpg 894w, https:\/\/www.elsinodaldetamaulipas.com.mx\/wp-content\/uploads\/2025\/12\/EXITOSO-4-300x163.jpg 300w, https:\/\/www.elsinodaldetamaulipas.com.mx\/wp-content\/uploads\/2025\/12\/EXITOSO-4-768x418.jpg 768w\" sizes=\"auto, (max-width: 894px) 100vw, 894px\" \/><\/p>\n<p>A su vez, el Ing. Miguel \u00c1ngel Rojas Vel\u00e1zquez, egresado de Energ\u00edas Renovables, relat\u00f3 su labor como gerente de proyectos en GOTAM Maintenance, una posici\u00f3n que le permite participar en iniciativas orientadas al uso eficiente de la energ\u00eda.<\/p>\n<p>&nbsp;<\/p>\n<p>Finalmente, el Ing. Rub\u00e9n Rams\u00e9s Mora T\u00e9llez, especialista en Tecnolog\u00edas de la Informaci\u00f3n, expuso su visi\u00f3n desde su rol como director del Departamento de Tecnolog\u00edas en Virtual Desk, empresa en la que impulsa soluciones digitales y procesos de innovaci\u00f3n.<\/p>\n","protected":false},"excerpt":{"rendered":"<p>EL SINODAL DE TAMAULIPAS Reynosa, Tamaulipas. \u2013 Egresados de la Universidad Tecnol\u00f3gica de Tamaulipas Norte (UTTN), que dirige el rector Mtro. Edgar Garza Hern\u00e1ndez, participaron en el \u201cSegundo Foro de Egresados de la UTTN\u201d, donde compartieron con estudiantes sus experiencias y trayectoria en el \u00e1mbito laboral. &nbsp; El encuentro tuvo como prop\u00f3sito fortalecer la orientaci\u00f3n [&hellip;]<\/p>\n","protected":false},"author":1,"featured_media":216002,"comment_status":"closed","ping_status":"closed","sticky":false,"template":"","format":"standard","meta":{"footnotes":""},"categories":[1,2],"tags":[],"class_list":["post-216001","post","type-post","status-publish","format-standard","has-post-thumbnail","hentry","category-portada","category-reynosa"],"_links":{"self":[{"href":"https:\/\/www.elsinodaldetamaulipas.com.mx\/index.php?rest_route=\/wp\/v2\/posts\/216001","targetHints":{"allow":["GET"]}}],"collection":[{"href":"https:\/\/www.elsinodaldetamaulipas.com.mx\/index.php?rest_route=\/wp\/v2\/posts"}],"about":[{"href":"https:\/\/www.elsinodaldetamaulipas.com.mx\/index.php?rest_route=\/wp\/v2\/types\/post"}],"author":[{"embeddable":true,"href":"https:\/\/www.elsinodaldetamaulipas.com.mx\/index.php?rest_route=\/wp\/v2\/users\/1"}],"replies":[{"embeddable":true,"href":"https:\/\/www.elsinodaldetamaulipas.com.mx\/index.php?rest_route=%2Fwp%2Fv2%2Fcomments&post=216001"}],"version-history":[{"count":1,"href":"https:\/\/www.elsinodaldetamaulipas.com.mx\/index.php?rest_route=\/wp\/v2\/posts\/216001\/revisions"}],"predecessor-version":[{"id":216006,"href":"https:\/\/www.elsinodaldetamaulipas.com.mx\/index.php?rest_route=\/wp\/v2\/posts\/216001\/revisions\/216006"}],"wp:featuredmedia":[{"embeddable":true,"href":"https:\/\/www.elsinodaldetamaulipas.com.mx\/index.php?rest_route=\/wp\/v2\/media\/216002"}],"wp:attachment":[{"href":"https:\/\/www.elsinodaldetamaulipas.com.mx\/index.php?rest_route=%2Fwp%2Fv2%2Fmedia&parent=216001"}],"wp:term":[{"taxonomy":"category","embeddable":true,"href":"https:\/\/www.elsinodaldetamaulipas.com.mx\/index.php?rest_route=%2Fwp%2Fv2%2Fcategories&post=216001"},{"taxonomy":"post_tag","embeddable":true,"href":"https:\/\/www.elsinodaldetamaulipas.com.mx\/index.php?rest_route=%2Fwp%2Fv2%2Ftags&post=216001"}],"curies":[{"name":"wp","href":"https:\/\/api.w.org\/{rel}","templated":true}]}}