{"id":216011,"date":"2025-12-09T14:53:39","date_gmt":"2025-12-09T18:53:39","guid":{"rendered":"https:\/\/www.elsinodaldetamaulipas.com.mx\/?p=216011"},"modified":"2025-12-09T19:52:51","modified_gmt":"2025-12-09T23:52:51","slug":"ubicado-segundo-sospechoso-de-crimen-del-regidor","status":"publish","type":"post","link":"https:\/\/www.elsinodaldetamaulipas.com.mx\/?p=216011","title":{"rendered":"UBICADO SEGUNDO SOSPECHOSO DE CRIMEN DEL REGIDOR"},"content":{"rendered":"<p><strong>P<\/strong><em><strong>or Juan Carlos Rodriguez Terrazas\/EL SINODAL DE TAMAULIPAS<\/strong><\/em><\/p>\n<p>Reynosa, Tam.- La versi\u00f3n inicial de la muerte del regidor Brayan Nicol\u00e1s Vicente Salinas, sobre un ataque a golpes en el interior de un bar, obedece a la estrategia que la Secretaria de Seguridad Ciudadana de la ciudad de M\u00e9xico, hizo correr en medios informativos para influir confianza y evitar la huida de sus verdaderos asesinos.<\/p>\n<p>Esto sali\u00f3 a relucir luego de que el titular de la SSC Pablo V\u00e1zquez presentara ayer a los comunicadores a Yael \u201cN\u201d, uno de los dos \u00fanicos sospechosos en el crimen del joven integrante del cuerpo edilicio de Reynosa, informando que el otro presunto ya se encuentra debidamente identificado y ubicado en su escondite a pocas horas de ser aprehendido.<\/p>\n<p style=\"text-align: center;\"><strong><img loading=\"lazy\" decoding=\"async\" class=\"aligncenter wp-image-216014 size-full\" src=\"https:\/\/www.elsinodaldetamaulipas.com.mx\/wp-content\/uploads\/2025\/12\/BRAYAN-2.jpg\" alt=\"\" width=\"894\" height=\"487\" srcset=\"https:\/\/www.elsinodaldetamaulipas.com.mx\/wp-content\/uploads\/2025\/12\/BRAYAN-2.jpg 894w, https:\/\/www.elsinodaldetamaulipas.com.mx\/wp-content\/uploads\/2025\/12\/BRAYAN-2-300x163.jpg 300w, https:\/\/www.elsinodaldetamaulipas.com.mx\/wp-content\/uploads\/2025\/12\/BRAYAN-2-768x418.jpg 768w\" sizes=\"auto, (max-width: 894px) 100vw, 894px\" \/>LA CL\u00c1SICA<\/strong><\/p>\n<p>\u00a0\u00a0\u00a0\u00a0\u00a0\u00a0\u00a0\u00a0\u00a0\u00a0\u00a0 Seg\u00fan la versi\u00f3n oficial de las autoridades policiacas de la Delegaci\u00f3n \u201cGustavo A. Madero\u201d los delincuentes habr\u00edan convencido a Brayan de que les permitiera pasar la noche del s\u00e1bado en su departamento en el n\u00famero 27 de Paseo de la Reforma en la colonia Tabacalera, pero ya estando all\u00ed lo obligaron a ingerir un refresco al que aplicaron un somn\u00edfero aprovechando para vaciarle sus cuentas.<\/p>\n<p>La identificaci\u00f3n de los amigos ocasionales se logr\u00f3 cuando se conoci\u00f3 el video de su ingreso y posterior salida del complejo de apartamentos, que habitualmente rentaban los sindicalistas de SIAMARM en sus constantes viajes a la capital.<\/p>\n<p style=\"text-align: center;\"><strong>HABLARON A AMIGOS<\/strong><\/p>\n<p>\u00a0\u00a0\u00a0\u00a0\u00a0\u00a0\u00a0\u00a0\u00a0\u00a0\u00a0 El tel\u00e9fono del hoy occiso tambi\u00e9n fue manipulado enviando mensajes, solicitando dinero a sus amistades y familiares lo que se hizo raro a muchos de estos que se encontraban en la misma ciudad de M\u00e9xico, a donde hab\u00edan acudido para estar en un evento pol\u00edtico de la presidencia de la rep\u00fablica, mismo que se efectu\u00f3 la ma\u00f1ana del mismo s\u00e1bado.<\/p>\n<p>Esta \u00faltima acci\u00f3n encendi\u00f3 las alarmas, inici\u00e1ndose la b\u00fasqueda del inmolado de 27 a\u00f1os de edad, quien era coordinador de la Comisi\u00f3n de Equidad de G\u00e9nero en el cabildo que preside Carlos Pe\u00f1a Ortiz.<\/p>\n<p><strong><img loading=\"lazy\" decoding=\"async\" class=\"aligncenter wp-image-216022 size-full\" src=\"https:\/\/www.elsinodaldetamaulipas.com.mx\/wp-content\/uploads\/2025\/12\/REBUENA.jpg\" alt=\"\" width=\"894\" height=\"487\" srcset=\"https:\/\/www.elsinodaldetamaulipas.com.mx\/wp-content\/uploads\/2025\/12\/REBUENA.jpg 894w, https:\/\/www.elsinodaldetamaulipas.com.mx\/wp-content\/uploads\/2025\/12\/REBUENA-300x163.jpg 300w, https:\/\/www.elsinodaldetamaulipas.com.mx\/wp-content\/uploads\/2025\/12\/REBUENA-768x418.jpg 768w\" sizes=\"auto, (max-width: 894px) 100vw, 894px\" \/><\/strong><\/p>\n<p style=\"text-align: center;\"><strong>ASESINOS SIN ESCAPATORIA<\/strong><\/p>\n<p>\u00a0\u00a0\u00a0\u00a0\u00a0\u00a0\u00a0\u00a0\u00a0\u00a0\u00a0 Seg\u00fan reporte del Gabinete de Seguridad de la alcald\u00eda Gustavo A. Madero, donde se llev\u00f3 a cabo la detenci\u00f3n de \u201cYael\u201d el \u00fanico sospechoso aprehendido hasta hoy, y quien es un reincidente distribuidor de droga en el sector tur\u00edstico de la ciudad de M\u00e9xico, a este se le encontraron en su banca m\u00f3vil numerosas transferencias exitosas que este individuo habr\u00eda logrado hacer en la madrugada del domingo.<\/p>\n<p>Las primeras muestras encontradas en la sangre de Brayan indican que la muerte habr\u00eda sido ocasionada por la ingesta de un potente somn\u00edfero misma que caus\u00f3 su muerte al producirle un paro cardio-respiratorio.<\/p>\n<p style=\"text-align: center;\"><strong>OCCISO NO ERA ADICTO<\/strong><\/p>\n<p>\u00a0\u00a0\u00a0\u00a0\u00a0\u00a0\u00a0\u00a0\u00a0\u00a0\u00a0 Al \u00fanico detenido se le decomisaron al momento de su captura este lunes, 31 bolsitas conteniendo marihuana y kristal, a las que su v\u00edctima NO era adicto.<\/p>\n<p>En las pr\u00f3ximas horas se espera el arribo a Reynosa del cuerpo de Brayan, quien es esperado por un gran contingente de trabajadores miembros del Sindicatura Industrial Aut\u00f3nomo de Maquiladoras de la Rep\u00fablica Mexicana en Reynosa y de miembros de la comunidad LGBT+ de la que era integrante, mismas que han reaccionado con indignaci\u00f3n por el atroz crimen consumado en su contra.<\/p>\n<p style=\"text-align: center;\"><strong>M\u00daLTIPLES CONDOLENCIAS<\/strong><\/p>\n<p>\u00a0\u00a0\u00a0\u00a0\u00a0\u00a0\u00a0\u00a0\u00a0\u00a0\u00a0 El Secretario General de SIAMARM, licenciado Alberto Lara Bazald\u00faa, ha dispuesto todas las facilidades a la familia del inmolado, un joven inquieto. estudioso, trabajador y muy conectado a la gesti\u00f3n social de los seres vivos incluidas las plantas y los animalitos dom\u00e9sticos de quienes hizo su causa, lo que ha saturado las redes asociales de mensajes de condolencia y solidaridad en el dif\u00edcil trance.<\/p>\n<p>Su cuerpo sera velado a partir de las 4 de la tarde de este mi\u00e9rcoles en el parque funeral GAYOSSO de bulevar Hidalgo colonia Las Fuentes, siendo despedido el jueves a las 4 de la tarde.<\/p>\n<p>&nbsp;<\/p>\n<p>&nbsp;<\/p>\n<p>&nbsp;<\/p>\n","protected":false},"excerpt":{"rendered":"<p>Por Juan Carlos Rodriguez Terrazas\/EL SINODAL DE TAMAULIPAS Reynosa, Tam.- La versi\u00f3n inicial de la muerte del regidor Brayan Nicol\u00e1s Vicente Salinas, sobre un ataque a golpes en el interior de un bar, obedece a la estrategia que la Secretaria de Seguridad Ciudadana de la ciudad de M\u00e9xico, hizo correr en medios informativos para influir [&hellip;]<\/p>\n","protected":false},"author":1,"featured_media":216013,"comment_status":"closed","ping_status":"closed","sticky":false,"template":"","format":"standard","meta":{"footnotes":""},"categories":[1,2],"tags":[],"class_list":["post-216011","post","type-post","status-publish","format-standard","has-post-thumbnail","hentry","category-portada","category-reynosa"],"_links":{"self":[{"href":"https:\/\/www.elsinodaldetamaulipas.com.mx\/index.php?rest_route=\/wp\/v2\/posts\/216011","targetHints":{"allow":["GET"]}}],"collection":[{"href":"https:\/\/www.elsinodaldetamaulipas.com.mx\/index.php?rest_route=\/wp\/v2\/posts"}],"about":[{"href":"https:\/\/www.elsinodaldetamaulipas.com.mx\/index.php?rest_route=\/wp\/v2\/types\/post"}],"author":[{"embeddable":true,"href":"https:\/\/www.elsinodaldetamaulipas.com.mx\/index.php?rest_route=\/wp\/v2\/users\/1"}],"replies":[{"embeddable":true,"href":"https:\/\/www.elsinodaldetamaulipas.com.mx\/index.php?rest_route=%2Fwp%2Fv2%2Fcomments&post=216011"}],"version-history":[{"count":7,"href":"https:\/\/www.elsinodaldetamaulipas.com.mx\/index.php?rest_route=\/wp\/v2\/posts\/216011\/revisions"}],"predecessor-version":[{"id":216039,"href":"https:\/\/www.elsinodaldetamaulipas.com.mx\/index.php?rest_route=\/wp\/v2\/posts\/216011\/revisions\/216039"}],"wp:featuredmedia":[{"embeddable":true,"href":"https:\/\/www.elsinodaldetamaulipas.com.mx\/index.php?rest_route=\/wp\/v2\/media\/216013"}],"wp:attachment":[{"href":"https:\/\/www.elsinodaldetamaulipas.com.mx\/index.php?rest_route=%2Fwp%2Fv2%2Fmedia&parent=216011"}],"wp:term":[{"taxonomy":"category","embeddable":true,"href":"https:\/\/www.elsinodaldetamaulipas.com.mx\/index.php?rest_route=%2Fwp%2Fv2%2Fcategories&post=216011"},{"taxonomy":"post_tag","embeddable":true,"href":"https:\/\/www.elsinodaldetamaulipas.com.mx\/index.php?rest_route=%2Fwp%2Fv2%2Ftags&post=216011"}],"curies":[{"name":"wp","href":"https:\/\/api.w.org\/{rel}","templated":true}]}}