{"id":216024,"date":"2025-12-09T16:44:08","date_gmt":"2025-12-09T20:44:08","guid":{"rendered":"https:\/\/www.elsinodaldetamaulipas.com.mx\/?p=216024"},"modified":"2025-12-09T16:44:08","modified_gmt":"2025-12-09T20:44:08","slug":"brayan-nicolas","status":"publish","type":"post","link":"https:\/\/www.elsinodaldetamaulipas.com.mx\/?p=216024","title":{"rendered":"\u00abBRAYAN NICOL\u00c1S\u00bb"},"content":{"rendered":"<div dir=\"auto\">Martes 9 de diciembre 2025<\/div>\n<div dir=\"auto\"><\/div>\n<div dir=\"auto\">CONOCI A BRAYAN NICOLAS VICENTE SALINAS hace unos 8 a\u00f1os (2017). Al ingresar a escribir al Peri\u00f3dico \u201cEl Ma\u00f1ana\u201d, junto con EMMANUEL ZAMORA estaban a cargo del area de redes sociales y la pagina online del diario.<\/div>\n<div dir=\"auto\">DSPUES INICIAMOS UN PROYECTO informativo independiente \u201cReporteros sin Anestesia\u201d con SANDRA TOVAR y el Columnista, en donde BRAYAN y EMMANUEL eran los productores. Por all\u00ed del a\u00f1o 2018. ALBERTO LARA BAZALDUA los invit\u00f3 a colaborar con \u00e9l, era diputado local y secretario General en el Sindicato.<\/div>\n<div dir=\"auto\">EN LA PLANILLA AL CABILDO aparecieron como f\u00f3rmula de la 14 Regidur\u00eda al Cabildo de Reynosa 2024-2027. EMMANUEL ZAMORA como Titular y BRAYAN NICOLAS como Suplente.<\/div>\n<div dir=\"auto\">EN OCTUBRE DEL 2024. Iniciando la segunda administracion municipal de CARLOS PE\u00d1A ORTIZ. EMMANUEL solicit\u00f3 licencia y BRAYAN asumi\u00f3 la posici\u00f3n en el Cabildo, misma que desempe\u00f1\u00f3 con dignidad, eficiencia y sobrada capacidad, aun en su condici\u00f3n de joven y novel su actuaci\u00f3n en la pol\u00edtica.<\/div>\n<div dir=\"auto\">EL PASADO DOMINGO fue privado de su vida en la CDMX. Hasta hoy los avances en las investigaciones de este crimen, arrojan una terrible trama, en donde por horas fue secuestrado, despojado de sus pertenencias, dinero y extorsi\u00f3n sufrida a familiares y amigos suyos.<\/div>\n<div dir=\"auto\">CARLOS JIMENEZ. Conocido como el Reportero \u201cC4 JIMENEZ\u201d en un nuevo lance audaz de primicia informativa, logr\u00f3 obtener grabaciones de c\u00e1maras de circuito cerrado en cajeros autom\u00e1tico bancarios, y otros sitios, en donde se aprecia a BRAYAN NICOLAS acompa\u00f1ado de dos sujetos, todo indica que fueron sus captores y asesinos.<\/div>\n<div dir=\"auto\">AYER EN FORMA POR DEMAS MISERABLE y mezquina. Comunicaci\u00f3n Social Municipal que \u201ccoordina\u201d KARLA LUNA GONZALEZ, distribuy\u00f3 una \u201ctarjeta informativa\u201d, en donde lo que m\u00e1s resalt\u00f3 fue la insinuaci\u00f3n de haber sido un crimen pasional, aludiendo que fue encontrado sin vida en un departamento en Paseo de la Reforma, como si fuese necesario precisar el contexto y antecedente de su vida privada.<\/div>\n<div dir=\"auto\">ASI SE REPLICO dicha \u201ctarjeta informativa\u201d en forma insensible y en una aberrante revictimizaci\u00f3n.<\/div>\n<div dir=\"auto\">HOY ES IMPERATIVA una exhaustiva investigaci\u00f3n de las autoridades capitalinas. BERTHA ALCALDE LUJAN. Fiscal de la CDMX tiene en sus manos la carpeta de investigaci\u00f3n, en donde la Fiscal\u00eda General de Tamaulipas ha solicitado vista de la misma, pues se trat\u00f3 de un servidor p\u00fablico integrante del Cabildo de Reynosa.<\/div>\n<div dir=\"auto\">BRAYAN NICOLAS VICENTE SALINAS fue un miembro del Cabildo de Reynosa, que defendi\u00f3 su postura con firmeza, congruencia y \u00e9tica. Se opuso y alz\u00f3 la voz, cuando fue necesario y tendi\u00f3 la mano a quien se lo solicit\u00f3. Pol\u00edticos de su nivel y calidad son escasos, por lo que acceder a toda y \u00fanica verdad, no es solo una EXIGENCIA, es al menos el atenuante ante la absurda y cobarde forma de arrebatarle la vida.<\/div>\n<div dir=\"auto\">FRENTE A LA DENUNCIA PENAL en contra del ex Gobernador de Tamaulipas. FRANCISCO \u201cN\u201d, ayer mismo JORGE ROMERO, presidente nacional del Partido Acci\u00f3n Nacional (PAN) le daba nombramiento como Coordinador de America del Norte al ex gobernador panista.<\/div>\n<div dir=\"auto\">CASI EN FORMA SIMULTANEA, mientras un grupo de diputados locales coordinados por el Presidente de la Junta de Gobierno del Congreso del Estado. HUMBERTO PRIETO HERRERA, se presentaron ante la Fiscal\u00eda General de la Republica a cargo de ERNESTINA GODOY RAMOS. A la misma hora JORGE ROMERO exped\u00eda ese nombramiento a manera de \u201cblindaje\u201d.<\/div>\n<div dir=\"auto\">ES EL NUEVO Y RENOVADO PAN, que solo cambio el orden y dise\u00f1o de sus siglas, pero que sigue anclado a la imagen del ex gobernador de Tamaulipas, quien despu\u00e9s de 3 a\u00f1os de haber dejado el cargo, pareciera que es el quien establece la din\u00e1mica de los tiempos pol\u00edticos y ordenar acciones encaminadas solo a cubrir su desgastada imagen a partir de una estela de se\u00f1alamientos, que el sostiene ha superado y vencido, pero que el estigma de una corrupci\u00f3n en Tamaulipas, no deja de perseguirlo, como tampoco decae el \u00e1nimo de los Diputados Locales de Morena, que no dan tregua en sus intentos de \u201cecharle el guante\u201d.<\/div>\n<div dir=\"auto\">&#8212;&#8212;&#8212;&#8212;&#8212;&#8212;&#8212;&#8212;&#8212;&#8212;&#8212;&#8212;<\/div>\n","protected":false},"excerpt":{"rendered":"<p>Martes 9 de diciembre 2025 CONOCI A BRAYAN NICOLAS VICENTE SALINAS hace unos 8 a\u00f1os (2017). Al ingresar a escribir al Peri\u00f3dico \u201cEl Ma\u00f1ana\u201d, junto con EMMANUEL ZAMORA estaban a cargo del area de redes sociales y la pagina online del diario. DSPUES INICIAMOS UN PROYECTO informativo independiente \u201cReporteros sin Anestesia\u201d con SANDRA TOVAR y [&hellip;]<\/p>\n","protected":false},"author":1,"featured_media":216025,"comment_status":"closed","ping_status":"closed","sticky":false,"template":"","format":"standard","meta":{"footnotes":""},"categories":[16],"tags":[],"class_list":["post-216024","post","type-post","status-publish","format-standard","has-post-thumbnail","hentry","category-opinion"],"_links":{"self":[{"href":"https:\/\/www.elsinodaldetamaulipas.com.mx\/index.php?rest_route=\/wp\/v2\/posts\/216024","targetHints":{"allow":["GET"]}}],"collection":[{"href":"https:\/\/www.elsinodaldetamaulipas.com.mx\/index.php?rest_route=\/wp\/v2\/posts"}],"about":[{"href":"https:\/\/www.elsinodaldetamaulipas.com.mx\/index.php?rest_route=\/wp\/v2\/types\/post"}],"author":[{"embeddable":true,"href":"https:\/\/www.elsinodaldetamaulipas.com.mx\/index.php?rest_route=\/wp\/v2\/users\/1"}],"replies":[{"embeddable":true,"href":"https:\/\/www.elsinodaldetamaulipas.com.mx\/index.php?rest_route=%2Fwp%2Fv2%2Fcomments&post=216024"}],"version-history":[{"count":1,"href":"https:\/\/www.elsinodaldetamaulipas.com.mx\/index.php?rest_route=\/wp\/v2\/posts\/216024\/revisions"}],"predecessor-version":[{"id":216026,"href":"https:\/\/www.elsinodaldetamaulipas.com.mx\/index.php?rest_route=\/wp\/v2\/posts\/216024\/revisions\/216026"}],"wp:featuredmedia":[{"embeddable":true,"href":"https:\/\/www.elsinodaldetamaulipas.com.mx\/index.php?rest_route=\/wp\/v2\/media\/216025"}],"wp:attachment":[{"href":"https:\/\/www.elsinodaldetamaulipas.com.mx\/index.php?rest_route=%2Fwp%2Fv2%2Fmedia&parent=216024"}],"wp:term":[{"taxonomy":"category","embeddable":true,"href":"https:\/\/www.elsinodaldetamaulipas.com.mx\/index.php?rest_route=%2Fwp%2Fv2%2Fcategories&post=216024"},{"taxonomy":"post_tag","embeddable":true,"href":"https:\/\/www.elsinodaldetamaulipas.com.mx\/index.php?rest_route=%2Fwp%2Fv2%2Ftags&post=216024"}],"curies":[{"name":"wp","href":"https:\/\/api.w.org\/{rel}","templated":true}]}}