{"id":216027,"date":"2025-12-09T16:47:50","date_gmt":"2025-12-09T20:47:50","guid":{"rendered":"https:\/\/www.elsinodaldetamaulipas.com.mx\/?p=216027"},"modified":"2025-12-09T16:48:33","modified_gmt":"2025-12-09T20:48:33","slug":"cabeza-de-vaca-en-nuevo-lio-jkudicial","status":"publish","type":"post","link":"https:\/\/www.elsinodaldetamaulipas.com.mx\/?p=216027","title":{"rendered":"CABEZA DE VACA EN NUEVO LIO JUDICIAL"},"content":{"rendered":"<p>T E C L A Z O S<br \/>\nPor Guadalupe E. Gonz\u00e1lez<\/p>\n<p>X.-Diputados lo acusan ate la FGR, por \u201csu presunta<br \/>\nparticipaci\u00f3n en el operativo del huachicol fiscal\u201d<br \/>\nX.-Que la Fiscal\u00eda Federal, \u201cabra una investigaci\u00f3n<br \/>\ncontra el ex gobernador y sus funcionarios p\u00fablicos\u201d<br \/>\nQUI\u00c9N, \u201cse encuentra ante nuevo dilema judicial\u201d, es el ex<br \/>\ngobernador de Tamaulipas Francisco Javier Garc\u00eda Cabeza de Vaca, al<br \/>\nser acusado por segunda vez ante la fiscal\u00eda general de la Rep\u00fablica,<br \/>\npor los Diputados de Tamaulipas encabezados por su presidente<br \/>\nHumberto Armando Prieto Herrera y por el Diputado Federal Sergio<br \/>\nGuti\u00e9rrez Luna, \u201cpor su presunta participaci\u00f3n en el operativo del<br \/>\nhuachicol fiscal\u201d.<br \/>\nLA imputaci\u00f3n Penal contra Cabeza de Vaca, refleja y confirma el<br \/>\ninter\u00e9s de los legisladores del estado, para que la FGR obre contra el ex<br \/>\ngobernador, \u201cno solo por el tema del huachicol fiscal, sino tambi\u00e9n por<br \/>\nuna considerable gama de delitos en los que, presuntamente incurri\u00f3\u201d,<br \/>\naprovechando el poder pol\u00edtico que ten\u00eda en sus manos y, en<br \/>\nconsecuencia \u201cdevuelva lo robado al pueblo\u201d.<br \/>\nLA denuncia en contra del ex gobernador, igual fue avalada por la<br \/>\npresidenta del Comit\u00e9 Ejecutivo Estatal del partido Morena en<br \/>\nTamaulipas Lupita G\u00f3mez, la que junto a los Diputados de la 66<br \/>\nLegislatura del Estado dirigidos por el l\u00edder del Congreso Humberto<br \/>\nPrieto y el Legislador Federal Sergio Guti\u00e9rrez Luna, tambi\u00e9n solicit\u00f3<br \/>\n\u201cse abra una investigaci\u00f3n contra Cabeza de Vaca\u201d.<br \/>\nHUMBERTO Prieto sin ruedas ni cortapisas en la rueda de prensa en<br \/>\nM\u00e9xico record\u00f3 que, \u201cellos, los del gobierno panista, hicieron mucho<br \/>\nruido cuando confiscaron 200 mil litros de huachicol\u201d, pero despu\u00e9s de<br \/>\neso, \u201cya no hubo otros decomisos de este producto, ni detenciones de<br \/>\nferro tanques\u201d, entrando ah\u00ed la duda, \u00bfporque despu\u00e9s de eso ya no<br \/>\nhubo m\u00e1s decomisos de huachicol. \u00bfEsa es la interrogante?, sentenci\u00f3.<\/p>\n<p>AGREG\u00d3 Prieto Herrera que, hace algunos meses el hoy diputado<br \/>\nLocal Ismael Garc\u00eda Cabeza de Vaca dijo que, (desde hace muchos<br \/>\na\u00f1os) \u201cen las carreteras de Tamaulipas, circulaban cientos de ferro<br \/>\ntanques con huachicol\u201d y, entonces nos preguntamos: \u00bfporque no los<br \/>\ndetuvieron?<br \/>\nY, la informaci\u00f3n concreta que tenemos es que, \u201clo que no suena l\u00f3gico,<br \/>\nsuena met\u00e1lico\u201d, remarc\u00f3 el diputado Humberto Prieto, para luego<br \/>\nse\u00f1alar que, por este motivo venimos ante la Fiscal\u00eda de la Rep\u00fablica<br \/>\npara que, \u201cabra las investigaciones correspondientes y se llegue hasta<br \/>\nlas \u00faltimas consecuencias\u201d.<br \/>\nALUDIENDO el legislador tamaulipeco que, (los huachicoleros son<br \/>\nellos) y por este motivo, demandamos \u201cse inicie la investigaci\u00f3n contra<br \/>\nel ex gobernador Cabeza de Vaca y de sus funcionarios p\u00fablicos\u201d y,<br \/>\n\u201csalga a la luz p\u00fablica la verdad\u201d, como siempre lo hemos dicho y que,<br \/>\n\u201cse haga justicia en Tamaulipas\u201d, sentenci\u00f3 el legislador y l\u00edder del<br \/>\nCongreso.<br \/>\nLUPITA G\u00f3mez, presidenta del partido Morena en Tamaulipas por su<br \/>\nparte dijo que, efectivamente, hicimos un llamado a los tamaulipecos<br \/>\npara que dieran su opini\u00f3n, respecto a lo que est\u00e1 haciendo la Suprema<br \/>\nCorte de Justicia de la Naci\u00f3n, (sobre los amparos que ha tramitado el<br \/>\nex gobernador Cabeza de Vaca), aludiendo que, \u201cnosotros lo que<br \/>\nhicimos fue convocar a la gente para que diera su opini\u00f3n sobre esta<br \/>\nsituaci\u00f3n\u201d.<br \/>\nPORQUE, recuerden que, \u201cen Morena, somos un movimiento que<br \/>\nbusca acercar a la gente y las autoridades al pueblo\u201d y lo que hicimos<br \/>\nde solicitar firmas, as\u00ed fue, apuntando haber reunido mas de cien mil<br \/>\nfirmas en quince d\u00edas de los tamaulipecos inconformes que quieren<br \/>\nque, \u201cCabeza de Vaca est\u00e9 en la c\u00e1rcel\u201d y sea juzgado como debe de ser<br \/>\ny \u201cdevuelva a Tamaulipas todo lo robado\u201d.<br \/>\nEL DIPUTADO Federal Sergio Guti\u00e9rrez Luna dijo que, para traer a<br \/>\nCabeza de Vaca a M\u00e9xico, hay que entender que los cargos p\u00fablicos<br \/>\nque \u00e9l tuvo de gobernador, Senador, Diputado Federal, Local y<br \/>\npresidente municipal, \u201ctuvo que, renunciar a la nacionalidad<br \/>\nestadounidense\u201d y, si no, entonces \u201ccometi\u00f3 un fraude aqu\u00ed en M\u00e9xico\u201d,<br \/>\neso lo he dicho desde hace mucho tiempo. Y, por ende \u201c\u00e9l, de manera<br \/>\nilegal lleg\u00f3 a esos cargos\u201d e incluso present\u00f3 papeles en el INE, \u201cdonde<br \/>\ndice haber renunciado a esa nacionalidad\u201d.<\/p>\n<p>SABEMOS que Cabeza de Vaca, se esconde entre McAllen y Houston,<br \/>\nporque, sube fotos de personas que, han ido a verlo que son<br \/>\nencubridores de su propio partido y por ello, nosotros estamos<br \/>\nexigiendo a la Fiscal\u00eda Federal, \u201cya se solicite su extradici\u00f3n\u201d. Y, en el<br \/>\nexpediente que est\u00e1 en la ponencia de la ministra Lenia Batres, ah\u00ed hay<br \/>\nque decir que, \u201cLa Suprema Corte de Justicia de la Naci\u00f3n, \u201cejerci\u00f3 su<br \/>\nfacultad de atracci\u00f3n para conocer de este amparo en revisi\u00f3n\u201d, sobre<br \/>\nuna orden de aprehensi\u00f3n en contra de Cabeza de Vaca.<br \/>\n\u00bfQUE hacia antes Cabeza de Vaca?, \u201c\u00e9l se proteg\u00eda en contubernio de<br \/>\nministros y jueces\u201d, uno de ellos de Reynosa que logramos que la<br \/>\nJudicatura de la Federaci\u00f3n lo suspendiera, apunt\u00f3 el Diputado<br \/>\nGuti\u00e9rrez Luna, porque, \u201cera incre\u00edble la cantidad de resoluciones a su<br \/>\nfavor\u201d. Y, ahora lo que esperamos y, le hemos pedido a la ministra<br \/>\nLenia Batres \u201ces que se haga justicia\u201d. Esto, se lo pedimos mas de 170<br \/>\ndiputados que firmamos una petici\u00f3n que yo entregu\u00e9 hace<br \/>\naproximadamente un mes.<br \/>\nAHORA, los compa\u00f1eros del estado, se dieron a la tarea de<br \/>\n\u201cpreguntarle a la gente que hacer con este caso y fueron mas de cien<br \/>\nmil personas las firmantes y eso hoy (ayer) a la una de la tarde, \u201cse lo<br \/>\nestaremos entregando a la Suprema Corte de Justicia\u201d, subray\u00f3 el<br \/>\nLegislador Federal.<br \/>\nPARA CONCULIR, el Diputado Humberto Prieto, dijo \u201cno tener con<br \/>\nexactitud el monto global saqueado por Cabeza de Vaca, durante los<br \/>\nseis a\u00f1os de su gobierno\u201d, pero en el tema de salud, hay una denuncia<br \/>\npor un presunto desfalco por 343 millones de pesos, pero en las<br \/>\ndenuncias que hagamos en el futuro sobre obras p\u00fablicas y dem\u00e1s<br \/>\nrubros, \u201cseguiremos conociendo, cu\u00e1nto dinero m\u00e1s sustrajo el ex<br \/>\ngobernador del erario p\u00fablico\u201d.<br \/>\nPor hoy es todo y hasta ma\u00f1ana.<br \/>\nPara sugerencias y puntos de vista en general al email:<br \/>\nlupeernesto@yahoo.com.mx<\/p>\n","protected":false},"excerpt":{"rendered":"<p>T E C L A Z O S Por Guadalupe E. Gonz\u00e1lez X.-Diputados lo acusan ate la FGR, por \u201csu presunta participaci\u00f3n en el operativo del huachicol fiscal\u201d X.-Que la Fiscal\u00eda Federal, \u201cabra una investigaci\u00f3n contra el ex gobernador y sus funcionarios p\u00fablicos\u201d QUI\u00c9N, \u201cse encuentra ante nuevo dilema judicial\u201d, es el ex gobernador de [&hellip;]<\/p>\n","protected":false},"author":1,"featured_media":214811,"comment_status":"closed","ping_status":"closed","sticky":false,"template":"","format":"standard","meta":{"footnotes":""},"categories":[16],"tags":[],"class_list":["post-216027","post","type-post","status-publish","format-standard","has-post-thumbnail","hentry","category-opinion"],"_links":{"self":[{"href":"https:\/\/www.elsinodaldetamaulipas.com.mx\/index.php?rest_route=\/wp\/v2\/posts\/216027","targetHints":{"allow":["GET"]}}],"collection":[{"href":"https:\/\/www.elsinodaldetamaulipas.com.mx\/index.php?rest_route=\/wp\/v2\/posts"}],"about":[{"href":"https:\/\/www.elsinodaldetamaulipas.com.mx\/index.php?rest_route=\/wp\/v2\/types\/post"}],"author":[{"embeddable":true,"href":"https:\/\/www.elsinodaldetamaulipas.com.mx\/index.php?rest_route=\/wp\/v2\/users\/1"}],"replies":[{"embeddable":true,"href":"https:\/\/www.elsinodaldetamaulipas.com.mx\/index.php?rest_route=%2Fwp%2Fv2%2Fcomments&post=216027"}],"version-history":[{"count":2,"href":"https:\/\/www.elsinodaldetamaulipas.com.mx\/index.php?rest_route=\/wp\/v2\/posts\/216027\/revisions"}],"predecessor-version":[{"id":216030,"href":"https:\/\/www.elsinodaldetamaulipas.com.mx\/index.php?rest_route=\/wp\/v2\/posts\/216027\/revisions\/216030"}],"wp:featuredmedia":[{"embeddable":true,"href":"https:\/\/www.elsinodaldetamaulipas.com.mx\/index.php?rest_route=\/wp\/v2\/media\/214811"}],"wp:attachment":[{"href":"https:\/\/www.elsinodaldetamaulipas.com.mx\/index.php?rest_route=%2Fwp%2Fv2%2Fmedia&parent=216027"}],"wp:term":[{"taxonomy":"category","embeddable":true,"href":"https:\/\/www.elsinodaldetamaulipas.com.mx\/index.php?rest_route=%2Fwp%2Fv2%2Fcategories&post=216027"},{"taxonomy":"post_tag","embeddable":true,"href":"https:\/\/www.elsinodaldetamaulipas.com.mx\/index.php?rest_route=%2Fwp%2Fv2%2Ftags&post=216027"}],"curies":[{"name":"wp","href":"https:\/\/api.w.org\/{rel}","templated":true}]}}