{"id":216031,"date":"2025-12-09T16:56:20","date_gmt":"2025-12-09T20:56:20","guid":{"rendered":"https:\/\/www.elsinodaldetamaulipas.com.mx\/?p=216031"},"modified":"2025-12-09T16:57:56","modified_gmt":"2025-12-09T20:57:56","slug":"relanzamiento-o-reciclaje","status":"publish","type":"post","link":"https:\/\/www.elsinodaldetamaulipas.com.mx\/?p=216031","title":{"rendered":"RELANZAMIENTO O RECICLAJE"},"content":{"rendered":"<p>El Partido Acci\u00f3n Nacional volvi\u00f3 a hacer lo que mejor se le da en tiempos de crisis,\u00a0sorprender, desconcertar y, de paso, probar hasta d\u00f3nde aguanta la credibilidad de sus militantes y simpatizantes.<\/p>\n<p>Porque vaya que se necesita valor\u00a0(o cinismo del bueno)\u00a0para que, el mismo d\u00eda en que aparece una nueva denuncia penal, el PAN anuncie con bombos y platillos el nombramiento de Francisco Garc\u00eda Cabeza de Vaca como representante del partido para Am\u00e9rica del Norte.<br \/>\nS\u00ed, ley\u00f3 bien,\u00a0representante internacional.<\/p>\n<p>El hombre que no puede poner un pie en M\u00e9xico sin que tiemblen los juzgados.<\/p>\n<p>Jorge Romero, l\u00edder nacional del PAN, sali\u00f3 sonriente a decir que esto es parte del \u201crelanzamiento\u201d del partido. Relanzamiento que huele m\u00e1s a relamido, porque reciclar a quien arrastra investigaciones por delincuencia organizada, lavado de dinero,\u00a0delitos fiscales y huachicol fiscal, no es precisamente innovar,\u00a0es revivir expedientes, no proyectos.<\/p>\n<p>Mientras la dirigencia panista intenta vestirlo como estrategia internacional, Tamaulipas sigue pregunt\u00e1ndose si alg\u00fan d\u00eda la FGR lograr\u00e1 ejecutar esa orden de aprehensi\u00f3n que ha servido m\u00e1s como adorno que como instrumento de justicia.<br \/>\nLa Suprema Corte ya atrajo el caso, el exgobernador vive c\u00f3modamente en Estados Unidos, y el PAN, en lugar de tomar distancia, le regala fuero moral\u2026 y casi tur\u00edstico,\u00a0\u201cenc\u00e1rgate de acercar al partido con nuestros paisanos\u201d, le dicen.<\/p>\n<p>Cabeza de Vaca, por supuesto, agradeci\u00f3 la encomienda, prometi\u00f3 promover la visi\u00f3n panista del pa\u00eds y pos\u00f3 como si no tuviera a\u00f1os metido en una batalla judicial digna de serie de Netflix.<br \/>\nY cuando las cr\u00edticas crecieron, la respuesta fue todav\u00eda mejor,\u00a0\u201cEl PAN defiende a los panistas.\u201d<\/p>\n<p>Pues s\u00ed. Con esa frase, Romero no solo cerr\u00f3 filas\u2026 cerr\u00f3 la posibilidad de que el partido se tome en serio su propio discurso de legalidad.<\/p>\n<p>Y aqu\u00ed viene lo bueno.\u00a0Mientras se anuncia este cargo internacional que suena a mucho y sabe a nada, Tamaulipas sigue esperando la misma respuesta desde hace a\u00f1os\u00a0\u00bfAlg\u00fan d\u00eda detendr\u00e1n al exgobernador o todo quedar\u00e1 como un intento fallido, otro cap\u00edtulo m\u00e1s en la novela de los \u201cintocables\u201d del sexenio pasado?<\/p>\n<p>Al final, la pregunta\u00a0es simple y sin anestesia\u00a0\u00bfPara qu\u00e9 tanto alboroto con su nuevo cargo, si ser representante del PAN para Am\u00e9rica del Norte\u2026 y nada, es exactamente lo mismo?<\/p>\n<p>\u2026OTRA VEZ NUEVO LAREDO<\/p>\n<p>Antes de que empiecen a criticar, les informo que no lo digo yo, ni lo dice una encuesta a modo, lo dice el propio gobierno federal, que el Gobierno Municipal que encabeza Carmen Lilia\u00a0Canturosas,\u00a0volvi\u00f3 a poner a la frontera en el mapa de la excelencia administrativa, alcanzando\u00a0(otra vez),\u00a0la calificaci\u00f3n m\u00e1s alta de todo Tamaulipas en la Gu\u00eda Consultiva de Desempe\u00f1o Municipal 2025, otorgada por el Instituto Nacional para el Federalismo y el Desarrollo Municipal (INAFED).<br \/>\n83.3% de eficiencia no se logra por suerte, ni por discurso, ni por foto. Se logra con trabajo, disciplina y una visi\u00f3n clara del gobierno que Nuevo Laredo merece.<\/p>\n<p>Porque hablamos de una evaluaci\u00f3n seria, con 115 indicadores que revisan todo,\u00a0organizaci\u00f3n, hacienda, servicios p\u00fablicos, medio ambiente, desarrollo social, crecimiento econ\u00f3mico\u2026 no hay rinc\u00f3n del gobierno que no se mida.\u00a0Y\u00a0aun as\u00ed, Nuevo Laredo sali\u00f3 arriba de todos.<\/p>\n<p>Este reconocimiento no es un aplauso aislado,\u00a0en 2024 tambi\u00e9n fueron los mejores, con 82.4 puntos.<br \/>\nEso se llama tendencia y,\u00a0sobre todo, consistencia.<\/p>\n<p>Mientras muchos municipios se excusan en la falta de recursos, en el clima pol\u00edtico o en la siempre conveniente frase \u201cnos dejaron un cochinero\u201d, Carmen Lilia y su equipo eligieron otra ruta,\u00a0la de los resultados comprobables, la de la transparencia, la de poner a la ciudad en una din\u00e1mica de mejora continua que ya se siente en las calles, en los servicios y en la calidad de vida de las familias.<\/p>\n<p>\u00bfQu\u00e9 mide esta gu\u00eda y por qu\u00e9 importa tanto?\u00a0Mide si el dinero se usa bien. Si los servicios funcionan.\u00a0Si el medio ambiente se cuida.\u00a0Si hay empleo, desarrollo, igualdad de oportunidades.\u00a0En pocas palabras,\u00a0mide si un gobierno sirve\u2026 o solo estorba.<\/p>\n<p>Y en Nuevo Laredo, el veredicto es claro,\u00a0el gobierno sirve.\u00a0Sirve porque planea.\u00a0Sirve porque escucha\u00a0y sirve porque no le tiene miedo al escrutinio.<\/p>\n<p>Carmen Lilia lo dijo bien,\u00a0la participaci\u00f3n ciudadana ha sido clave. Este no es un gobierno desconectado, encerrado en oficinas con aire acondicionado; es un gobierno que sale, pregunta, atiende y corrige. Y cuando eso ocurre, los indicadores lo reflejan.<\/p>\n<p>Hoy Nuevo Laredo vuelve a destacarse por lo correcto,\u00a0el buen gobierno\u2026\u00a0\u00bfQu\u00e9,\u00a0no?\u00a0Nos leemos.<br \/>\nComentarios:\u00a0<a href=\"mailto:pedropnatividad@gmail.com\" target=\"_blank\" rel=\"noreferrer noopener\">pedropnatividad@gmail.com<\/a><\/p>\n","protected":false},"excerpt":{"rendered":"<p>El Partido Acci\u00f3n Nacional volvi\u00f3 a hacer lo que mejor se le da en tiempos de crisis,\u00a0sorprender, desconcertar y, de paso, probar hasta d\u00f3nde aguanta la credibilidad de sus militantes y simpatizantes. Porque vaya que se necesita valor\u00a0(o cinismo del bueno)\u00a0para que, el mismo d\u00eda en que aparece una nueva denuncia penal, el PAN anuncie [&hellip;]<\/p>\n","protected":false},"author":1,"featured_media":213874,"comment_status":"closed","ping_status":"closed","sticky":false,"template":"","format":"standard","meta":{"footnotes":""},"categories":[16],"tags":[],"class_list":["post-216031","post","type-post","status-publish","format-standard","has-post-thumbnail","hentry","category-opinion"],"_links":{"self":[{"href":"https:\/\/www.elsinodaldetamaulipas.com.mx\/index.php?rest_route=\/wp\/v2\/posts\/216031","targetHints":{"allow":["GET"]}}],"collection":[{"href":"https:\/\/www.elsinodaldetamaulipas.com.mx\/index.php?rest_route=\/wp\/v2\/posts"}],"about":[{"href":"https:\/\/www.elsinodaldetamaulipas.com.mx\/index.php?rest_route=\/wp\/v2\/types\/post"}],"author":[{"embeddable":true,"href":"https:\/\/www.elsinodaldetamaulipas.com.mx\/index.php?rest_route=\/wp\/v2\/users\/1"}],"replies":[{"embeddable":true,"href":"https:\/\/www.elsinodaldetamaulipas.com.mx\/index.php?rest_route=%2Fwp%2Fv2%2Fcomments&post=216031"}],"version-history":[{"count":1,"href":"https:\/\/www.elsinodaldetamaulipas.com.mx\/index.php?rest_route=\/wp\/v2\/posts\/216031\/revisions"}],"predecessor-version":[{"id":216032,"href":"https:\/\/www.elsinodaldetamaulipas.com.mx\/index.php?rest_route=\/wp\/v2\/posts\/216031\/revisions\/216032"}],"wp:featuredmedia":[{"embeddable":true,"href":"https:\/\/www.elsinodaldetamaulipas.com.mx\/index.php?rest_route=\/wp\/v2\/media\/213874"}],"wp:attachment":[{"href":"https:\/\/www.elsinodaldetamaulipas.com.mx\/index.php?rest_route=%2Fwp%2Fv2%2Fmedia&parent=216031"}],"wp:term":[{"taxonomy":"category","embeddable":true,"href":"https:\/\/www.elsinodaldetamaulipas.com.mx\/index.php?rest_route=%2Fwp%2Fv2%2Fcategories&post=216031"},{"taxonomy":"post_tag","embeddable":true,"href":"https:\/\/www.elsinodaldetamaulipas.com.mx\/index.php?rest_route=%2Fwp%2Fv2%2Ftags&post=216031"}],"curies":[{"name":"wp","href":"https:\/\/api.w.org\/{rel}","templated":true}]}}