{"id":216033,"date":"2025-12-09T17:01:16","date_gmt":"2025-12-09T21:01:16","guid":{"rendered":"https:\/\/www.elsinodaldetamaulipas.com.mx\/?p=216033"},"modified":"2025-12-09T17:01:16","modified_gmt":"2025-12-09T21:01:16","slug":"legisladores-no-aprenden-del-pasado","status":"publish","type":"post","link":"https:\/\/www.elsinodaldetamaulipas.com.mx\/?p=216033","title":{"rendered":"LEGISLADORES NO APRENDEN DEL PASADO"},"content":{"rendered":"<p>El Patinadero<\/p>\n<p>Juan Antonio Montoya B\u00e1ez<\/p>\n<p>&nbsp;<\/p>\n<p>Los diputados de Morena no aprenden del pasado, cometen las mismas torpezas, parece que la Universidad de Salamanca y la naturaleza se cruzan cada momento con el color de la 4T.<\/p>\n<p>En la pasada legislatura, el entonces coordinador de los diputados locales de Morena, ARMANDO ZERTUCHE impuls\u00f3 una reforma que buscaba da\u00f1ar las finanzas cabecistas.<\/p>\n<p>Los legisladores aprobaron que la licencia de manejo fuera permanente y dejar\u00e1 de cobrarse a los ciudadanos, pero fue una medida que aplicaron en la \u00faltima parte del sexenio de FRANCISCO JAVIER GARC\u00cdA CABEZA DE VACA para afectar sus finanzas, m\u00e1s que llevar un beneficio a los ciudadanos.<\/p>\n<p>La aprobaci\u00f3n de esa propuesta afect\u00f3 un a\u00f1o las finanzas cabecistas, pero lleva m\u00e1s de tres impactando el presupuesto de la administraci\u00f3n estatal de AM\u00c9RICO VILLARREAL ANAYA.<\/p>\n<p>El gobernador AM\u00c9RICO recibi\u00f3 una administraci\u00f3n en bancarrota, deudas por todos lados y los ingresos propios no eran suficientes, al grado que los dos primeros a\u00f1os pidieron prestado para pagar los aguinaldos.<\/p>\n<p>Hace unas horas el Secretario de Finanzas, CARLOS IR\u00c1N RAM\u00cdREZ GONZ\u00c1LEZ inform\u00f3 que en esta ocasi\u00f3n no pedir\u00e1n un pr\u00e9stamo a corto plazo para el pago de aguinaldos gracias a la estabilidad financiera alcanzada en la actual administraci\u00f3n.<\/p>\n<p>En el pago de aguinaldos se erogar\u00e1n mil 900 millones de pesos, monto que garantiza el pago puntual a 50 mil trabajadores, entre ellos personal del gobierno central, organismos p\u00fablicos descentralizados y sector educativo.<\/p>\n<p>El tesorero se\u00f1ala que en el 26 se mantendr\u00e1 un esquema de disciplina financiera, con una recaudaci\u00f3n estatal estimada en m\u00e1s de 12 mil millones de pesos y un Paquete Econ\u00f3mico proyectado en 81 mil millones de pesos, lo que representa un crecimiento del cinco por ciento respecto al a\u00f1o anterior.<\/p>\n<p>Esa estabilidad financiera se alcanz\u00f3 despu\u00e9s de diversos ajustes, pero perdieron los ingresos que representaban el pago de las licencias de manejo.<\/p>\n<p>Ahora, el coordinador de los diputados locales HUMBERTO PRIETO acaba de presentar otra denuncia contra el ex gobernador FRANCISCO JAVIER GARC\u00cdA CABEZA DE VACA, quien seguramente se destornilla de la risa por esa nueva acusaci\u00f3n.<\/p>\n<p>BETITO PRIETO acudi\u00f3 a la Fiscal\u00eda General de la Rep\u00fablica para denunciar que FRANCISCO GARC\u00cdA CABEZA DE VACA mont\u00f3 un operativo estatal durante el 2020 y 2021, invadi\u00f3 facultades federales y presion\u00f3 a empresas transportistas.<\/p>\n<p>Es por eso que pidi\u00f3 se le investigar\u00e1 por los presuntos delitos de operaciones con recursos de procedencia il\u00edcita, abuso de funciones p\u00fablicas, encubrimiento de irregularidades fiscales, contrabando de hidrocarburos, extorsi\u00f3n a empresas y otros delitos vinculados al sistema fiscal paralelo.<\/p>\n<p>BETITO PRIETO menciona que el SAT paralelo funcion\u00f3 hasta septiembre del 2021, ya despu\u00e9s la administraci\u00f3n estatal y sus funcionarios se portaron bien.<\/p>\n<p>La realidad es que todas las administraciones estatales funcionan en base a un acuerdo legal firmado por las autoridades federales. El SAT siempre oper\u00f3 de la mano con la Secretaria de Finanzas del Gobierno del Estado y lo hace de la misma manera hasta la fecha.<\/p>\n<p>PRIETO busca cubrir sus propias culpas, errores y corruptelas buscando culpables. Acusa a CABEZA de sus actos de corrupci\u00f3n.<\/p>\n<p>CABEZA DE VACA merece ser juzgado y encarcelado, pero no es levantando firmas, ni olvidando convenios como se alcanzar\u00e1 la justicia. Todo est\u00e1 en manos ahora del Fiscal JES\u00daS GOVEA y de la Presidenta del STJE, TANIA CONTRERAS, es mejor que este diputado novato le deje la tarea a los profesionales y ya no siga mordi\u00e9ndose el rabo dando vueltas y mordisqueando el mismo tronco.<\/p>\n<p>El convenio del SAT y el Gobierno del Estado contin\u00faa, si es legal o no, es otra cosa, pero representa una excelente fuente de ingresos para el Estado. Ya no pueden darse otro balazo en el pie, los escupitajos siempre mojan parejo.<\/p>\n<p>Bueno, por hoy es todo.<\/p>\n<p>Adi\u00f3s y aguas con los patinazos\u2026<\/p>\n<p>Contacto:<\/p>\n<p><a href=\"mailto:patinadero@hotmail.com\" target=\"_blank\" rel=\"noreferrer noopener\">patinadero@hotmail.com<\/a><\/p>\n","protected":false},"excerpt":{"rendered":"<p>El Patinadero Juan Antonio Montoya B\u00e1ez &nbsp; Los diputados de Morena no aprenden del pasado, cometen las mismas torpezas, parece que la Universidad de Salamanca y la naturaleza se cruzan cada momento con el color de la 4T. En la pasada legislatura, el entonces coordinador de los diputados locales de Morena, ARMANDO ZERTUCHE impuls\u00f3 una [&hellip;]<\/p>\n","protected":false},"author":1,"featured_media":213846,"comment_status":"closed","ping_status":"closed","sticky":false,"template":"","format":"standard","meta":{"footnotes":""},"categories":[16],"tags":[],"class_list":["post-216033","post","type-post","status-publish","format-standard","has-post-thumbnail","hentry","category-opinion"],"_links":{"self":[{"href":"https:\/\/www.elsinodaldetamaulipas.com.mx\/index.php?rest_route=\/wp\/v2\/posts\/216033","targetHints":{"allow":["GET"]}}],"collection":[{"href":"https:\/\/www.elsinodaldetamaulipas.com.mx\/index.php?rest_route=\/wp\/v2\/posts"}],"about":[{"href":"https:\/\/www.elsinodaldetamaulipas.com.mx\/index.php?rest_route=\/wp\/v2\/types\/post"}],"author":[{"embeddable":true,"href":"https:\/\/www.elsinodaldetamaulipas.com.mx\/index.php?rest_route=\/wp\/v2\/users\/1"}],"replies":[{"embeddable":true,"href":"https:\/\/www.elsinodaldetamaulipas.com.mx\/index.php?rest_route=%2Fwp%2Fv2%2Fcomments&post=216033"}],"version-history":[{"count":1,"href":"https:\/\/www.elsinodaldetamaulipas.com.mx\/index.php?rest_route=\/wp\/v2\/posts\/216033\/revisions"}],"predecessor-version":[{"id":216034,"href":"https:\/\/www.elsinodaldetamaulipas.com.mx\/index.php?rest_route=\/wp\/v2\/posts\/216033\/revisions\/216034"}],"wp:featuredmedia":[{"embeddable":true,"href":"https:\/\/www.elsinodaldetamaulipas.com.mx\/index.php?rest_route=\/wp\/v2\/media\/213846"}],"wp:attachment":[{"href":"https:\/\/www.elsinodaldetamaulipas.com.mx\/index.php?rest_route=%2Fwp%2Fv2%2Fmedia&parent=216033"}],"wp:term":[{"taxonomy":"category","embeddable":true,"href":"https:\/\/www.elsinodaldetamaulipas.com.mx\/index.php?rest_route=%2Fwp%2Fv2%2Fcategories&post=216033"},{"taxonomy":"post_tag","embeddable":true,"href":"https:\/\/www.elsinodaldetamaulipas.com.mx\/index.php?rest_route=%2Fwp%2Fv2%2Ftags&post=216033"}],"curies":[{"name":"wp","href":"https:\/\/api.w.org\/{rel}","templated":true}]}}