{"id":216037,"date":"2025-12-09T19:46:29","date_gmt":"2025-12-09T23:46:29","guid":{"rendered":"https:\/\/www.elsinodaldetamaulipas.com.mx\/?p=216037"},"modified":"2025-12-09T19:46:29","modified_gmt":"2025-12-09T23:46:29","slug":"en-mala-hora-para-el-pan-regreso-de-cabeza-de-vaca","status":"publish","type":"post","link":"https:\/\/www.elsinodaldetamaulipas.com.mx\/?p=216037","title":{"rendered":"EN MALA HORA PARA EL PAN, REGRESO DE CABEZA DE VACA"},"content":{"rendered":"<div class=\"post-content\">\n<p>LA COMUNA<\/p>\n<p>Jos\u00e9 \u00c1ngel Solorio Mart\u00ednez<\/p>\n<p>El exgobernador de Tamaulipas, Francisco Garc\u00eda Cabeza de Vaca, sigue siendo un pasivo para el PAN y sus aliados. No abona en nada a la renovaci\u00f3n de su partido, con todo y la nueva responsabilidad que le dieron nombr\u00e1ndolo enlace para Am\u00e9rica del Norte.<br \/>\nSer\u00eda ilusorio pensar que su sola persona le inyectar\u00e1 fortaleza, combatividad y \u00e1nimo al albiazul que tanto le faltan para enfrentar a MORENA y sus coaligados.<br \/>\nEs muy probable que, si se analiza a fondo la figura de Garc\u00eda de Vaca, lejos de apuntalar un proyecto, lo socaba y lo debilita.<br \/>\nEs y sigue siendo, un personaje dispersor, fragmentador, desarticulador.<br \/>\nNo s\u00f3lo significa un elemento que atrae negativos a su organizaci\u00f3n pol\u00edtica; es un personaje que incluso achica y mengua las posibilidades pol\u00edticas de su cu\u00f1ado Jos\u00e9 Ram\u00f3n G\u00f3mez Leal quien juega por la gubernatura en el 2028 al tiempo que arrastra hasta el fondo a sus hermanos y a sus hijas, que a\u00fan sue\u00f1an con continuar con los \u00e9xitos de la estirpe.<br \/>\n\u00bfRecapitaliza al exgobernador su nueva tarea pol\u00edtica en el primer mundo?<br \/>\n\u00bfPodr\u00e1 ser candidato nuevamente para recuperar el fuero?<br \/>\n\u00bfFrenar\u00e1 a la nueva fiscal general de la Rep\u00fablica, Ernestina Godoy, en el intento de darle continuidad en su proceso de extradici\u00f3n?<br \/>\nPara el PAN, su destacado militante todo lo puede.<br \/>\nEl partido de la derecha necesita a Cabeza de Vaca; o m\u00e1s bien su dinero. Y bajo esa estrategia, son capaces hasta de revivir a Fox y Calder\u00f3n, para que aporten el tan necesario trasvase de fondos, que a su juicio, los har\u00eda imbatibles en el 2030.<br \/>\nNo se le ve otro sentido a la decisi\u00f3n Nomenclatura azul.<br \/>\nAqu\u00ed en suelo tamaulipeco, no pasar\u00e1 desapercibido el nuevo cargo de Cabeza de Vaca. Ni para los pol\u00edticos, ni para la sociedad entera.<br \/>\nMucho menos para la militancia albiazul.<br \/>\nEl s\u00f3lo hecho de que regrese a la organizaci\u00f3n formal del PAN, desalienta a un buen n\u00famero de socios de ese partido. Los que est\u00e1n fuera de su \u00f3rbita, expondr\u00e1n los da\u00f1os que ha causado su pr\u00e1ctica patrimonialista, su trabajo excluyente y su deshonestidad en el pernicioso uso del partido.<br \/>\nEl resultado de esas conductas es el penoso papel que est\u00e1 jugando el panismo, como oposici\u00f3n. Ni una sola alcald\u00eda de las de mayor demograf\u00eda, tiene bajo su control; apenas un d\u00e9bil pu\u00f1ado de diputados locales vegetan en el Congreso local y diputados y senadores, no pintan por su gris desempe\u00f1o en las soberan\u00edas legislativas.<br \/>\nObjetivamente: con Cabeza de Vaca, posicionado en el PAN tamaulipeco, MORENA se fortalece sobremanera. Los escurrimientos, los veremos ocurrir en la coyuntura electoral del 2027.<br \/>\nMC, PV, PT, la IV T y su Segundo Piso, ser\u00e1n el hospedero de los desprendimientos de un albiazul que en la regi\u00f3n perdi\u00f3 el rumbo\u2026<br \/>\n\u2026y lo peor: la cordura.<\/p>\n<\/div>\n<div class=\"post-tags-box\">\n<ul class=\"tags-box\">\n<li><\/li>\n<\/ul>\n<\/div>\n","protected":false},"excerpt":{"rendered":"<p>LA COMUNA Jos\u00e9 \u00c1ngel Solorio Mart\u00ednez El exgobernador de Tamaulipas, Francisco Garc\u00eda Cabeza de Vaca, sigue siendo un pasivo para el PAN y sus aliados. No abona en nada a la renovaci\u00f3n de su partido, con todo y la nueva responsabilidad que le dieron nombr\u00e1ndolo enlace para Am\u00e9rica del Norte. Ser\u00eda ilusorio pensar que su [&hellip;]<\/p>\n","protected":false},"author":1,"featured_media":214788,"comment_status":"closed","ping_status":"closed","sticky":false,"template":"","format":"standard","meta":{"footnotes":""},"categories":[16],"tags":[],"class_list":["post-216037","post","type-post","status-publish","format-standard","has-post-thumbnail","hentry","category-opinion"],"_links":{"self":[{"href":"https:\/\/www.elsinodaldetamaulipas.com.mx\/index.php?rest_route=\/wp\/v2\/posts\/216037","targetHints":{"allow":["GET"]}}],"collection":[{"href":"https:\/\/www.elsinodaldetamaulipas.com.mx\/index.php?rest_route=\/wp\/v2\/posts"}],"about":[{"href":"https:\/\/www.elsinodaldetamaulipas.com.mx\/index.php?rest_route=\/wp\/v2\/types\/post"}],"author":[{"embeddable":true,"href":"https:\/\/www.elsinodaldetamaulipas.com.mx\/index.php?rest_route=\/wp\/v2\/users\/1"}],"replies":[{"embeddable":true,"href":"https:\/\/www.elsinodaldetamaulipas.com.mx\/index.php?rest_route=%2Fwp%2Fv2%2Fcomments&post=216037"}],"version-history":[{"count":1,"href":"https:\/\/www.elsinodaldetamaulipas.com.mx\/index.php?rest_route=\/wp\/v2\/posts\/216037\/revisions"}],"predecessor-version":[{"id":216038,"href":"https:\/\/www.elsinodaldetamaulipas.com.mx\/index.php?rest_route=\/wp\/v2\/posts\/216037\/revisions\/216038"}],"wp:featuredmedia":[{"embeddable":true,"href":"https:\/\/www.elsinodaldetamaulipas.com.mx\/index.php?rest_route=\/wp\/v2\/media\/214788"}],"wp:attachment":[{"href":"https:\/\/www.elsinodaldetamaulipas.com.mx\/index.php?rest_route=%2Fwp%2Fv2%2Fmedia&parent=216037"}],"wp:term":[{"taxonomy":"category","embeddable":true,"href":"https:\/\/www.elsinodaldetamaulipas.com.mx\/index.php?rest_route=%2Fwp%2Fv2%2Fcategories&post=216037"},{"taxonomy":"post_tag","embeddable":true,"href":"https:\/\/www.elsinodaldetamaulipas.com.mx\/index.php?rest_route=%2Fwp%2Fv2%2Ftags&post=216037"}],"curies":[{"name":"wp","href":"https:\/\/api.w.org\/{rel}","templated":true}]}}