{"id":216040,"date":"2025-12-09T20:02:23","date_gmt":"2025-12-10T00:02:23","guid":{"rendered":"https:\/\/www.elsinodaldetamaulipas.com.mx\/?p=216040"},"modified":"2025-12-09T20:02:23","modified_gmt":"2025-12-10T00:02:23","slug":"%c2%a8gattas-y-sus-delirios%c2%a8","status":"publish","type":"post","link":"https:\/\/www.elsinodaldetamaulipas.com.mx\/?p=216040","title":{"rendered":"\u00a8GATT\u00c1S Y SUS DELIRIOS\u00a8"},"content":{"rendered":"<p>&nbsp;<\/p>\n<p><em>Por Oscar D\u00edaz Salazar<\/em><\/p>\n<p>&nbsp;<\/p>\n<p>Ya ha pasado un buen tiempo desde que el presidente municipal de Victoria, Eduardo Gattas, no participa ni es convocado a las ceremonias que organiza el gobernador en la ciudad que cohabitan.<\/p>\n<p>&nbsp;<\/p>\n<p>Es evidente que Lalo Gatt\u00e1s no goza del aprecio del inquilino de la Casa de Gobierno, y solo muy de vez en cuando aparece en los eventos, porque resulta inevitable extenderle la invitaci\u00f3n, m\u00e1s por cuestiones institucionales y protocolarias, que por el afecto o por ser grata su presencia.<\/p>\n<p>&nbsp;<\/p>\n<p>Antes que buscar \u201crestablecer el tejido social\u201d, entre gobierno y municipio, (para usar la frase que repitieron hasta el hartazgo los cabezones), Gattas se aplica en ahondar la brecha que existe entre el 17 Hidalgo y el 15 Juarez.<\/p>\n<p>&nbsp;<\/p>\n<p>El alcalde victorense se ha afanado en los \u00faltimos meses en saludar con sombrero ajeno, en querer adjudicarse m\u00e9ritos, obras, proyectos, propuestas e iniciativas que fueron realidad porque as\u00ed lo dispuso el gober.<\/p>\n<p>&nbsp;<\/p>\n<p>En una absurda y mentirosa campa\u00f1a publicitaria, donde le pregunta a la inteligencia artificial, por conducto de su reloj, quien fue el impulsor de un proyecto determinado, el alcalde del cartel del ducto y de la pipa, se ha querido adjudicar el m\u00e9rito del acueducto, el fondo de capitalidad, y otras obras y proyectos que la Vox populi sabe que son del gobierno estatal.<\/p>\n<p>&nbsp;<\/p>\n<p>Oportunista, logr\u00f3n, gandalla y mentiroso, todas estas caracter\u00edsticas ha mostrado en las \u00faltimas semanas el Lalillo Gatt\u00e1s, y en ese misma l\u00ednea de actuaci\u00f3n se inscribe la campa\u00f1a para posicionar su nombre como prospecto para ser candidato a gobernador.<\/p>\n<p>&nbsp;<\/p>\n<p>Aunque no me consta, pero tampoco lo dudo, me parece que esa jalada de creer que tiene posibilidades de ser gobernador, son ocurrencias surgidas de viajes astrales y hacen cre\u00edble que el susodicho alcalde menor tiene gusto por esos cigarrillos artesanales que provocan risa y hambre.<\/p>\n","protected":false},"excerpt":{"rendered":"<p>&nbsp; Por Oscar D\u00edaz Salazar &nbsp; Ya ha pasado un buen tiempo desde que el presidente municipal de Victoria, Eduardo Gattas, no participa ni es convocado a las ceremonias que organiza el gobernador en la ciudad que cohabitan. &nbsp; Es evidente que Lalo Gatt\u00e1s no goza del aprecio del inquilino de la Casa de Gobierno, [&hellip;]<\/p>\n","protected":false},"author":1,"featured_media":216041,"comment_status":"closed","ping_status":"closed","sticky":false,"template":"","format":"standard","meta":{"footnotes":""},"categories":[16],"tags":[],"class_list":["post-216040","post","type-post","status-publish","format-standard","has-post-thumbnail","hentry","category-opinion"],"_links":{"self":[{"href":"https:\/\/www.elsinodaldetamaulipas.com.mx\/index.php?rest_route=\/wp\/v2\/posts\/216040","targetHints":{"allow":["GET"]}}],"collection":[{"href":"https:\/\/www.elsinodaldetamaulipas.com.mx\/index.php?rest_route=\/wp\/v2\/posts"}],"about":[{"href":"https:\/\/www.elsinodaldetamaulipas.com.mx\/index.php?rest_route=\/wp\/v2\/types\/post"}],"author":[{"embeddable":true,"href":"https:\/\/www.elsinodaldetamaulipas.com.mx\/index.php?rest_route=\/wp\/v2\/users\/1"}],"replies":[{"embeddable":true,"href":"https:\/\/www.elsinodaldetamaulipas.com.mx\/index.php?rest_route=%2Fwp%2Fv2%2Fcomments&post=216040"}],"version-history":[{"count":1,"href":"https:\/\/www.elsinodaldetamaulipas.com.mx\/index.php?rest_route=\/wp\/v2\/posts\/216040\/revisions"}],"predecessor-version":[{"id":216042,"href":"https:\/\/www.elsinodaldetamaulipas.com.mx\/index.php?rest_route=\/wp\/v2\/posts\/216040\/revisions\/216042"}],"wp:featuredmedia":[{"embeddable":true,"href":"https:\/\/www.elsinodaldetamaulipas.com.mx\/index.php?rest_route=\/wp\/v2\/media\/216041"}],"wp:attachment":[{"href":"https:\/\/www.elsinodaldetamaulipas.com.mx\/index.php?rest_route=%2Fwp%2Fv2%2Fmedia&parent=216040"}],"wp:term":[{"taxonomy":"category","embeddable":true,"href":"https:\/\/www.elsinodaldetamaulipas.com.mx\/index.php?rest_route=%2Fwp%2Fv2%2Fcategories&post=216040"},{"taxonomy":"post_tag","embeddable":true,"href":"https:\/\/www.elsinodaldetamaulipas.com.mx\/index.php?rest_route=%2Fwp%2Fv2%2Ftags&post=216040"}],"curies":[{"name":"wp","href":"https:\/\/api.w.org\/{rel}","templated":true}]}}