{"id":216043,"date":"2025-12-09T22:33:46","date_gmt":"2025-12-10T02:33:46","guid":{"rendered":"https:\/\/www.elsinodaldetamaulipas.com.mx\/?p=216043"},"modified":"2025-12-09T22:33:46","modified_gmt":"2025-12-10T02:33:46","slug":"va-ernestina-por-cabeza-de-vaca","status":"publish","type":"post","link":"https:\/\/www.elsinodaldetamaulipas.com.mx\/?p=216043","title":{"rendered":"\u00bfVA ERNESTINA POR CABEZA DE VACA?"},"content":{"rendered":"<p>\u201cHaiga sido como haiga sido\u201d, como dijo una vez el expresidente de M\u00e9xico, <strong>FELIPE CALDER\u00d3N HINOJOSA<\/strong>, pero la detenci\u00f3n del exgobernador priista de Chihuahua, <strong>C\u00c9SAR DUARTE J\u00c1QUEZ<\/strong>, es el primer manotazo en la mesa de la nueva Fiscal General de la Rep\u00fablica, <strong>ERNESTINA GODOY<\/strong> <strong>RAMOS<\/strong>\u2026<\/p>\n<p>Aunque tenga un fuerte tufo pol\u00edtico dicha acci\u00f3n, porque desde el 16 de mayo de 2024 se hab\u00eda liberado la orden de aprehensi\u00f3n por lavado de dinero, contra <strong>DUARTE<\/strong> lo cierto es que do\u00f1a <strong>ERNESTINA <\/strong>ya est\u00e1 presentando chamba a una semana de haber aterrizado a cobrar las quincenas como \u201cfiscala\u201d.<\/p>\n<p>Este pre\u00e1mbulo sirve para sustentar la visi\u00f3n de que el siguiente en la mira de la nueva \u201cfiscala\u201d ser\u00e1 el exgobernador de Tamaulipas, el ahora representante del PAN en Am\u00e9rica del Norte y texano\/reynosense, <strong>FRANCISCO JAVIER GARC\u00cdA CABEZA DE VACA<\/strong>, posici\u00f3n para lo \u00fanico que sirve es para da\u00f1ar todav\u00eda m\u00e1s la imagen del expartido \u201cde la gente bien\u201d y desprestigiar a la Oposici\u00f3n como un ente sin moral y sin cerebro.<\/p>\n<p>Es dif\u00edcil no caer en el \u201csospechosismo\u201d de que el acercamiento que tuvo el l\u00edder del Congreso en Tamaulipas, <strong>HUMBERTO PRIETO HERRERA<\/strong>, con la Fiscal\u00eda General de la Rep\u00fablica (FGR), la tarde del lunes 08 de diciembre, a donde acudi\u00f3 a poner una demanda contra el exgobernador panista por huachicolero, ser\u00e1 atendida con prontitud por do\u00f1a <strong>ERNESTINA<\/strong>.<\/p>\n<p>Mientras <strong>JORGE ROMERO HERRERA<\/strong> estaba difundiendo la posici\u00f3n que le otorgaba el PAN nacional a <strong>CABEZA DE VACA<\/strong>, una comitiva de Morena, apuntalada por <strong>PRIETO HERRERA<\/strong>, presentaba la demanda en la FGR ante do\u00f1a <strong>ERNESTINA<\/strong> y se entrevistaba con el mero \u201cpicudo\u201d de la Suprema Corte de Justicia de la Naci\u00f3n, <strong>HUGO AGUILAR ORTIZ<\/strong> a quien le llevaron m\u00e1s de cien mil firmas, con la intenci\u00f3n de picarles las costillas a los ministros para que apuren el llamado a cuentas del texano\/reynosense cabez\u00f3n.<\/p>\n<p>Y es que conociendo la \u201cpol\u00edtica a la mexicana\u201d, fue mucho el espect\u00e1culo que se dio con la demanda en la FGR y la visita a la Suprema Corte, como para que de pronto <strong>CABEZA DE VACA<\/strong> no sea llamado a cuentas; pero hay sus \u201casegunes\u201d\u2026 \u00a1<strong><em>Ufff<\/em><\/strong>!<\/p>\n<p>Acompa\u00f1ando a <strong>PRIETO HERRERA<\/strong> fue su compa\u00f1ero de Legislatura, <strong>ELIPHALET G\u00d3MEZ LOZANO<\/strong>, as\u00ed como los diputados federales, <strong>SERGIO GUTI\u00c9RREZ LUNA <\/strong>y <strong>J\u00c9SSICA RAM\u00cdREZ CISNEROS<\/strong>; aunque s\u00ed causa sorpresa que no haya acudido ni convocado ning\u00fan diputado federal tamaulipeco.<\/p>\n<p>Tambi\u00e9n acudi\u00f3 para cerrar el c\u00edrculo, la Presidenta del Comit\u00e9 Ejecutivo Estatal de Morena, <strong>MAR\u00cdA GUADALUPE G\u00d3MEZ N\u00da\u00d1EZ <\/strong>y el se\u00f1or de la \u201cdoble plaza\u201d, es decir el Presidente del Consejo Estatal guindo, <strong>R\u00d3MULO C\u00c9SAR P\u00c9REZ S\u00c1NCHEZ<\/strong>.<\/p>\n<p>Los mencionados acusan a <strong>CABEZA DE VACA<\/strong> de presuntos actos de corrupci\u00f3n, delincuencia organizada, extorsi\u00f3n y delitos en materia de hidrocarburos, mejor conocido como \u201chuachicol fiscal\u201d.<\/p>\n<p>La denuncia por huachicol presuntamente fue acompa\u00f1ada de pruebas que sin duda llegar\u00e1n r\u00e1pidamente al escritorio de la fiscala <strong>ERNESTINA GODOY<\/strong> quien en breve estar\u00eda solicitando una orden de aprehensi\u00f3n y hasta una ficha de Interpol contra <strong>CABEZA DE VACA<\/strong>\u2026 \u00a1<strong><em>Ay nanita<\/em><\/strong>!<\/p>\n<p>Si el Gobierno cuatrote\u00edsta tiene ganas de dar estridente espect\u00e1culo medi\u00e1tico, s\u00f3lo basta que do\u00f1a <strong>ERNESTINA<\/strong> se ponga las pilas y despu\u00e9s de <strong>C\u00c9SAR DUARTE<\/strong> mande buscar a <strong>CABEZA DE VACA<\/strong>, lo que representar\u00eda dos manotazos important\u00edsimos en la mesa; es decir los golpes de gobernabilidad para legitimarla.<\/p>\n<p>Si para algunos \u201ccabecistas\u201d nombrar a su patr\u00f3n, el texano\/reynosense como representante del PAN ante Am\u00e9rica del Norte es un tipo de blindaje, lo cierto es que el partido sale perdiendo con <strong>CABEZA DE VACA<\/strong>, como su \u201cembajador\u201d, pues como carta de presentaci\u00f3n o como adorno est\u00e1 muy feo\u2026 \u00a1<strong><em>Zaaas culebra<\/em><\/strong>!<\/p>\n<p>Luego de todo lo dicho, se puede sustentar que el grupo cabecista y su l\u00edder el exgobernador <strong>FRANCISCO GARC\u00cdA CABEZA DE VACA<\/strong> tienen muchas razones para andar nerviosones y temerosos, pues hay lecturas de que do\u00f1a <strong>ERNESTINA<\/strong> viene por \u00e9l\u2026 \u00a1<strong><em>Ostias t\u00edo de la Virgen santa<\/em><\/strong>!<\/p>\n<p>En otro tema, el alcalde de Victoria, <strong>EDUARDO GATT\u00c1S B\u00c1EZ<\/strong>, presidi\u00f3 la segunda sesi\u00f3n ordinaria del Consejo Municipal de Protecci\u00f3n Civil, en la que tom\u00f3 protesta a nuevos integrantes, se present\u00f3 informe del pron\u00f3stico de la temporada invernal y emiti\u00f3 recomendaciones a la poblaci\u00f3n.<\/p>\n<p>En la sala de cabildo, <strong>GATT\u00c1S<\/strong> convoc\u00f3 a los nuevos integrantes a sumarse en la coordinaci\u00f3n de acciones de prevenci\u00f3n, auxilio, recuperaci\u00f3n, reconstrucci\u00f3n y mitigaci\u00f3n de riesgos ante diversos escenarios de los fen\u00f3menos perturbadores que puedan afectar al municipio.<\/p>\n<p><strong>\u00d3SCAR POSADAS<\/strong>, de CONAGUA Cuenca Golfo, present\u00f3 el pron\u00f3stico de la temporada invernal 2025-2026 en un an\u00e1lisis de lluvias, frentes fr\u00edos y almacenamientos de cuerpos de aguas; dijo que el pron\u00f3stico es de 48 frentes fr\u00edos y las lluvias se mantendr\u00e1n arriba del promedio.<\/p>\n<p>Adem\u00e1s de \u00e1reas municipales, el Consejo de Protecci\u00f3n Civil lo integran Comapa, Pemex, Cruz Roja, Protecci\u00f3n Civil estatal, Jurisdicci\u00f3n Sanitaria y Riesgos Sanitarios de la Secretar\u00eda de Salud, Canaco, CMIC, CFE, Guardia Nacional, Crede y la Sedena\u2026 \u00a1<strong><em>Enhorabuena<\/em><\/strong>!<\/p>\n<p><strong>LA GUILLONTINA: DICHOS Y DESDICHOS<\/strong><\/p>\n<p><strong>++ANDAN DICIENDO QUE\u2026 <\/strong>La posici\u00f3n que <strong>JORGE ROMERO<\/strong>, como dirigente nacional del Partido Acci\u00f3n Nacional le otorg\u00f3 al exgobernador <strong>FRANCISCO GARC\u00cdA CABEZA DE VACA<\/strong>, justo el d\u00eda en que le imprim\u00edan tremenda demanda ante la Fiscal\u00eda General de la Rep\u00fablica (FGR) por huachicolero, nombr\u00e1ndolo representante azul para Am\u00e9rica del Norte, huele mucho a dinero\u2026 <strong>CUENTAN QUE\u2026<\/strong> Por fin dieron \u201cfrutos\u201d los viajes que el actual diputado federal panista, <strong>FEDERICO D\u00d6RING CASAR<\/strong>, realizaba a Texas, en Estados Unidos, convertido en una especie de \u201cIBM\u201d\u2026 Y-Ve-eme a decirle a <strong>ROMERO<\/strong> que \u00bfa cu\u00e1nto?&#8230; <strong>TAMBI\u00c9N CUENTAN QUE\u2026<\/strong> El dinero recibo por darle la posici\u00f3n al exgobernador se va a gastar, pues para eso es, pero el descr\u00e9dito al PAN le va a quedar por muy buen rato si de pronto <strong>CABEZA DE VACA<\/strong> es extraditado y refundido en alguna c\u00e1rcel de M\u00e9xico\u2026 \u00a1<strong><em>Ay nanita<\/em>!<\/strong><\/p>\n<p><strong>++ANDAN DICIENDO QUE\u2026<\/strong> Quien le anda poniendo muchas ganas y d\u00e1ndole sabor al caldo al jugar el papel de \u201ccontestatario\u201d y opositor es <strong>BRUNO D\u00cdAZ LARA<\/strong>, en su calidad de dirigente estatal de lo que queda del Partido Revolucionario Institucional (PRI), de lo que una vez fue el partidazo\u2026 <strong>CUENTAN QUE\u2026<\/strong> Podr\u00e1 decir misa y ba\u00f1arse en agua bendita, pero nadie le cree eso de que hay un \u201cnuevo PRI\u201d, pues con <strong>ALEJANDRO<\/strong> \u201c<strong>Alito<\/strong>\u201d <strong>MORENO C\u00c1RDENAS<\/strong> como dirigente nacional, con <strong>BRUNO D\u00cdAZ<\/strong>, ungido dirigente por la orden sagrada del \u201cdedazo\u201d y con un capital pol\u00edtico que muy apenas rebasa los 60 mil votos en Tamaulipas, el otrora partidazo no llega ni a caricatura de lo que fue\u2026 Claro que eso no le resta m\u00e9rito a las estridentes ruedas de prensa que semana a semana se avienta el \u201cBatidirigente\u201d tricolor, que dice cada ocurrencia, aunque eso s\u00ed dando siempre la nota \u201cpicosona\u201d, cosa que se agradece\u2026 \u00a1<strong><em>Ch\u00fapale pich\u00f3n<\/em><\/strong>!<\/p>\n<p><strong>++ANDAN DICIENDO QUE\u2026<\/strong> Por cierto, <strong>BRUNO D\u00cdAZ LARA<\/strong>, en su rueda de prensa del lunes 08 de diciembre, dijo que su partido no meter\u00e1 las manos al fuego por el exgobernador <strong>FRANCISCO GARC\u00cdA CABEZA DE VACA<\/strong>, pues la alianza con el PAN se realiz\u00f3 en 2024 y ahora es 2025\u2026 <strong>CUENTAN QUE\u2026<\/strong> Con tantos y tan variados actos de corrupci\u00f3n que protagonizaron los priistas y que al final les cost\u00f3 que los echaran fuera de lo que una vez fue la poderos\u00edsima Residencia Oficial de \u201cLos Pinos\u201d, muy mal se ver\u00eda <strong>BRUNO D\u00cdAZ<\/strong> tratando de defender lo indefendible; es decir que le sale m\u00e1s barato y rentable pintar la rayita con el pasado, que embarrarse de aquellos imperdonables errores que envolvieron y condenaron al PRI\u2026 Se nota que el \u201cBatidirigente\u201d tricolor ya le est\u00e1 entendiendo a las matem\u00e1ticas pol\u00edticas, en donde hay sumas que restan y en ocasiones restas que suman\u2026 \u00a1<strong><em>Santos Batigarabatos<\/em><\/strong>!<\/p>\n<p><strong>++ANDAN DICIENDO QUE\u2026<\/strong> No tarda en tronar otro cuete en la Secci\u00f3n 30 del Sindicato Nacional de Trabajadores de la Educaci\u00f3n (SNTE) y no precisamente por temas que tienen que ver con las escandalosas becas para Educaci\u00f3n B\u00e1sica y dem\u00e1s\u2026 <strong>CUENTAN QUE\u2026<\/strong> El esc\u00e1ndalo vendr\u00e1 por unas acciones relacionadas a remodelaciones, en donde se inflaron los precios para que hubiera m\u00e1s y mejores \u201cdiezmos\u201d, tanto que <strong>ARNULFO RODR\u00cdGUEZ TREVI\u00d1O<\/strong> \u201cles puso 10\u201d a quienes idearon, se prestaron y ejecutaron las acciones\u2026 Las facturas fueron infladas a raz\u00f3n de 4&#215;1, es decir con sobreprecios por encima del 400 por ciento comercial\u2026 En breve truena el cuete\u2026 \u00a1<strong><em>Calla pes\u00e1o<\/em><\/strong>!<\/p>\n<p>Ser\u00e1 a partir del pr\u00f3ximo a\u00f1o que la Universidad Aut\u00f3noma de Tamaulipas, reforzar\u00e1 el trabajo para ampliar la oferta de posgrados y brindar a la sociedad tamaulipeca programas de mayor pertinencia enfocados en el desarrollo humano, social y econ\u00f3mico, dijo el rector <strong>D\u00c1MASO ANAYA ALVARADO<\/strong>.<\/p>\n<p>En la actualidad, la UAT cuenta con 43 programas reconocidos en el Sistema Nacional de Posgrados (SNP) que atienden a 874 estudiantes, por lo que una de las metas de <strong>D\u00c1MASO ANAYA<\/strong> es intensificar los esfuerzos para actualizar la oferta e incrementar el ingreso de m\u00e1s programas a este organismo nacional que certifica la calidad de especialidades, maestr\u00edas y doctorados.<\/p>\n<p>En otro rubro, se\u00f1al\u00f3 el objetivo de incrementar la publicaci\u00f3n de libros, esto para reforzar el esfuerzo de los docentes mediante la divulgaci\u00f3n del conocimiento generado en su ejercicio acad\u00e9mico y de investigaci\u00f3n.<\/p>\n<p><strong>D\u00c1MASO ANAYA<\/strong> subray\u00f3 que la meta de la Universidad es ofertar posgrados de calidad, pero tambi\u00e9n profesionalizantes, por ello, en 2026 se incrementar\u00e1 el trabajo en maestr\u00edas, doctorados y especialidades, lo que permitir\u00e1 ofrecer opciones de actualizaci\u00f3n a los m\u00e1s de dos mil 800 profesores.<\/p>\n<p><strong>GRACIAS\u2026<\/strong> Nos leemos hasta ma\u00f1ana<\/p>\n<p><strong>COMENTARIOS<\/strong>: <a href=\"mailto:letrasprohibidas2011@hotmail.com\">letrasprohibidas2011@hotmail.com<\/a><\/p>\n","protected":false},"excerpt":{"rendered":"<p>\u201cHaiga sido como haiga sido\u201d, como dijo una vez el expresidente de M\u00e9xico, FELIPE CALDER\u00d3N HINOJOSA, pero la detenci\u00f3n del exgobernador priista de Chihuahua, C\u00c9SAR DUARTE J\u00c1QUEZ, es el primer manotazo en la mesa de la nueva Fiscal General de la Rep\u00fablica, ERNESTINA GODOY RAMOS\u2026 Aunque tenga un fuerte tufo pol\u00edtico dicha acci\u00f3n, porque desde [&hellip;]<\/p>\n","protected":false},"author":1,"featured_media":214894,"comment_status":"closed","ping_status":"closed","sticky":false,"template":"","format":"standard","meta":{"footnotes":""},"categories":[1],"tags":[],"class_list":["post-216043","post","type-post","status-publish","format-standard","has-post-thumbnail","hentry","category-portada"],"_links":{"self":[{"href":"https:\/\/www.elsinodaldetamaulipas.com.mx\/index.php?rest_route=\/wp\/v2\/posts\/216043","targetHints":{"allow":["GET"]}}],"collection":[{"href":"https:\/\/www.elsinodaldetamaulipas.com.mx\/index.php?rest_route=\/wp\/v2\/posts"}],"about":[{"href":"https:\/\/www.elsinodaldetamaulipas.com.mx\/index.php?rest_route=\/wp\/v2\/types\/post"}],"author":[{"embeddable":true,"href":"https:\/\/www.elsinodaldetamaulipas.com.mx\/index.php?rest_route=\/wp\/v2\/users\/1"}],"replies":[{"embeddable":true,"href":"https:\/\/www.elsinodaldetamaulipas.com.mx\/index.php?rest_route=%2Fwp%2Fv2%2Fcomments&post=216043"}],"version-history":[{"count":1,"href":"https:\/\/www.elsinodaldetamaulipas.com.mx\/index.php?rest_route=\/wp\/v2\/posts\/216043\/revisions"}],"predecessor-version":[{"id":216044,"href":"https:\/\/www.elsinodaldetamaulipas.com.mx\/index.php?rest_route=\/wp\/v2\/posts\/216043\/revisions\/216044"}],"wp:featuredmedia":[{"embeddable":true,"href":"https:\/\/www.elsinodaldetamaulipas.com.mx\/index.php?rest_route=\/wp\/v2\/media\/214894"}],"wp:attachment":[{"href":"https:\/\/www.elsinodaldetamaulipas.com.mx\/index.php?rest_route=%2Fwp%2Fv2%2Fmedia&parent=216043"}],"wp:term":[{"taxonomy":"category","embeddable":true,"href":"https:\/\/www.elsinodaldetamaulipas.com.mx\/index.php?rest_route=%2Fwp%2Fv2%2Fcategories&post=216043"},{"taxonomy":"post_tag","embeddable":true,"href":"https:\/\/www.elsinodaldetamaulipas.com.mx\/index.php?rest_route=%2Fwp%2Fv2%2Ftags&post=216043"}],"curies":[{"name":"wp","href":"https:\/\/api.w.org\/{rel}","templated":true}]}}