{"id":216045,"date":"2025-12-09T22:45:48","date_gmt":"2025-12-10T02:45:48","guid":{"rendered":"https:\/\/www.elsinodaldetamaulipas.com.mx\/?p=216045"},"modified":"2025-12-09T22:45:48","modified_gmt":"2025-12-10T02:45:48","slug":"establecen-prision-preventiva-a-presunto-homicida","status":"publish","type":"post","link":"https:\/\/www.elsinodaldetamaulipas.com.mx\/?p=216045","title":{"rendered":"ESTABLECEN PRISI\u00d3N PREVENTIVA A PRESUNTO HOMICIDA"},"content":{"rendered":"<p><em>EL SINODAL DE TAMAULIPAS<\/em><\/p>\n<p><strong>Tampico, Tamaulipas.\u2013<\/strong> La Fiscal\u00eda General de Justicia del Estado de Tamaulipas informa que, el Agente del Ministerio P\u00fablico obtuvo la vinculaci\u00f3n a proceso en contra de Jonathan Fred \u201cG\u201d, por el delito de Homicidio Calificado.<\/p>\n<p>Un Juez de Control emiti\u00f3 la resoluci\u00f3n despu\u00e9s de que el Representante Social presentara datos de prueba que acreditan la probable responsabilidad del imputado en los hechos registrados el 14 de agosto de 2018, en un domicilio ubicado en la colonia Solidaridad, Voluntad y Trabajo, de este municipio. La autoridad judicial, apetici\u00f3n del Ministerio P\u00fablico impuso la medida cautelar de prisi\u00f3n preventiva justificada y estableci\u00f3 un plazo de tres meses para el cierre de la investigaci\u00f3n complementaria.<\/p>\n<p>Con acciones como esta, la Fiscal\u00eda General de Justicia del Estado de Tamaulipas reafirma su compromiso de investigar y llevar ante la justicia a quienes atenten contra la vida, la libertad y la seguridad de las y los tamaulipecos.<\/p>\n<p>&#8212;-<\/p>\n","protected":false},"excerpt":{"rendered":"<p>EL SINODAL DE TAMAULIPAS Tampico, Tamaulipas.\u2013 La Fiscal\u00eda General de Justicia del Estado de Tamaulipas informa que, el Agente del Ministerio P\u00fablico obtuvo la vinculaci\u00f3n a proceso en contra de Jonathan Fred \u201cG\u201d, por el delito de Homicidio Calificado. Un Juez de Control emiti\u00f3 la resoluci\u00f3n despu\u00e9s de que el Representante Social presentara datos de [&hellip;]<\/p>\n","protected":false},"author":1,"featured_media":216046,"comment_status":"closed","ping_status":"closed","sticky":false,"template":"","format":"standard","meta":{"footnotes":""},"categories":[25],"tags":[],"class_list":["post-216045","post","type-post","status-publish","format-standard","has-post-thumbnail","hentry","category-leyyorden"],"_links":{"self":[{"href":"https:\/\/www.elsinodaldetamaulipas.com.mx\/index.php?rest_route=\/wp\/v2\/posts\/216045","targetHints":{"allow":["GET"]}}],"collection":[{"href":"https:\/\/www.elsinodaldetamaulipas.com.mx\/index.php?rest_route=\/wp\/v2\/posts"}],"about":[{"href":"https:\/\/www.elsinodaldetamaulipas.com.mx\/index.php?rest_route=\/wp\/v2\/types\/post"}],"author":[{"embeddable":true,"href":"https:\/\/www.elsinodaldetamaulipas.com.mx\/index.php?rest_route=\/wp\/v2\/users\/1"}],"replies":[{"embeddable":true,"href":"https:\/\/www.elsinodaldetamaulipas.com.mx\/index.php?rest_route=%2Fwp%2Fv2%2Fcomments&post=216045"}],"version-history":[{"count":1,"href":"https:\/\/www.elsinodaldetamaulipas.com.mx\/index.php?rest_route=\/wp\/v2\/posts\/216045\/revisions"}],"predecessor-version":[{"id":216047,"href":"https:\/\/www.elsinodaldetamaulipas.com.mx\/index.php?rest_route=\/wp\/v2\/posts\/216045\/revisions\/216047"}],"wp:featuredmedia":[{"embeddable":true,"href":"https:\/\/www.elsinodaldetamaulipas.com.mx\/index.php?rest_route=\/wp\/v2\/media\/216046"}],"wp:attachment":[{"href":"https:\/\/www.elsinodaldetamaulipas.com.mx\/index.php?rest_route=%2Fwp%2Fv2%2Fmedia&parent=216045"}],"wp:term":[{"taxonomy":"category","embeddable":true,"href":"https:\/\/www.elsinodaldetamaulipas.com.mx\/index.php?rest_route=%2Fwp%2Fv2%2Fcategories&post=216045"},{"taxonomy":"post_tag","embeddable":true,"href":"https:\/\/www.elsinodaldetamaulipas.com.mx\/index.php?rest_route=%2Fwp%2Fv2%2Ftags&post=216045"}],"curies":[{"name":"wp","href":"https:\/\/api.w.org\/{rel}","templated":true}]}}