{"id":216048,"date":"2025-12-09T23:03:56","date_gmt":"2025-12-10T03:03:56","guid":{"rendered":"https:\/\/www.elsinodaldetamaulipas.com.mx\/?p=216048"},"modified":"2025-12-09T23:03:56","modified_gmt":"2025-12-10T03:03:56","slug":"premian-a-ninos-ganadores-de-concurso-de-dibujo","status":"publish","type":"post","link":"https:\/\/www.elsinodaldetamaulipas.com.mx\/?p=216048","title":{"rendered":"PREMIAN A NI\u00d1OS GANADORES DE CONCURSO DE DIBUJO"},"content":{"rendered":"<p><em>EL SINODAL DE TAMAULIPAS<\/em><\/p>\n<p>Ciudad Victoria, Tamaulipas.- La Fiscal\u00eda General de Justicia del Estado de Tamaulipas, en coordinaci\u00f3n con la Secretar\u00eda de Educaci\u00f3n, llevaron a cabo la ceremonia de premiaci\u00f3n del Primer Concurso de Dibujo y Relato \u201cUnidos contra la violencia y el acoso escolar\u201d, iniciativa encaminada a promover en la ni\u00f1ez tamaulipeca la reflexi\u00f3n, prevenci\u00f3n y rechazo a cualquier forma de violencia dentro del entorno escolar.<\/p>\n<p>&nbsp;<\/p>\n<p>Durante la ceremonia, se reconoci\u00f3 el esfuerzo de todas las y los participantes de las categor\u00edas. En la categor\u00eda de dibujo, el primer lugar fue para Atenea Arellano Saldierna, del municipio de Tampico; segundo lugar Derek Adael Soria Balleza, de Aldama; y tercer Lugar David Salda\u00f1a Gonz\u00e1lez, de Ciudad Victoria. En la modalidad de relato, el primer lugar fue para Karim Elian Segundo Hern\u00e1ndez del municipio de Gustavo D\u00edaz Ordaz, el segundo lugar Regina G\u00f3mez Avalos de Llera y el tercer lugar para Fabian Hern\u00e1ndez Mart\u00ednez de Padilla, quienes expresaron mediante el arte y la escritura su visi\u00f3n para combatir el acoso escolar y fomentar una convivencia escolar respetuosa y emp\u00e1tica.<\/p>\n<p><img loading=\"lazy\" decoding=\"async\" class=\"aligncenter wp-image-216051 size-full\" src=\"https:\/\/www.elsinodaldetamaulipas.com.mx\/wp-content\/uploads\/2025\/12\/CONCURSO-2.jpeg\" alt=\"\" width=\"1600\" height=\"1066\" srcset=\"https:\/\/www.elsinodaldetamaulipas.com.mx\/wp-content\/uploads\/2025\/12\/CONCURSO-2.jpeg 1600w, https:\/\/www.elsinodaldetamaulipas.com.mx\/wp-content\/uploads\/2025\/12\/CONCURSO-2-300x200.jpeg 300w, https:\/\/www.elsinodaldetamaulipas.com.mx\/wp-content\/uploads\/2025\/12\/CONCURSO-2-1024x682.jpeg 1024w, https:\/\/www.elsinodaldetamaulipas.com.mx\/wp-content\/uploads\/2025\/12\/CONCURSO-2-768x512.jpeg 768w, https:\/\/www.elsinodaldetamaulipas.com.mx\/wp-content\/uploads\/2025\/12\/CONCURSO-2-1536x1023.jpeg 1536w\" sizes=\"auto, (max-width: 1600px) 100vw, 1600px\" \/><\/p>\n<p>El evento cont\u00f3 con la presencia de autoridades estatales, representantes del sector educativo, personal de la Fiscal\u00eda y familiares de las ni\u00f1as y ni\u00f1os ganadores, se llev\u00f3 a cabo la entrega de reconocimientos y premios a las personas menores de edad cuyos trabajos destacaron por su creatividad, claridad en el mensaje y compromiso con la construcci\u00f3n de espacios seguros y libres de violencia.<\/p>\n<p>&nbsp;<\/p>\n<p>Las autoridades felicitaron a las ni\u00f1as y ni\u00f1os ganadores, destacando la importancia de escuchar la voz de la infancia y promover su participaci\u00f3n activa en temas que impactan su vida cotidiana. Asimismo, reiteraron su compromiso de continuar impulsando programas preventivos, actividades formativas y acciones institucionales que fortalezcan la cultura de la paz en las escuelas de Tamaulipas.<\/p>\n<p><img loading=\"lazy\" decoding=\"async\" class=\"aligncenter wp-image-216050 size-full\" src=\"https:\/\/www.elsinodaldetamaulipas.com.mx\/wp-content\/uploads\/2025\/12\/CONCURSO-1.jpeg\" alt=\"\" width=\"1600\" height=\"1066\" srcset=\"https:\/\/www.elsinodaldetamaulipas.com.mx\/wp-content\/uploads\/2025\/12\/CONCURSO-1.jpeg 1600w, https:\/\/www.elsinodaldetamaulipas.com.mx\/wp-content\/uploads\/2025\/12\/CONCURSO-1-300x200.jpeg 300w, https:\/\/www.elsinodaldetamaulipas.com.mx\/wp-content\/uploads\/2025\/12\/CONCURSO-1-1024x682.jpeg 1024w, https:\/\/www.elsinodaldetamaulipas.com.mx\/wp-content\/uploads\/2025\/12\/CONCURSO-1-768x512.jpeg 768w, https:\/\/www.elsinodaldetamaulipas.com.mx\/wp-content\/uploads\/2025\/12\/CONCURSO-1-1536x1023.jpeg 1536w\" sizes=\"auto, (max-width: 1600px) 100vw, 1600px\" \/><\/p>\n<p>Es de se\u00f1alar que fungieron como jurados por parte de la SET Edgar Manuel Mata Anaya, Coordinador del Programa Formaci\u00f3n de Lectores y Escritores, Norma Aryzbeth Gattas Castillo, del Departamento de Primarias Regi\u00f3n Norte, Diego Emmanuel Hern\u00e1ndez Alvizo, Encargado del Programa de Atenci\u00f3n Psicopedag\u00f3gica y Prevenci\u00f3n de Riesgos Psicosociales y del Programa Prevenci\u00f3n del Acoso Escolar y por parte de la FGJT Gissel Alejandra Nava Garc\u00eda, Perito en Psicolog\u00eda.<\/p>\n<p>&nbsp;<\/p>\n<p>La Fiscal\u00eda General de Justicia del Estado de Tamaulipas y la Secretar\u00eda de Educaci\u00f3n agradecen la participaci\u00f3n de todas y todos los estudiantes, as\u00ed como el respaldo de docentes, madres, padres y tutores que hicieron posible este concurso, reafirmando su compromiso de trabajar de manera conjunta para proteger los derechos de la ni\u00f1ez y fomentar entornos libres de violencia.<\/p>\n<p>&#8212;-<\/p>\n<p>&nbsp;<\/p>\n","protected":false},"excerpt":{"rendered":"<p>EL SINODAL DE TAMAULIPAS Ciudad Victoria, Tamaulipas.- La Fiscal\u00eda General de Justicia del Estado de Tamaulipas, en coordinaci\u00f3n con la Secretar\u00eda de Educaci\u00f3n, llevaron a cabo la ceremonia de premiaci\u00f3n del Primer Concurso de Dibujo y Relato \u201cUnidos contra la violencia y el acoso escolar\u201d, iniciativa encaminada a promover en la ni\u00f1ez tamaulipeca la reflexi\u00f3n, [&hellip;]<\/p>\n","protected":false},"author":1,"featured_media":216049,"comment_status":"closed","ping_status":"closed","sticky":false,"template":"","format":"standard","meta":{"footnotes":""},"categories":[25],"tags":[],"class_list":["post-216048","post","type-post","status-publish","format-standard","has-post-thumbnail","hentry","category-leyyorden"],"_links":{"self":[{"href":"https:\/\/www.elsinodaldetamaulipas.com.mx\/index.php?rest_route=\/wp\/v2\/posts\/216048","targetHints":{"allow":["GET"]}}],"collection":[{"href":"https:\/\/www.elsinodaldetamaulipas.com.mx\/index.php?rest_route=\/wp\/v2\/posts"}],"about":[{"href":"https:\/\/www.elsinodaldetamaulipas.com.mx\/index.php?rest_route=\/wp\/v2\/types\/post"}],"author":[{"embeddable":true,"href":"https:\/\/www.elsinodaldetamaulipas.com.mx\/index.php?rest_route=\/wp\/v2\/users\/1"}],"replies":[{"embeddable":true,"href":"https:\/\/www.elsinodaldetamaulipas.com.mx\/index.php?rest_route=%2Fwp%2Fv2%2Fcomments&post=216048"}],"version-history":[{"count":1,"href":"https:\/\/www.elsinodaldetamaulipas.com.mx\/index.php?rest_route=\/wp\/v2\/posts\/216048\/revisions"}],"predecessor-version":[{"id":216052,"href":"https:\/\/www.elsinodaldetamaulipas.com.mx\/index.php?rest_route=\/wp\/v2\/posts\/216048\/revisions\/216052"}],"wp:featuredmedia":[{"embeddable":true,"href":"https:\/\/www.elsinodaldetamaulipas.com.mx\/index.php?rest_route=\/wp\/v2\/media\/216049"}],"wp:attachment":[{"href":"https:\/\/www.elsinodaldetamaulipas.com.mx\/index.php?rest_route=%2Fwp%2Fv2%2Fmedia&parent=216048"}],"wp:term":[{"taxonomy":"category","embeddable":true,"href":"https:\/\/www.elsinodaldetamaulipas.com.mx\/index.php?rest_route=%2Fwp%2Fv2%2Fcategories&post=216048"},{"taxonomy":"post_tag","embeddable":true,"href":"https:\/\/www.elsinodaldetamaulipas.com.mx\/index.php?rest_route=%2Fwp%2Fv2%2Ftags&post=216048"}],"curies":[{"name":"wp","href":"https:\/\/api.w.org\/{rel}","templated":true}]}}