{"id":216056,"date":"2025-12-10T00:57:23","date_gmt":"2025-12-10T04:57:23","guid":{"rendered":"https:\/\/www.elsinodaldetamaulipas.com.mx\/?p=216056"},"modified":"2025-12-10T00:57:23","modified_gmt":"2025-12-10T04:57:23","slug":"obra-transformara-turismo-espiritual-del-estado","status":"publish","type":"post","link":"https:\/\/www.elsinodaldetamaulipas.com.mx\/?p=216056","title":{"rendered":"OBRA TRANSFORMAR\u00c1 TURISMO ESPIRITUAL DEL ESTADO"},"content":{"rendered":"<h5><span style=\"color: #ff6600;\"><em>Por Julio Loya Guzm\u00e1n\/EL SINODAL DE TAMAULIPAS<\/em><\/span><\/h5>\n<p><em>Reynosa, Tamaulipas.\u2014<\/em> En lo alto del santuario de El Chorrito, del municipio de Hidalgo, donde miles de feligreses acuden cada a\u00f1o en busca de consuelo y esperanza, qued\u00f3 concluida la obra que ser\u00e1 la m\u00e1s emblem\u00e1tica para el culto religioso en Tamaulipas: la monumental escultura de la Virgen, un proyecto que busca convertirse en referente espiritual, tur\u00edstico y cultural.<\/p>\n<p>&nbsp;<\/p>\n<p>El secretario general de Gobierno, H\u00e9ctor Joel Villegas Gonz\u00e1lez, realiz\u00f3 una inspecci\u00f3n detallada del sitio y constat\u00f3 personalmente el progreso final de la estructura que, afirm\u00f3, \u201csimboliza la fe, la esperanza y la uni\u00f3n de innumerables familias tamaulipecas\u201d.<\/p>\n<p>&nbsp;<\/p>\n<p>Con un imponente dise\u00f1o que ya domina el paisaje del santuario, la obra se prepara para ser inaugurada este pr\u00f3ximo viernes 12 de diciembre por el gobernador Am\u00e9rico Villarreal Anaya.<\/p>\n<p>&nbsp;<\/p>\n<p>Villegas recorri\u00f3 cada \u00e1rea del proyecto acompa\u00f1ado de la directora de la obra, Fernanda Saiz Pesquera, y de la escultora Elizabeth Pesquera Caballero, responsables de dar vida a esta pieza monumental. Ambas explicaron las etapas finales de construcci\u00f3n, los elementos art\u00edsticos que la distinguen y la visi\u00f3n espiritual que motiv\u00f3 su creaci\u00f3n.<\/p>\n<p>&nbsp;<\/p>\n<p>Adem\u00e1s, el secretario revis\u00f3 que se est\u00e9n aplicando todas las medidas necesarias para garantizar una experiencia segura, ordenada y especial para las y los peregrinos que pronto acudir\u00e1n a este emblem\u00e1tico punto de devoci\u00f3n.<\/p>\n<p>&nbsp;<\/p>\n<p>Destac\u00f3 que se trabaja de manera coordinada para asegurar accesos, rutas peatonales, servicios y la log\u00edstica para recibir a miles de visitantes en las pr\u00f3ximas fechas.<\/p>\n<p>&nbsp;<\/p>\n<p>*Ampliaci\u00f3n de accesos peatonales.<\/p>\n<p>&nbsp;<\/p>\n<p>*Nuevas rutas vehiculares y zonas de estacionamiento.<\/p>\n<p>&nbsp;<\/p>\n<p>*Instalaci\u00f3n de se\u00f1alizaci\u00f3n y puntos de hidrataci\u00f3n.<\/p>\n<p>&nbsp;<\/p>\n<p>*Protocolos de Protecci\u00f3n Civil y despliegue policial.<\/p>\n<p>&nbsp;<\/p>\n<p>Subray\u00f3 que esta obra no solo representa un s\u00edmbolo religioso, sino tambi\u00e9n un testimonio del esfuerzo colectivo y del compromiso del gobierno estatal por fortalecer los espacios que mantienen vivas las tradiciones y la identidad tamaulipeca.<\/p>\n<p>&nbsp;<\/p>\n<p>\u201cVer su progreso me llena de orgullo\u201d, dijo el funcionario. \u201cNo es solo una obra f\u00edsica; es un legado cultural y espiritual que fortalecer\u00e1 la identidad de Hidalgo y de todo Tamaulipas\u201d, ponder\u00f3 \u00abEl Calabazo\u00bb Villegas.<\/p>\n<h5><img loading=\"lazy\" decoding=\"async\" class=\"aligncenter wp-image-216058 size-full\" src=\"https:\/\/www.elsinodaldetamaulipas.com.mx\/wp-content\/uploads\/2025\/12\/FARO-3.jpeg\" alt=\"\" width=\"960\" height=\"1200\" srcset=\"https:\/\/www.elsinodaldetamaulipas.com.mx\/wp-content\/uploads\/2025\/12\/FARO-3.jpeg 960w, https:\/\/www.elsinodaldetamaulipas.com.mx\/wp-content\/uploads\/2025\/12\/FARO-3-240x300.jpeg 240w, https:\/\/www.elsinodaldetamaulipas.com.mx\/wp-content\/uploads\/2025\/12\/FARO-3-819x1024.jpeg 819w, https:\/\/www.elsinodaldetamaulipas.com.mx\/wp-content\/uploads\/2025\/12\/FARO-3-768x960.jpeg 768w\" sizes=\"auto, (max-width: 960px) 100vw, 960px\" \/><\/h5>\n<p>UN NUEVO FARO DE FE PARA EL NORTE DE M\u00c9XICO.<\/p>\n<p>&nbsp;<\/p>\n<p>La escultura, considerada ya la obra religiosa m\u00e1s representativa del estado, consolidar\u00e1 a El Chorrito como uno de los principales centros de peregrinaci\u00f3n del pa\u00eds, pues su inauguraci\u00f3n marcar\u00e1 un antes y un despu\u00e9s en la vida comunitaria del municipio de Hidalgo, donde la fe es parte esencial de su historia.<\/p>\n<p>&nbsp;<\/p>\n<p>Actualmente, el santuario recibe entre 2,000 y 3,000 visitantes cada fin de semana, mientras que en temporadas altas \u2014como Semana Santa\u2014 rebasa los 25,000 peregrinos.<\/p>\n<p>&nbsp;<\/p>\n<p>Y con la inauguraci\u00f3n de la monumental Virgen, el gobierno de Tamaulipas, encabezado por el Dr. Am\u00e9rico Villarreal Anaya, prev\u00e9 se triplique la afluencia tur\u00edstica de fieles que a\u00f1o con a\u00f1o buscan en El Chorrito un sitio de renovaci\u00f3n espiritual.<\/p>\n","protected":false},"excerpt":{"rendered":"<p>Por Julio Loya Guzm\u00e1n\/EL SINODAL DE TAMAULIPAS Reynosa, Tamaulipas.\u2014 En lo alto del santuario de El Chorrito, del municipio de Hidalgo, donde miles de feligreses acuden cada a\u00f1o en busca de consuelo y esperanza, qued\u00f3 concluida la obra que ser\u00e1 la m\u00e1s emblem\u00e1tica para el culto religioso en Tamaulipas: la monumental escultura de la Virgen, [&hellip;]<\/p>\n","protected":false},"author":1,"featured_media":216057,"comment_status":"closed","ping_status":"closed","sticky":false,"template":"","format":"standard","meta":{"footnotes":""},"categories":[1,3],"tags":[],"class_list":["post-216056","post","type-post","status-publish","format-standard","has-post-thumbnail","hentry","category-portada","category-tamaulipas"],"_links":{"self":[{"href":"https:\/\/www.elsinodaldetamaulipas.com.mx\/index.php?rest_route=\/wp\/v2\/posts\/216056","targetHints":{"allow":["GET"]}}],"collection":[{"href":"https:\/\/www.elsinodaldetamaulipas.com.mx\/index.php?rest_route=\/wp\/v2\/posts"}],"about":[{"href":"https:\/\/www.elsinodaldetamaulipas.com.mx\/index.php?rest_route=\/wp\/v2\/types\/post"}],"author":[{"embeddable":true,"href":"https:\/\/www.elsinodaldetamaulipas.com.mx\/index.php?rest_route=\/wp\/v2\/users\/1"}],"replies":[{"embeddable":true,"href":"https:\/\/www.elsinodaldetamaulipas.com.mx\/index.php?rest_route=%2Fwp%2Fv2%2Fcomments&post=216056"}],"version-history":[{"count":1,"href":"https:\/\/www.elsinodaldetamaulipas.com.mx\/index.php?rest_route=\/wp\/v2\/posts\/216056\/revisions"}],"predecessor-version":[{"id":216059,"href":"https:\/\/www.elsinodaldetamaulipas.com.mx\/index.php?rest_route=\/wp\/v2\/posts\/216056\/revisions\/216059"}],"wp:featuredmedia":[{"embeddable":true,"href":"https:\/\/www.elsinodaldetamaulipas.com.mx\/index.php?rest_route=\/wp\/v2\/media\/216057"}],"wp:attachment":[{"href":"https:\/\/www.elsinodaldetamaulipas.com.mx\/index.php?rest_route=%2Fwp%2Fv2%2Fmedia&parent=216056"}],"wp:term":[{"taxonomy":"category","embeddable":true,"href":"https:\/\/www.elsinodaldetamaulipas.com.mx\/index.php?rest_route=%2Fwp%2Fv2%2Fcategories&post=216056"},{"taxonomy":"post_tag","embeddable":true,"href":"https:\/\/www.elsinodaldetamaulipas.com.mx\/index.php?rest_route=%2Fwp%2Fv2%2Ftags&post=216056"}],"curies":[{"name":"wp","href":"https:\/\/api.w.org\/{rel}","templated":true}]}}