{"id":216068,"date":"2025-12-10T21:09:24","date_gmt":"2025-12-11T01:09:24","guid":{"rendered":"https:\/\/www.elsinodaldetamaulipas.com.mx\/?p=216068"},"modified":"2025-12-10T21:09:24","modified_gmt":"2025-12-11T01:09:24","slug":"no-le-quitan-el-sueno","status":"publish","type":"post","link":"https:\/\/www.elsinodaldetamaulipas.com.mx\/?p=216068","title":{"rendered":"NO LE QUITAN EL SUE\u00d1O"},"content":{"rendered":"<p>TINTA NEGRA<br \/>\nAlfredo Guevara<\/p>\n<p>1.- La construcci\u00f3n de la segunda l\u00ednea del acueducto, de la presa Vicente Guerrero a la Capital del Estado, estar\u00e1 lista para el 2027.<br \/>\nLo confirm\u00f3 la presidenta de M\u00e9xico CLAUDIA SHEINBAUM, en su tradicional conferencia del pueblo, conocida tambi\u00e9n como la ma\u00f1anera presidencial.<br \/>\nDesde luego que esta importante obra, sentar\u00e1 un precedente, por todo lo que implica solucionar un problema de abasto para los usuarios en esta Ciudad por espacio de varias d\u00e9cadas.<br \/>\nLo anterior, tras permanecer en el olvido por administraciones estatales y municipales, no obstante al beneficio social que ello implica, una vez concluida la obra y puesta en operaci\u00f3n. La obra hidr\u00e1ulica, es el resultado de un trabajo coordinado entre los tres niveles de gobierno, es decir, federaci\u00f3n, estado y municipio, fuertemente impulsado por el gobernador AM\u00c9RICO VILLARREAL ANAYA y el alcalde EDUARDO GATT\u00c1S B\u00c1EZ.<br \/>\nEl proyecto para la construcci\u00f3n de la segunda l\u00ednea del acueducto, se actualiz\u00f3 en el 2021, ingres\u00f3 a la Secretar\u00eda de Hacienda y recibi\u00f3 el respaldo del mandatario estatal, quien gestion\u00f3 ante la federaci\u00f3n el recurso, para que la obra se haga en por lo menos tres etapas.<br \/>\nA la fecha, los trabajos de excavaci\u00f3n y tendido de la tuber\u00eda registra un avance en t\u00e9rminos generales de un 30 por ciento.<br \/>\n2.- De abril a la fecha, WALTER JULI\u00c1N \u00c1NGEL JIM\u00c9NEZ no ha defraudado la confianza depositada en \u00e9l por el gobernador VILLARREAL ANAYA.<br \/>\nEl titular de la Secretar\u00eda de Desarrollo Energ\u00e9tico, ha demostrado el perfil id\u00f3neo del servidor p\u00fablico que se requiere en la administraci\u00f3n estatal, aunque eso le ha costado una serie de cr\u00edticas y ataques al resultado de su trabajo, que no le quitan el sue\u00f1o.<br \/>\nWALTER y su equipo de colaboradores, dieron a conocer el Sistema de Informaci\u00f3n Energ\u00e9tica en Tamaulipas, cuyo gasto no represent\u00f3 un servicio adicional, sino un costo natural del ejercicio p\u00fablico profesional.<br \/>\nDemostr\u00f3, que si como funcionarios no pueden hacer o cumplir el objetivo de la dependencia, no sirven y tendr\u00edan que estar contrate y contrate servicios externos y no es el caso, puesto que para ello reciben un salario. La visi\u00f3n del gobernador VILLARREAL ANAYA es esa; no contratar servicios de cosas que puede hacer el personal de la dependencia y, al menos, en Desarrollo Energ\u00e9tico se cumple. Por cierto, en materia de reclasificaci\u00f3n de tarifas de luz, WALTER ya lo logr\u00f3 en 12 municipios de Tamaulipas, coadyuvando a que AM\u00c9RICO cumpla un compromiso que contrajo en campa\u00f1a, cuando fue candidato a gobernador. En fin.<br \/>\nalfredoguevara0@gmail.com<\/p>\n","protected":false},"excerpt":{"rendered":"<p>TINTA NEGRA Alfredo Guevara 1.- La construcci\u00f3n de la segunda l\u00ednea del acueducto, de la presa Vicente Guerrero a la Capital del Estado, estar\u00e1 lista para el 2027. Lo confirm\u00f3 la presidenta de M\u00e9xico CLAUDIA SHEINBAUM, en su tradicional conferencia del pueblo, conocida tambi\u00e9n como la ma\u00f1anera presidencial. Desde luego que esta importante obra, sentar\u00e1 [&hellip;]<\/p>\n","protected":false},"author":1,"featured_media":215700,"comment_status":"closed","ping_status":"closed","sticky":false,"template":"","format":"standard","meta":{"footnotes":""},"categories":[16],"tags":[],"class_list":["post-216068","post","type-post","status-publish","format-standard","has-post-thumbnail","hentry","category-opinion"],"_links":{"self":[{"href":"https:\/\/www.elsinodaldetamaulipas.com.mx\/index.php?rest_route=\/wp\/v2\/posts\/216068","targetHints":{"allow":["GET"]}}],"collection":[{"href":"https:\/\/www.elsinodaldetamaulipas.com.mx\/index.php?rest_route=\/wp\/v2\/posts"}],"about":[{"href":"https:\/\/www.elsinodaldetamaulipas.com.mx\/index.php?rest_route=\/wp\/v2\/types\/post"}],"author":[{"embeddable":true,"href":"https:\/\/www.elsinodaldetamaulipas.com.mx\/index.php?rest_route=\/wp\/v2\/users\/1"}],"replies":[{"embeddable":true,"href":"https:\/\/www.elsinodaldetamaulipas.com.mx\/index.php?rest_route=%2Fwp%2Fv2%2Fcomments&post=216068"}],"version-history":[{"count":1,"href":"https:\/\/www.elsinodaldetamaulipas.com.mx\/index.php?rest_route=\/wp\/v2\/posts\/216068\/revisions"}],"predecessor-version":[{"id":216071,"href":"https:\/\/www.elsinodaldetamaulipas.com.mx\/index.php?rest_route=\/wp\/v2\/posts\/216068\/revisions\/216071"}],"wp:featuredmedia":[{"embeddable":true,"href":"https:\/\/www.elsinodaldetamaulipas.com.mx\/index.php?rest_route=\/wp\/v2\/media\/215700"}],"wp:attachment":[{"href":"https:\/\/www.elsinodaldetamaulipas.com.mx\/index.php?rest_route=%2Fwp%2Fv2%2Fmedia&parent=216068"}],"wp:term":[{"taxonomy":"category","embeddable":true,"href":"https:\/\/www.elsinodaldetamaulipas.com.mx\/index.php?rest_route=%2Fwp%2Fv2%2Fcategories&post=216068"},{"taxonomy":"post_tag","embeddable":true,"href":"https:\/\/www.elsinodaldetamaulipas.com.mx\/index.php?rest_route=%2Fwp%2Fv2%2Ftags&post=216068"}],"curies":[{"name":"wp","href":"https:\/\/api.w.org\/{rel}","templated":true}]}}