{"id":216072,"date":"2025-12-10T21:58:41","date_gmt":"2025-12-11T01:58:41","guid":{"rendered":"https:\/\/www.elsinodaldetamaulipas.com.mx\/?p=216072"},"modified":"2025-12-10T21:58:41","modified_gmt":"2025-12-11T01:58:41","slug":"medios-de-comunicacion-apapachados-por-la-ctm","status":"publish","type":"post","link":"https:\/\/www.elsinodaldetamaulipas.com.mx\/?p=216072","title":{"rendered":"MEDIOS DE COMUNICACI\u00d3N APAPACHADOS POR LA CTM"},"content":{"rendered":"<h5><em><strong>Por Gil Vicente Galindo\/EL SINODAL DE TAMAULIPAS<\/strong><\/em><\/h5>\n<p>Reynosa, Tam.- Dirigentes sindicales de la Federaci\u00f3n de Trabajadores de Reynosa que dirige el licenciado Reynaldo Garza Elizondo, ofrecieron la tradicional posada a periodistas en su edici\u00f3n XXI.<\/p>\n<p>\u201cAnte todo gracias por su asistencia, agradezco a todos los secretarios generales de esta central obrera, de manera particular a Juan Salvador Portillo Mart\u00ednez, Norma Delia Gonz\u00e1lez Salinas y a todos ellos\u201d, coment\u00f3 Reynaldo Garza.<\/p>\n<p>Tambi\u00e9n, el l\u00edder obrero hizo remembranza de los compa\u00f1eros que se han adelantado al camino como Alberto Triana, Ciro Ibarra, Martha Isabel Alvarado, Rosy Garc\u00eda. Juan Manuel Moreno y otros m\u00e1s, a quienes se les brindo un minuto de aplausos.<\/p>\n<p><img loading=\"lazy\" decoding=\"async\" class=\"aligncenter wp-image-216074 size-full\" src=\"https:\/\/www.elsinodaldetamaulipas.com.mx\/wp-content\/uploads\/2025\/12\/CETEMISTAS-2.jpg\" alt=\"\" width=\"894\" height=\"487\" srcset=\"https:\/\/www.elsinodaldetamaulipas.com.mx\/wp-content\/uploads\/2025\/12\/CETEMISTAS-2.jpg 894w, https:\/\/www.elsinodaldetamaulipas.com.mx\/wp-content\/uploads\/2025\/12\/CETEMISTAS-2-300x163.jpg 300w, https:\/\/www.elsinodaldetamaulipas.com.mx\/wp-content\/uploads\/2025\/12\/CETEMISTAS-2-768x418.jpg 768w\" sizes=\"auto, (max-width: 894px) 100vw, 894px\" \/><\/p>\n<p>Luego del suculento almuerzo, se pas\u00f3 como siempre al sorteo de regalos entre los presentes reporteros, camar\u00f3grafos, editores y columnistas a quienes el dirigente cetemista, agradeci\u00f3 el apoyo a las actividades del gremio sindical.<\/p>\n<p>La mayor\u00eda de los asistentes se llevaron un atractivo presente entre pantallas de todos tama\u00f1os, computadoras y electrodom\u00e9sticos que seguramente coadyuvaran en los hogares de los comunicadores.<\/p>\n<p>Al final no pod\u00eda faltar la foto del recuerdo.<\/p>\n<p><img loading=\"lazy\" decoding=\"async\" class=\"aligncenter wp-image-216075 size-full\" src=\"https:\/\/www.elsinodaldetamaulipas.com.mx\/wp-content\/uploads\/2025\/12\/CETEMISTAS-3.jpg\" alt=\"\" width=\"894\" height=\"487\" srcset=\"https:\/\/www.elsinodaldetamaulipas.com.mx\/wp-content\/uploads\/2025\/12\/CETEMISTAS-3.jpg 894w, https:\/\/www.elsinodaldetamaulipas.com.mx\/wp-content\/uploads\/2025\/12\/CETEMISTAS-3-300x163.jpg 300w, https:\/\/www.elsinodaldetamaulipas.com.mx\/wp-content\/uploads\/2025\/12\/CETEMISTAS-3-768x418.jpg 768w\" sizes=\"auto, (max-width: 894px) 100vw, 894px\" \/><\/p>\n","protected":false},"excerpt":{"rendered":"<p>Por Gil Vicente Galindo\/EL SINODAL DE TAMAULIPAS Reynosa, Tam.- Dirigentes sindicales de la Federaci\u00f3n de Trabajadores de Reynosa que dirige el licenciado Reynaldo Garza Elizondo, ofrecieron la tradicional posada a periodistas en su edici\u00f3n XXI. \u201cAnte todo gracias por su asistencia, agradezco a todos los secretarios generales de esta central obrera, de manera particular a [&hellip;]<\/p>\n","protected":false},"author":1,"featured_media":216073,"comment_status":"closed","ping_status":"closed","sticky":false,"template":"","format":"standard","meta":{"footnotes":""},"categories":[1,2],"tags":[],"class_list":["post-216072","post","type-post","status-publish","format-standard","has-post-thumbnail","hentry","category-portada","category-reynosa"],"_links":{"self":[{"href":"https:\/\/www.elsinodaldetamaulipas.com.mx\/index.php?rest_route=\/wp\/v2\/posts\/216072","targetHints":{"allow":["GET"]}}],"collection":[{"href":"https:\/\/www.elsinodaldetamaulipas.com.mx\/index.php?rest_route=\/wp\/v2\/posts"}],"about":[{"href":"https:\/\/www.elsinodaldetamaulipas.com.mx\/index.php?rest_route=\/wp\/v2\/types\/post"}],"author":[{"embeddable":true,"href":"https:\/\/www.elsinodaldetamaulipas.com.mx\/index.php?rest_route=\/wp\/v2\/users\/1"}],"replies":[{"embeddable":true,"href":"https:\/\/www.elsinodaldetamaulipas.com.mx\/index.php?rest_route=%2Fwp%2Fv2%2Fcomments&post=216072"}],"version-history":[{"count":1,"href":"https:\/\/www.elsinodaldetamaulipas.com.mx\/index.php?rest_route=\/wp\/v2\/posts\/216072\/revisions"}],"predecessor-version":[{"id":216076,"href":"https:\/\/www.elsinodaldetamaulipas.com.mx\/index.php?rest_route=\/wp\/v2\/posts\/216072\/revisions\/216076"}],"wp:featuredmedia":[{"embeddable":true,"href":"https:\/\/www.elsinodaldetamaulipas.com.mx\/index.php?rest_route=\/wp\/v2\/media\/216073"}],"wp:attachment":[{"href":"https:\/\/www.elsinodaldetamaulipas.com.mx\/index.php?rest_route=%2Fwp%2Fv2%2Fmedia&parent=216072"}],"wp:term":[{"taxonomy":"category","embeddable":true,"href":"https:\/\/www.elsinodaldetamaulipas.com.mx\/index.php?rest_route=%2Fwp%2Fv2%2Fcategories&post=216072"},{"taxonomy":"post_tag","embeddable":true,"href":"https:\/\/www.elsinodaldetamaulipas.com.mx\/index.php?rest_route=%2Fwp%2Fv2%2Ftags&post=216072"}],"curies":[{"name":"wp","href":"https:\/\/api.w.org\/{rel}","templated":true}]}}