{"id":216084,"date":"2025-12-11T00:23:34","date_gmt":"2025-12-11T04:23:34","guid":{"rendered":"https:\/\/www.elsinodaldetamaulipas.com.mx\/?p=216084"},"modified":"2025-12-11T00:23:34","modified_gmt":"2025-12-11T04:23:34","slug":"uat-entrega-nuevos-profesionistas-a-la-sociedad","status":"publish","type":"post","link":"https:\/\/www.elsinodaldetamaulipas.com.mx\/?p=216084","title":{"rendered":"UAT ENTREGA NUEVOS PROFESIONISTAS A LA SOCIEDAD"},"content":{"rendered":"<h5><em>Por Gil Vicente Galindo\/EL SINODAL DE TAMAULIPAS<\/em><\/h5>\n<p>Reynosa, Tam.- Una nueva generaci\u00f3n del conocimiento egres\u00f3 de la Unidad Acad\u00e9mica Multidisciplinaria Reynosa Aztl\u00e1n de la Universidad Aut\u00f3noma de Tamaulipas, \u201cEnrique Gonz\u00e1lez\u201d, decano de esa instituci\u00f3n.<\/p>\n<p>La ceremonia la encabezo el doctor Ignacio Hern\u00e1ndez Rodr\u00edguez, en su calidad de subsecretario general zona norte de la Universidad Aut\u00f3noma de Tamaulipas a quien le agradecieron todo el apoyo para la formaci\u00f3n integral de los nuevos profesionistas de excelencia.<\/p>\n<p><img loading=\"lazy\" decoding=\"async\" class=\"aligncenter wp-image-216088 size-full\" src=\"https:\/\/www.elsinodaldetamaulipas.com.mx\/wp-content\/uploads\/2025\/12\/gtraduacion-cara-3.jpg\" alt=\"\" width=\"894\" height=\"487\" srcset=\"https:\/\/www.elsinodaldetamaulipas.com.mx\/wp-content\/uploads\/2025\/12\/gtraduacion-cara-3.jpg 894w, https:\/\/www.elsinodaldetamaulipas.com.mx\/wp-content\/uploads\/2025\/12\/gtraduacion-cara-3-300x163.jpg 300w, https:\/\/www.elsinodaldetamaulipas.com.mx\/wp-content\/uploads\/2025\/12\/gtraduacion-cara-3-768x418.jpg 768w\" sizes=\"auto, (max-width: 894px) 100vw, 894px\" \/><\/p>\n<p>La directora de la UAT-Aztl\u00e1n, doctora Cristina Hern\u00e1ndez Aguilar, felicito a los graduandos, as\u00ed como a padres de familia presentes en la emotiva y brillante ceremonia de entrega de cartas pasantes y quema de batas.<\/p>\n<p>Momentos culminantes al pasar uno a uno los flamantes profesionistas por su documento ante la algarab\u00eda de los presentes que asistieron a la emotiva ceremonia celebrada en el gimnasio de la UAT.<\/p>\n<p><img loading=\"lazy\" decoding=\"async\" class=\"aligncenter wp-image-216086 size-full\" src=\"https:\/\/www.elsinodaldetamaulipas.com.mx\/wp-content\/uploads\/2025\/12\/GRADUACION-CARA-2.jpg\" alt=\"\" width=\"894\" height=\"487\" srcset=\"https:\/\/www.elsinodaldetamaulipas.com.mx\/wp-content\/uploads\/2025\/12\/GRADUACION-CARA-2.jpg 894w, https:\/\/www.elsinodaldetamaulipas.com.mx\/wp-content\/uploads\/2025\/12\/GRADUACION-CARA-2-300x163.jpg 300w, https:\/\/www.elsinodaldetamaulipas.com.mx\/wp-content\/uploads\/2025\/12\/GRADUACION-CARA-2-768x418.jpg 768w\" sizes=\"auto, (max-width: 894px) 100vw, 894px\" \/><\/p>\n<p>Con ello se cierra otra etapa de los y las egresadas de las carreras de qu\u00edmicos, haci\u00e9ndoles la invitaci\u00f3n a que sigan actualizando con posgrados en sus respetivos programas, la sociedad mexicana los requiere y la UAT, prepara mejores profesionales, d\u00eda a d\u00eda.<\/p>\n<p>Los orgulloso graduandos agradecieron las ense\u00f1anzas de sus maestros, coordinadores, asesores, tutores y claro, a directivos como el doctor Ignacio Hern\u00e1ndez Rodr\u00edguez como Subsecretario General zona norte y de la directora del plantel, doctora Cristina Hern\u00e1ndez Aguilar.<\/p>\n<p><img loading=\"lazy\" decoding=\"async\" class=\"aligncenter wp-image-216087 size-full\" src=\"https:\/\/www.elsinodaldetamaulipas.com.mx\/wp-content\/uploads\/2025\/12\/GRADUACION-CARA-4.jpg\" alt=\"\" width=\"894\" height=\"487\" srcset=\"https:\/\/www.elsinodaldetamaulipas.com.mx\/wp-content\/uploads\/2025\/12\/GRADUACION-CARA-4.jpg 894w, https:\/\/www.elsinodaldetamaulipas.com.mx\/wp-content\/uploads\/2025\/12\/GRADUACION-CARA-4-300x163.jpg 300w, https:\/\/www.elsinodaldetamaulipas.com.mx\/wp-content\/uploads\/2025\/12\/GRADUACION-CARA-4-768x418.jpg 768w\" sizes=\"auto, (max-width: 894px) 100vw, 894px\" \/><\/p>\n","protected":false},"excerpt":{"rendered":"<p>Por Gil Vicente Galindo\/EL SINODAL DE TAMAULIPAS Reynosa, Tam.- Una nueva generaci\u00f3n del conocimiento egres\u00f3 de la Unidad Acad\u00e9mica Multidisciplinaria Reynosa Aztl\u00e1n de la Universidad Aut\u00f3noma de Tamaulipas, \u201cEnrique Gonz\u00e1lez\u201d, decano de esa instituci\u00f3n. La ceremonia la encabezo el doctor Ignacio Hern\u00e1ndez Rodr\u00edguez, en su calidad de subsecretario general zona norte de la Universidad Aut\u00f3noma [&hellip;]<\/p>\n","protected":false},"author":1,"featured_media":216085,"comment_status":"closed","ping_status":"closed","sticky":false,"template":"","format":"standard","meta":{"footnotes":""},"categories":[1,2],"tags":[],"class_list":["post-216084","post","type-post","status-publish","format-standard","has-post-thumbnail","hentry","category-portada","category-reynosa"],"_links":{"self":[{"href":"https:\/\/www.elsinodaldetamaulipas.com.mx\/index.php?rest_route=\/wp\/v2\/posts\/216084","targetHints":{"allow":["GET"]}}],"collection":[{"href":"https:\/\/www.elsinodaldetamaulipas.com.mx\/index.php?rest_route=\/wp\/v2\/posts"}],"about":[{"href":"https:\/\/www.elsinodaldetamaulipas.com.mx\/index.php?rest_route=\/wp\/v2\/types\/post"}],"author":[{"embeddable":true,"href":"https:\/\/www.elsinodaldetamaulipas.com.mx\/index.php?rest_route=\/wp\/v2\/users\/1"}],"replies":[{"embeddable":true,"href":"https:\/\/www.elsinodaldetamaulipas.com.mx\/index.php?rest_route=%2Fwp%2Fv2%2Fcomments&post=216084"}],"version-history":[{"count":1,"href":"https:\/\/www.elsinodaldetamaulipas.com.mx\/index.php?rest_route=\/wp\/v2\/posts\/216084\/revisions"}],"predecessor-version":[{"id":216089,"href":"https:\/\/www.elsinodaldetamaulipas.com.mx\/index.php?rest_route=\/wp\/v2\/posts\/216084\/revisions\/216089"}],"wp:featuredmedia":[{"embeddable":true,"href":"https:\/\/www.elsinodaldetamaulipas.com.mx\/index.php?rest_route=\/wp\/v2\/media\/216085"}],"wp:attachment":[{"href":"https:\/\/www.elsinodaldetamaulipas.com.mx\/index.php?rest_route=%2Fwp%2Fv2%2Fmedia&parent=216084"}],"wp:term":[{"taxonomy":"category","embeddable":true,"href":"https:\/\/www.elsinodaldetamaulipas.com.mx\/index.php?rest_route=%2Fwp%2Fv2%2Fcategories&post=216084"},{"taxonomy":"post_tag","embeddable":true,"href":"https:\/\/www.elsinodaldetamaulipas.com.mx\/index.php?rest_route=%2Fwp%2Fv2%2Ftags&post=216084"}],"curies":[{"name":"wp","href":"https:\/\/api.w.org\/{rel}","templated":true}]}}