{"id":216125,"date":"2025-12-11T02:13:49","date_gmt":"2025-12-11T06:13:49","guid":{"rendered":"https:\/\/www.elsinodaldetamaulipas.com.mx\/?p=216125"},"modified":"2025-12-11T02:13:49","modified_gmt":"2025-12-11T06:13:49","slug":"claudia-americo-y-gattas","status":"publish","type":"post","link":"https:\/\/www.elsinodaldetamaulipas.com.mx\/?p=216125","title":{"rendered":"CLAUDIA, AM\u00c9RICO Y GATT\u00c1S"},"content":{"rendered":"<p>Quienes pensaban que el tridente de Claudia Sheinbaum Pardo, Am\u00e9rico Villarreal Anaya, y Eduardo Gatt\u00e1s le quedar\u00eda mal a la capital de Tamaulipas otra vez se han equivocado, se lo digo porque result\u00f3 falso el rumor en el sentido de que la segunda l\u00ednea del acueducto a Ciudad Victoria se habr\u00eda suspendido, al contrario, el proyecto se mejora y se terminar\u00e1 de acuerdo a sus tiempos.<\/p>\n<p>Le detallar\u00e9 el tema, pero antes deje le cuento una historia:<\/p>\n<p>Corr\u00eda el a\u00f1o del 2012 y Enrique Pe\u00f1a Nieto hac\u00eda su campa\u00f1a presidencial, en Tampico, si mal no recuerdo, se realiz\u00f3 un evento para firmar compromisos con Tamaulipas, entre todos ellos se contempl\u00f3 la construcci\u00f3n de la segunda l\u00ednea del acueducto de Ciudad Victoria a la presa Vicente Guerrero, por aquellos a\u00f1os ya se proyectaba que una sola tuber\u00eda no ser\u00eda suficiente para dar abasto a los crecientes habitantes de la capital tamaulipeca.<\/p>\n<p>En julio de ese a\u00f1o Pe\u00f1a Nieto gan\u00f3 la elecci\u00f3n de calle, Tamaulipas aport\u00f3 pocos votos, se perdieron muchas posiciones pol\u00edticas y los resultados posteriores ya los conocemos, ni siquiera se puso un popote m\u00e1s al actual acueducto, aunque los que saben del tema dijeron que el entonces gobernador, Egidio Torre Cant\u00fa, constructor por excelencia, sab\u00eda d\u00f3nde hab\u00eda ganancia para su pandilla y prefiri\u00f3 derrochar el dinero en un \u201canillo perif\u00e9rico\u201d, en tuber\u00edas de gran magnitud que rodeaban la ciudad presuntamente en forma estrat\u00e9gica de tal forma que la distribuci\u00f3n ser\u00eda buena, lo que no preve\u00edan es que no llegar\u00eda agua y lo que sigui\u00f3 a\u00fan lo padecemos hasta hoy, de aquel a\u00f1o a la fecha hubo muchos d\u00edas, casi todos, en los que el 70 por ciento de las colonias no contaban con agua potable en sus llaves, los pol\u00edticos alegaban que todo era producto de la sequ\u00eda, pero la realidad fue que un solo acueducto no era suficiente para traer la existente.<\/p>\n<p>Ah\u00ed es donde parece cre\u00edble la versi\u00f3n de que la perversidad, el desd\u00e9n y la ambici\u00f3n del entonces gobernador Egidio Torre hac\u00eda los victorenses fue mucha, y por dos, porque no olvide que el siguiente sexenio que gan\u00f3 su favorito, el del pr\u00f3fugo, este no solo no quiso retomar el tema de la segunda l\u00ednea del acueducto, sino que saqueo la Comapa, o bueno, todos los organismos de agua del Estado, de tal forma que los quebr\u00f3.<\/p>\n<p>Tambi\u00e9n Cabeza N fue ambicioso y le gustaba el dinero de tal forma que en su sexenio se inventaron otra \u201cmega obra\u201d para renovar las tuber\u00edas del primer cuadro de la ciudad, la justificaci\u00f3n de gasto fue multimillonaria aunque a lo lejos ya se observa que solo fue un terrible saqueo, las fugas de agua potable contin\u00faan en los mismos lugares, las fugas de drenaje tampoco se repararon.<\/p>\n<p>El resto de la historia, de odio y perversidad contra Victoria, de saqueo y corrupci\u00f3n en los sexenios consecutivos de Egidio y el pr\u00f3fugo su favorito Cabeza N, se sufre todav\u00eda, han sido casi 15 a\u00f1os en que muchas colonias de Victoria siguen padeciendo de sed, de falta de agua en sus llaves, porque en los sexenios que le mencion\u00f3 no se hizo nunca lo que realmente se necesitaba, la segunda l\u00ednea del acueducto, las malas lenguas dicen que era una obra que no pod\u00edan construir los amigos de los gobernantes o lo alias y, por tanto, no les dejar\u00eda ganancias por lo que se bloque\u00f3 en todo lo posible.<\/p>\n<p>Por ello le dec\u00eda al principio y viene la historia a colaci\u00f3n porque la presidenta Claudia Sheinbaum Pardo ataj\u00f3 rumores en el sentido de que se suspender\u00eda la segunda l\u00ednea del acueducto como lo alientan los secuaces de Cabeza N, la presidenta en su ma\u00f1anera de este mi\u00e9rcoles 10 de diciembre, afirm\u00f3 que se terminar\u00e1 en su momento.<\/p>\n<p>Lo dem\u00e1s todos lo conocemos, es una obra compleja, pero en la misma esta metida la voluntad f\u00e9rrea y las gestiones del gobernador Am\u00e9rico Villarreal Anaya m\u00e1s todo el apoyo de la federaci\u00f3n y la lucha constante de la presidencia municipal de Victoria que est\u00e1 en manos de Eduardo Gatt\u00e1s.<\/p>\n<p>Conclusi\u00f3n, la segunda obra del acueducto va, har\u00e1 historia una vez concluida porque representa la soluci\u00f3n al problema de desabasto de agua en la ciudad.<\/p>\n<p>Y hay que dar los cr\u00e9ditos a quienes lo merecen, quien sac\u00f3 el proyecto el cesto de la basura donde lo ten\u00edan los panistas que nos mal gobernaron, fue Lalo Gatt\u00e1s, siendo el alcalde de Victoria esto en el 2021, luego el gobernador Am\u00e9rico Villarreal, sin la ayuda y gesti\u00f3n del gobernador nada hubiera sido posible como lo reconoce el alcalde, porque quien manda en Tamaulipas hizo posible esa segunda l\u00ednea desde que la tom\u00f3 como bandera ante la presidenta Claudia Sheinbaum que, tambi\u00e9n hay que decirlo, respondi\u00f3 al amor de los tamaulipecos, a su aliado Am\u00e9rico y a la vieja gesti\u00f3n del alcalde, es decir, apoy\u00f3 con todo el dinero de la federaci\u00f3n la creaci\u00f3n de esa segunda l\u00ednea del acueducto.<\/p>\n<p>Hoy la obra, seg\u00fan informaci\u00f3n otorgada por las instancias correspondientes, presenta un avance del 30 por ciento, la coordinaci\u00f3n entre las tres instancias de gobierno es buena porque se privilegia a los victorenses y el trabajo de Claudia, Am\u00e9rico y Gatt\u00e1s en ese tema se prev\u00e9 que d\u00e9 resultados pronto, ya cuando quede concluida la segunda l\u00ednea del acueducto de Ciudad Victoria a la presa Vicente Guerrero a finales del siguiente a\u00f1o o principios del 2027 y eso no solo ser\u00e1 un \u00e9xito de los pol\u00edticos, tambi\u00e9n ser\u00e1 la coronaci\u00f3n al tes\u00f3n del pueblo victorense por echar a patadas a un prianismo que solo nos castig\u00f3 bloqueando una de las obras de vida o muerte para nosotros, porque no olvide que casi nos matan de sed o de Covid en la \u00e9poca de la pandemia que ni un chorrito de agua sal\u00eda de las llaves, un prianismo que nos jodi\u00f3 lo m\u00e1s que pudieron, que solo nos saque\u00f3 todo lo posible\u2026<\/p>\n<p>EVAL\u00daA RECTOR AVANCES DE LA UAT AL CIERRE DEL CICLO ESCOLAR\u2026 El rector de la Universidad Aut\u00f3noma de Tamaulipas (UAT), D\u00e1maso Anaya Alvarado, encabez\u00f3 la 15.\u00aa Reuni\u00f3n del Colegio de Directores, celebrada en la Unidad Acad\u00e9mica Multidisciplinaria Reynosa Rodhe (UAMRR), encuentro que permiti\u00f3 revisar los avances institucionales recientes y trazar nuevas l\u00edneas de desarrollo acad\u00e9mico, cient\u00edfico y administrativo rumbo al pr\u00f3ximo ciclo escolar.<\/p>\n<p>Al dirigir el mensaje de apertura, el rector destac\u00f3 la oportunidad de evaluar, con las y los directores de las facultades, unidades acad\u00e9micas y escuelas preparatorias, los logros alcanzados durante 2025, que permiten avanzar en el crecimiento y la consolidaci\u00f3n de la instituci\u00f3n.<\/p>\n<p>Subray\u00f3 que la UAT concluye un ciclo de trabajo caracterizado por el fortalecimiento de su infraestructura, el impulso a la investigaci\u00f3n, la academia y el cumplimiento de metas institucionales, al tiempo de convocar a continuar con una visi\u00f3n estrat\u00e9gica hacia el 2026.<\/p>\n<p>Como anfitri\u00f3n de la reuni\u00f3n, el director de la UAM Reynosa Rodhe, Jaime Gerardo Malacara Navejar, dio un mensaje de bienvenida y present\u00f3 un balance de los resultados m\u00e1s relevantes de este plantel, destacando la realizaci\u00f3n de estancias acad\u00e9micas internacionales y el desarrollo de proyectos de investigaci\u00f3n de alto impacto en \u00e1reas como la bioqu\u00edmica, las tecnolog\u00edas y los sistemas avanzados de comunicaci\u00f3n.<\/p>\n<p>En su oportunidad, el rector D\u00e1maso Anaya destac\u00f3 su reconocimiento al trabajo de la UAM Reynosa Rodhe, cuyos logros reflejan el compromiso y el esfuerzo de todas las dependencias acad\u00e9micas sumados a las metas institucionales de la UAT.<\/p>\n<p>En este marco, el rector present\u00f3 y felicit\u00f3 a quienes fueron electos como titulares de sus dependencias: Laura Esther Jim\u00e9nez Ferretiz, de la Facultad de Comercio y Administraci\u00f3n Tampico; Mar\u00eda Guadalupe V\u00e1zquez Salazar, de la Facultad de Enfermer\u00eda Victoria; Mart\u00edn Berrones Morales, de la Unidad<\/p>\n<p>Acad\u00e9mica Multidisciplinaria Mante; y Vicente Paul Sald\u00edvar Alonso, electo para un segundo per\u00edodo en la Facultad de Ingenier\u00eda y Ciencias.<\/p>\n<p>Asimismo, dio la bienvenida a los directores interinos Jos\u00e9 Octavio Merino Charrez, de la Facultad de Medicina Veterinaria y Zootecnia, y Dionisio Enrique Mart\u00ednez Salda\u00f1a, de la Facultad de Medicina Matamoros.<\/p>\n<p>Coloque en el buscador de facebok @CENADeNegros1 y le agradecer\u00e9 que me regale un Me Gusta, adem\u00e1s nos puede seguir en la cuenta de X @gatovaliente y, como siempre, le dejo el correo electr\u00f3nico a sus \u00f3rdenes para lo que guste y mande\u2026\u00a0<a href=\"mailto:marcovazquez20001@hotmail.com\" target=\"_blank\" rel=\"noreferrer noopener\">marcovazquez20001@hotmail.com<\/a><\/p>\n","protected":false},"excerpt":{"rendered":"<p>Quienes pensaban que el tridente de Claudia Sheinbaum Pardo, Am\u00e9rico Villarreal Anaya, y Eduardo Gatt\u00e1s le quedar\u00eda mal a la capital de Tamaulipas otra vez se han equivocado, se lo digo porque result\u00f3 falso el rumor en el sentido de que la segunda l\u00ednea del acueducto a Ciudad Victoria se habr\u00eda suspendido, al contrario, el [&hellip;]<\/p>\n","protected":false},"author":1,"featured_media":216126,"comment_status":"closed","ping_status":"closed","sticky":false,"template":"","format":"standard","meta":{"footnotes":""},"categories":[16],"tags":[],"class_list":["post-216125","post","type-post","status-publish","format-standard","has-post-thumbnail","hentry","category-opinion"],"_links":{"self":[{"href":"https:\/\/www.elsinodaldetamaulipas.com.mx\/index.php?rest_route=\/wp\/v2\/posts\/216125","targetHints":{"allow":["GET"]}}],"collection":[{"href":"https:\/\/www.elsinodaldetamaulipas.com.mx\/index.php?rest_route=\/wp\/v2\/posts"}],"about":[{"href":"https:\/\/www.elsinodaldetamaulipas.com.mx\/index.php?rest_route=\/wp\/v2\/types\/post"}],"author":[{"embeddable":true,"href":"https:\/\/www.elsinodaldetamaulipas.com.mx\/index.php?rest_route=\/wp\/v2\/users\/1"}],"replies":[{"embeddable":true,"href":"https:\/\/www.elsinodaldetamaulipas.com.mx\/index.php?rest_route=%2Fwp%2Fv2%2Fcomments&post=216125"}],"version-history":[{"count":1,"href":"https:\/\/www.elsinodaldetamaulipas.com.mx\/index.php?rest_route=\/wp\/v2\/posts\/216125\/revisions"}],"predecessor-version":[{"id":216127,"href":"https:\/\/www.elsinodaldetamaulipas.com.mx\/index.php?rest_route=\/wp\/v2\/posts\/216125\/revisions\/216127"}],"wp:featuredmedia":[{"embeddable":true,"href":"https:\/\/www.elsinodaldetamaulipas.com.mx\/index.php?rest_route=\/wp\/v2\/media\/216126"}],"wp:attachment":[{"href":"https:\/\/www.elsinodaldetamaulipas.com.mx\/index.php?rest_route=%2Fwp%2Fv2%2Fmedia&parent=216125"}],"wp:term":[{"taxonomy":"category","embeddable":true,"href":"https:\/\/www.elsinodaldetamaulipas.com.mx\/index.php?rest_route=%2Fwp%2Fv2%2Fcategories&post=216125"},{"taxonomy":"post_tag","embeddable":true,"href":"https:\/\/www.elsinodaldetamaulipas.com.mx\/index.php?rest_route=%2Fwp%2Fv2%2Ftags&post=216125"}],"curies":[{"name":"wp","href":"https:\/\/api.w.org\/{rel}","templated":true}]}}