{"id":216130,"date":"2025-12-11T02:17:40","date_gmt":"2025-12-11T06:17:40","guid":{"rendered":"https:\/\/www.elsinodaldetamaulipas.com.mx\/?p=216130"},"modified":"2025-12-11T02:17:40","modified_gmt":"2025-12-11T06:17:40","slug":"afirman-presupuesto","status":"publish","type":"post","link":"https:\/\/www.elsinodaldetamaulipas.com.mx\/?p=216130","title":{"rendered":"AFIRMAN PRESUPUESTO"},"content":{"rendered":"<p>GOLPE A GOLPE<\/p>\n<p>Por Juan S\u00e1nchez Mendoza<\/p>\n<p>Para el ejercicio fiscal de 2026 al gobierno de Tamaulipas le ser\u00eda asignado un presupuesto superior a 81 mil millones de pesos.<\/p>\n<p>Esto significar\u00eda un incremento de alrededor del 5%, comparado con el correspondiente al a\u00f1o que est\u00e1 por concluir.<\/p>\n<p>Sin embargo, (el monto estimado) resultar\u00eda insuficiente para cubrir las necesidades estatales de infraestructura, proyectos de desarrollo. e incluso programas asistenciales, si consideramos que el gasto corriente absorber\u00eda entre el 70 y 80 por ciento de los recursos; y que la inflaci\u00f3n anual se prev\u00e9 en cerca de cuatro puntos, seg\u00fan pronostican expertos en econom\u00eda.<\/p>\n<p>Eso obligar\u00eda al gobernador Am\u00e9rico Villarreal Anaya a la reasignaci\u00f3n de recursos, para as\u00ed evitar una crisis que golpee a la entidad.<\/p>\n<p>Los 12 diputados federales que dicen representar al estado ni un dedo movieron para tramitar m\u00e1s recursos para el estado, durante el an\u00e1lisis del Presupuesto de Egresos de la Federaci\u00f3n, aun cuando ocho de ellos dicen ser defensores de la CuatroTe.<\/p>\n<p>\u00bfAcaso por no incomodar a la Presidenta, que es la que decide c\u00f3mo distribuir el PEF, aunque lo haga a trav\u00e9s de la Secretar\u00eda de Hacienda y Cr\u00e9dito P\u00fablico (SHyCP) y de las fracciones legislativas de Movimiento Regeneraci\u00f3n Nacional (morena) y sus aliados?<\/p>\n<p>Incluso, pasando por alto que los estados que m\u00e1s recursos recaudan, como son los casos de la Ciudad de M\u00e9xico y Tamaulipas, fueron tambi\u00e9n los m\u00e1s castigados con la asignaci\u00f3n de recursos federales, en tanto que los que menos aportan resultan beneficiados.<\/p>\n<p>As\u00ed que, a\u00fan con la repartici\u00f3n del pastel federal, Tamaulipas otra vez fue afectado.<\/p>\n<p>Pero, por el contrario, hay una buena noticia, pues el proyecto para generar recursos propios hasta por $12 mil millones \u2013cantidad estimada por la Secretar\u00eda de Finanzas del Gobierno estatal\u2013, no implica aumentar impuestos ni crear grav\u00e1menes nuevos.<\/p>\n<p>Seg\u00fan la SHyCP, el presupuesto para ejercerse en 2026 resultar\u00e1 suficiente para: a) mejorar la calidad de vida de los +\/- 130 millones de mexicanos; b) reducir las desigualdades sociales; c) promover el crecimiento econ\u00f3mico; d) darle seguridad a la poblaci\u00f3n; y, d) generar empleos.<\/p>\n<p>En teor\u00eda ser\u00eda lo correcto. Pero, en la pr\u00e1ctica, se vislumbra que \u00e9sas ofertas no se cumplir\u00e1n, como ning\u00fan otro acuerdo para rescatar a los m\u00e1s jodidos, pues a las 32 entidades federativas (incluida la Ciudad de M\u00e9xico), apenas se les asignar\u00e1n recursos para irla pasando, mientras que al sector energ\u00e9tico se le otorgaran caudales, siendo que durante d\u00e9cadas ha sido y lo es todav\u00eda, un barril sin fondo para el enriquecimiento de funcionarios.<\/p>\n<p>A la mano, conservo copia del proyecto del reparto presupuestal que ya fue aprobado por la C\u00e1mara de Diputados. Y, por supuesto, ah\u00ed se observan claramente los \u2018tijeretazos\u2019, como el aumento sustancial a otras \u00e1reas que no aportan nada y s\u00ed mucho gastan.<\/p>\n<p>En descargo de este \u2018panorama pesimista\u2019, el secretario de Finanzas del gobierno estatal, Carlos Ir\u00e1n Ram\u00edrez Gonz\u00e1lez, luego de entregarle la propuesta del paquete econ\u00f3mico (estatal) 2026 a la Comisi\u00f3n de Finanzas, Planeaci\u00f3n, Presupuesto y Deuda P\u00fablica \u2013presidida por el diputado Isidro Jes\u00fas Vargas Fern\u00e1ndez\u2013, afirm\u00f3 que el Gobierno de Tamaulipas demuestra nuevamente su compromiso con las familias, pues el presupuesto propuesto no solo garantiza estabilidad fiscal, sino que evita la creaci\u00f3n o incremento de impuestos. Un enfoque responsable y solidario que marca una diferencia tangible con gobiernos anteriores.<\/p>\n<p>Con esta su pol\u00edtica econ\u00f3mica, el gobierno refuerza su apuesta por el progreso y el bienestar, porque gracias al manejo ordenado y transparente de las finanzas p\u00fablicas, se han logrado las mejores calificaciones crediticias, consolid\u00e1ndose Tamaulipas como una entidad confiable y atractiva para la inversi\u00f3n.<\/p>\n<p><strong>Acueducto<\/strong><\/p>\n<p>La magna obra de la segunda l\u00ednea de acueducto para Victoria, la capital de Tamaulipas, quedar\u00e1 concluida en el 2027, asegur\u00f3 la presidenta Claudia Sheinbaum Pardo en la Conferencia del Pueblo de este mi\u00e9rcoles.<\/p>\n<p>Esta obra marcar\u00e1 historia por la soluci\u00f3n que dar\u00e1 al problema de abasto en la ciudad, y en la que el alcalde de Victoria, Eduardo Gatt\u00e1s B\u00e1ez, ser\u00e1 incluido por ser qui\u00e9n saco el proyecto del olvido en el que se mantuvo por muchas administraciones municipales y estatales.<\/p>\n<p>La obra hidr\u00e1ulica tambi\u00e9n es reflejo de que cuando el Municipio, el Estado y la Federaci\u00f3n trabajan en equipo se pueden lograr grandes cosas. M\u00e9rito que se atribuye al gobernador Am\u00e9rico Villarreal Anaya por la excelente relaci\u00f3n que mantiene en todas las \u00e1reas del gobierno federal.<\/p>\n<p>C\u00f3mo se recordar\u00e1, en el 2021 el alcalde capitalino actualiz\u00f3 el proyecto y lo ingreso a la Secretar\u00eda de Hacienda y Cr\u00e9dito P\u00fablico, contando con el respaldo del mandatario tamaulipeco para gestionar el recurso necesario para la construcci\u00f3n de la segunda l\u00ednea de acueducto, que a la fecha presenta un avance del 30 por ciento.<\/p>\n<p>Correo:\u00a0<a href=\"mailto:jusam_gg@hotmail.com\" target=\"_blank\" rel=\"noreferrer noopener\">jusam_gg@hotmail.com<\/a><\/p>\n<p>\u2026<\/p>\n","protected":false},"excerpt":{"rendered":"<p>GOLPE A GOLPE Por Juan S\u00e1nchez Mendoza Para el ejercicio fiscal de 2026 al gobierno de Tamaulipas le ser\u00eda asignado un presupuesto superior a 81 mil millones de pesos. Esto significar\u00eda un incremento de alrededor del 5%, comparado con el correspondiente al a\u00f1o que est\u00e1 por concluir. Sin embargo, (el monto estimado) resultar\u00eda insuficiente para [&hellip;]<\/p>\n","protected":false},"author":1,"featured_media":216132,"comment_status":"closed","ping_status":"closed","sticky":false,"template":"","format":"standard","meta":{"footnotes":""},"categories":[16],"tags":[],"class_list":["post-216130","post","type-post","status-publish","format-standard","has-post-thumbnail","hentry","category-opinion"],"_links":{"self":[{"href":"https:\/\/www.elsinodaldetamaulipas.com.mx\/index.php?rest_route=\/wp\/v2\/posts\/216130","targetHints":{"allow":["GET"]}}],"collection":[{"href":"https:\/\/www.elsinodaldetamaulipas.com.mx\/index.php?rest_route=\/wp\/v2\/posts"}],"about":[{"href":"https:\/\/www.elsinodaldetamaulipas.com.mx\/index.php?rest_route=\/wp\/v2\/types\/post"}],"author":[{"embeddable":true,"href":"https:\/\/www.elsinodaldetamaulipas.com.mx\/index.php?rest_route=\/wp\/v2\/users\/1"}],"replies":[{"embeddable":true,"href":"https:\/\/www.elsinodaldetamaulipas.com.mx\/index.php?rest_route=%2Fwp%2Fv2%2Fcomments&post=216130"}],"version-history":[{"count":1,"href":"https:\/\/www.elsinodaldetamaulipas.com.mx\/index.php?rest_route=\/wp\/v2\/posts\/216130\/revisions"}],"predecessor-version":[{"id":216133,"href":"https:\/\/www.elsinodaldetamaulipas.com.mx\/index.php?rest_route=\/wp\/v2\/posts\/216130\/revisions\/216133"}],"wp:featuredmedia":[{"embeddable":true,"href":"https:\/\/www.elsinodaldetamaulipas.com.mx\/index.php?rest_route=\/wp\/v2\/media\/216132"}],"wp:attachment":[{"href":"https:\/\/www.elsinodaldetamaulipas.com.mx\/index.php?rest_route=%2Fwp%2Fv2%2Fmedia&parent=216130"}],"wp:term":[{"taxonomy":"category","embeddable":true,"href":"https:\/\/www.elsinodaldetamaulipas.com.mx\/index.php?rest_route=%2Fwp%2Fv2%2Fcategories&post=216130"},{"taxonomy":"post_tag","embeddable":true,"href":"https:\/\/www.elsinodaldetamaulipas.com.mx\/index.php?rest_route=%2Fwp%2Fv2%2Ftags&post=216130"}],"curies":[{"name":"wp","href":"https:\/\/api.w.org\/{rel}","templated":true}]}}